{"id":991,"date":"2022-04-18T17:41:35","date_gmt":"2022-04-18T15:41:35","guid":{"rendered":"http:\/\/parafiaswjadwigi.pl\/?p=991"},"modified":"2022-04-18T17:42:20","modified_gmt":"2022-04-18T15:42:20","slug":"dzien-dobra-w-niedziele-milosierdzia-bozego-24-04-2022r","status":"publish","type":"post","link":"http:\/\/parafiaswjadwigi.pl\/index.php\/2022\/04\/18\/dzien-dobra-w-niedziele-milosierdzia-bozego-24-04-2022r\/","title":{"rendered":"Dzie\u0144 Dobra w Niedziel\u0119 Mi\u0142osierdzia Bo\u017cego"},"content":{"rendered":"\n<p><span style=\"font-family: Times New Roman, serif; font-size: 20px; color: #000000;\"><span style=\"font-family: Calibri, serif;\">Zapraszamy diecezjan na Dzie\u0144 Dobra w Niedziel\u0119 Mi\u0142osierdzia Bo\u017cego 24 kwietnia 2022 r. organizowany przez Caritas Archidiecezji Katowickiej. W ramach imprezy plenerowej w godz. od 12.00 do 18.00 na placu pod katowickim Spodkiem wyst\u0105pi\u0105 na scenie znani arty\u015bci muzyki chrze\u015bcija\u0144skiej: Magda Anio\u0142, Gabi G\u0105sior &amp; Holy Noiz, Krzysztof Antkowiak, Adama Krylik, Mietek Szcze\u015bniaka oraz zesp\u00f3\u0142 Albo i Nie.&nbsp; O godz. 15.00 b\u0119dzie od\u015bpiewana koronka do Mi\u0142osierdzia Bo\u017cego. Przed scen\u0105 b\u0119dzie utworzone miasteczko Dobra, gdzie mo\u017cna zapozna\u0107 si\u0119 z dzia\u0142aniami naszej diecezjalnej Caritas, zapewniamy atrakcje dla dzieci i zaplecze gastronomiczne. Dzie\u0144 Dobra s\u0142u\u017cy promocji wolontariatu i wsp\u00f3lnemu \u015bwi\u0119towaniu Niedzieli Mi\u0142osierdzia. Szczeg\u00f3\u0142owy plan wydarzenia mo\u017cna znale\u017a\u0107 na naszej stronie&nbsp;<\/span><a style=\"color: #000000;\" href=\"http:\/\/www.katowice.caritas.pl\/\"><span style=\"font-family: Calibri, serif;\">www.katowice.caritas.pl<\/span><\/a><span style=\"font-family: Calibri, serif;\">.<\/span><\/span><\/p>\n<p><span style=\"color: #000000;\">&nbsp;<span style=\"font-family: Times New Roman, serif;\"><span style=\"font-size: medium;\"><span style=\"font-family: Calibri, serif;\">Szcz\u0119\u015b\u0107 Bo\u017ce<br><\/span><\/span><\/span><span style=\"font-family: Times New Roman, serif;\"><span style=\"font-size: medium;\"><span style=\"font-family: Calibri, serif;\"><span style=\"font-size: small;\"><b>Ks. \u0141ukasz Stawarz<br><\/b><\/span><\/span><\/span><\/span><span style=\"font-family: Times New Roman, serif;\"><span style=\"font-size: medium;\"><span style=\"font-family: Calibri, serif;\"><span style=\"font-size: small;\">Dyrektor Caritas<br><\/span><\/span><\/span><\/span><span style=\"font-family: Times New Roman, serif;\"><span style=\"font-size: medium;\"><span style=\"font-family: Calibri, serif;\"><span style=\"font-size: small;\">Archidiecezji Katowickiej<\/span><\/span><\/span><\/span><\/span><\/p>\n<p><span style=\"font-family: Times New Roman, serif; font-size: 20px; color: #000000;\"><span style=\"font-family: Calibri, serif;\">Na zam\u00f3wienie TVP Historia powsta\u0142&nbsp;<\/span><span style=\"font-family: Calibri, serif;\"><b>film \u201eTyle rado\u015bci&#8221;<\/b><\/span><span style=\"font-family: Calibri, serif;\">&nbsp;przedstawiaj\u0105cy \u017cycie i dzia\u0142alno\u015b\u0107&nbsp;<\/span><span style=\"font-family: Calibri, serif;\"><b>bp. Czes\u0142awa Domina<\/b><\/span><span style=\"font-family: Calibri, serif;\">, katowickiego biskupa pomocniczego (w latach 1970-1992), a nast\u0119pnie ordynariusza diecezji koszali\u0144sko-ko\u0142obrzeskiej (w latach 1992-1996).<\/span><\/span><\/p>\n<p><span style=\"font-family: Times New Roman, serif; font-size: 20px; color: #000000;\"><span style=\"font-family: Calibri, serif;\">Autork\u0105 i re\u017cyserk\u0105 dokumentu jest Dagmara Drzazga (znana z filmu&nbsp;<\/span><span style=\"font-family: Calibri, serif;\"><i>\u201e<\/i><\/span><em><span style=\"font-family: Calibri, serif;\">Bez jednego drzewa las lasem zostanie<\/span><\/em><span style=\"font-family: Calibri, serif;\"><i>&#8222;<\/i><\/span><span style=\"font-family: Calibri, serif;\">&nbsp;o b\u0142. ks. Janie Masze), kt\u00f3ra wsp\u00f3lnie z ekip\u0105 filmow\u0105 TVP Katowice przez wiele miesi\u0119cy pod\u0105\u017ca\u0142a \u015bladami pochodz\u0105cego z Micha\u0142kowic bp. Czes\u0142awa &#8211; pe\u0142nego wiary Pasterza, zaanga\u017cowanego w dzia\u0142alno\u015b\u0107 charytatywn\u0105 Ko\u015bcio\u0142a i pomoc najbardziej potrzebuj\u0105cym.<\/span><\/span><\/p>\n<p><span style=\"font-family: Times New Roman, serif; font-size: 20px; color: #000000;\"><span style=\"font-family: Calibri, serif;\">Film \u201eTyle rado\u015bci&#8221; b\u0119dzie mo\u017cna zobaczy\u0107&nbsp;<\/span><span style=\"font-family: Calibri, serif;\"><b>14 kwietnia (Wielki Czwartek) o godz. 20:00 na kanale TVP Historia<\/b><\/span><span style=\"font-family: Calibri, serif;\">, a tak\u017ce&nbsp;<\/span><span style=\"font-family: Calibri, serif;\"><b>18 kwietnia (Poniedzia\u0142ek Wielkanocny) o godz. 19:10 a antenie TVP3 Katowice<\/b><\/span><span style=\"font-family: Calibri, serif;\">.<\/span><\/span><\/p>\n<p><span style=\"color: #2c363a;\">&nbsp;<\/span><\/p>\n","protected":false},"excerpt":{"rendered":"<p>Zapraszamy diecezjan na Dzie\u0144 Dobra w Niedziel\u0119 Mi\u0142osierdzia Bo\u017cego 24 kwietnia 2022 r. organizowany przez Caritas Archidiecezji Katowickiej. W ramach imprezy plenerowej w godz. od 12.00 do 18.00 na placu pod katowickim Spodkiem wyst\u0105pi\u0105 na scenie znani arty\u015bci muzyki chrze\u015bcija\u0144skiej: Magda Anio\u0142, Gabi G\u0105sior &amp; Holy Noiz, Krzysztof Antkowiak, Adama Krylik, Mietek Szcze\u015bniaka oraz zesp\u00f3\u0142 [&hellip;]<\/p>\n","protected":false},"author":1,"featured_media":992,"comment_status":"open","ping_status":"open","sticky":false,"template":"","format":"standard","meta":{"footnotes":""},"categories":[3],"tags":[],"class_list":["post-991","post","type-post","status-publish","format-standard","has-post-thumbnail","hentry","category-informacje"],"_links":{"self":[{"href":"http:\/\/parafiaswjadwigi.pl\/index.php\/wp-json\/wp\/v2\/posts\/991","targetHints":{"allow":["GET"]}}],"collection":[{"href":"http:\/\/parafiaswjadwigi.pl\/index.php\/wp-json\/wp\/v2\/posts"}],"about":[{"href":"http:\/\/parafiaswjadwigi.pl\/index.php\/wp-json\/wp\/v2\/types\/post"}],"author":[{"embeddable":true,"href":"http:\/\/parafiaswjadwigi.pl\/index.php\/wp-json\/wp\/v2\/users\/1"}],"replies":[{"embeddable":true,"href":"http:\/\/parafiaswjadwigi.pl\/index.php\/wp-json\/wp\/v2\/comments?post=991"}],"version-history":[{"count":2,"href":"http:\/\/parafiaswjadwigi.pl\/index.php\/wp-json\/wp\/v2\/posts\/991\/revisions"}],"predecessor-version":[{"id":994,"href":"http:\/\/parafiaswjadwigi.pl\/index.php\/wp-json\/wp\/v2\/posts\/991\/revisions\/994"}],"wp:featuredmedia":[{"embeddable":true,"href":"http:\/\/parafiaswjadwigi.pl\/index.php\/wp-json\/wp\/v2\/media\/992"}],"wp:attachment":[{"href":"http:\/\/parafiaswjadwigi.pl\/index.php\/wp-json\/wp\/v2\/media?parent=991"}],"wp:term":[{"taxonomy":"category","embeddable":true,"href":"http:\/\/parafiaswjadwigi.pl\/index.php\/wp-json\/wp\/v2\/categories?post=991"},{"taxonomy":"post_tag","embeddable":true,"href":"http:\/\/parafiaswjadwigi.pl\/index.php\/wp-json\/wp\/v2\/tags?post=991"}],"curies":[{"name":"wp","href":"https:\/\/api.w.org\/{rel}","templated":true}]}}