{"id":65,"date":"2021-05-06T18:08:27","date_gmt":"2021-05-06T16:08:27","guid":{"rendered":"http:\/\/parafiaswjadwigi.pl\/?p=65"},"modified":"2021-06-06T16:58:46","modified_gmt":"2021-06-06T14:58:46","slug":"slascy-bohaterowie","status":"publish","type":"post","link":"http:\/\/parafiaswjadwigi.pl\/index.php\/2021\/05\/06\/slascy-bohaterowie\/","title":{"rendered":"Film dokumentalny \u015al\u0105scy Bohaterowie"},"content":{"rendered":"\n<p class=\"has-black-color has-text-color\">Film dokumentalny \u201e\u015al\u0105scy bohaterowie&#8221; w re\u017c. Kamila Nies\u0142onego &#8211; Debiut producencki Panteonu G\u00f3rno\u015bl\u0105skiego we wsp\u00f3\u0142pracy z TVP3. Dokument ten jest przypomnieniem kontekstu historycznego i dramatycznych wydarze\u0144 III powstania \u015bl\u0105skiego, uzupe\u0142nionym o relacje cz\u0142onk\u00f3w rodzin powsta\u0144c\u00f3w.<br>Autorom uda\u0142o si\u0119 r\u00f3wnie\u017c odnale\u017a\u0107 archiwalne wypowiedzi uczestnika tamtych wydarze\u0144 oraz przypomnie\u0107 dokumenty zachowane w polskich i niemieckich archiwach.<br>* Premiera odb\u0119dzie si\u0119 w niedziel\u0119 2 maja o godz. 10:00 na antenie TVP3 Katowice. Powt\u00f3rka zaplanowana jest na 4 maja o godz. 17:10 na kanale TVP Historia<br>* W za\u0142\u0105czeniu materia\u0142 promocyjny do wykorzystania w publikacjach internetowych.<br>* Spot \u201eTobie Polsko&#8221; przygotowany przez Kancelari\u0119 Prezydenta RP.<br>* W roli g\u0142\u00f3wnej wyst\u0105pi\u0142 Kawaler Orderu Or\u0142a Bia\u0142ego &#8211; Franciszek Pieczka, syn powsta\u0144ca \u015bl\u0105skiego.<br>* Poni\u017cej linki do produkcji opublikowanej w mediach spo\u0142eczno\u015bciowych:<\/p>\n\n\n\n<p><a href=\"https:\/\/www.youtube.com\/watch?v=j2wKFK1HByQ\">YouTube |<\/a><a href=\"https:\/\/fb.watch\/5bFACGbdxo\/\"> Facebook |<\/a><a href=\"https:\/\/twitter.com\/pl1918\/status\/1388097401047629824?s=21\"> Twitter<\/a><\/p>\n","protected":false},"excerpt":{"rendered":"<p>Film dokumentalny \u201e\u015al\u0105scy bohaterowie&#8221; w re\u017c. Kamila Nies\u0142onego &#8211; Debiut producencki Panteonu G\u00f3rno\u015bl\u0105skiego we wsp\u00f3\u0142pracy z TVP3. Dokument ten jest przypomnieniem kontekstu historycznego i dramatycznych wydarze\u0144 III powstania \u015bl\u0105skiego, uzupe\u0142nionym o relacje cz\u0142onk\u00f3w rodzin powsta\u0144c\u00f3w.Autorom uda\u0142o si\u0119 r\u00f3wnie\u017c odnale\u017a\u0107 archiwalne wypowiedzi uczestnika tamtych wydarze\u0144 oraz przypomnie\u0107 dokumenty zachowane w polskich i niemieckich archiwach.* Premiera odb\u0119dzie [&hellip;]<\/p>\n","protected":false},"author":1,"featured_media":66,"comment_status":"open","ping_status":"open","sticky":false,"template":"","format":"standard","meta":{"footnotes":""},"categories":[3],"tags":[],"class_list":["post-65","post","type-post","status-publish","format-standard","has-post-thumbnail","hentry","category-informacje"],"_links":{"self":[{"href":"http:\/\/parafiaswjadwigi.pl\/index.php\/wp-json\/wp\/v2\/posts\/65","targetHints":{"allow":["GET"]}}],"collection":[{"href":"http:\/\/parafiaswjadwigi.pl\/index.php\/wp-json\/wp\/v2\/posts"}],"about":[{"href":"http:\/\/parafiaswjadwigi.pl\/index.php\/wp-json\/wp\/v2\/types\/post"}],"author":[{"embeddable":true,"href":"http:\/\/parafiaswjadwigi.pl\/index.php\/wp-json\/wp\/v2\/users\/1"}],"replies":[{"embeddable":true,"href":"http:\/\/parafiaswjadwigi.pl\/index.php\/wp-json\/wp\/v2\/comments?post=65"}],"version-history":[{"count":4,"href":"http:\/\/parafiaswjadwigi.pl\/index.php\/wp-json\/wp\/v2\/posts\/65\/revisions"}],"predecessor-version":[{"id":253,"href":"http:\/\/parafiaswjadwigi.pl\/index.php\/wp-json\/wp\/v2\/posts\/65\/revisions\/253"}],"wp:featuredmedia":[{"embeddable":true,"href":"http:\/\/parafiaswjadwigi.pl\/index.php\/wp-json\/wp\/v2\/media\/66"}],"wp:attachment":[{"href":"http:\/\/parafiaswjadwigi.pl\/index.php\/wp-json\/wp\/v2\/media?parent=65"}],"wp:term":[{"taxonomy":"category","embeddable":true,"href":"http:\/\/parafiaswjadwigi.pl\/index.php\/wp-json\/wp\/v2\/categories?post=65"},{"taxonomy":"post_tag","embeddable":true,"href":"http:\/\/parafiaswjadwigi.pl\/index.php\/wp-json\/wp\/v2\/tags?post=65"}],"curies":[{"name":"wp","href":"https:\/\/api.w.org\/{rel}","templated":true}]}}