{"id":489,"date":"2021-10-17T17:35:30","date_gmt":"2021-10-17T15:35:30","guid":{"rendered":"https:\/\/parafiaswjadwigi.pl\/?p=489"},"modified":"2021-10-17T17:38:38","modified_gmt":"2021-10-17T15:38:38","slug":"synod-czyli-nasza-wspolna-droga","status":"publish","type":"post","link":"http:\/\/parafiaswjadwigi.pl\/index.php\/2021\/10\/17\/synod-czyli-nasza-wspolna-droga\/","title":{"rendered":"SYNOD, CZYLI NASZA WSP\u00d3LNA DROGA"},"content":{"rendered":"\n<p class=\"has-black-color has-text-color\"><strong>List pasterski w zwi\u0105zku z XVI Zgromadzeniem Og\u00f3lnym Synodu Biskup\u00f3w<\/strong><\/p>\n\n\n\n<p class=\"has-black-color has-text-color\">Drogie Siostry, drodzy Bracia,<\/p>\n\n\n\n<p class=\"has-black-color has-text-color\">\u201e(\u2026) Syn Cz\u0142owieczy nie przyszed\u0142, aby Mu s\u0142u\u017cono, lecz \u017ceby s\u0142u\u017cy\u0107 i da\u0107 swoje \u017cycie jako okup za wielu\u201d (Mk 10,45). To, us\u0142yszane przed chwil\u0105 zdanie Chrystusa, mo\u017cna potraktowa\u0107 nie tylko jako streszczenie ca\u0142ej dzisiejszej liturgii S\u0142owa, ale w og\u00f3le jako streszczenie Ewangelii. Chrystus przyszed\u0142, aby s\u0142u\u017cy\u0107! Nie mo\u017cemy te\u017c pomin\u0105\u0107 kontekstu, w kt\u00f3rym pad\u0142y te s\u0142owa. Oto Jan i Jakub pr\u00f3buj\u0105 sobie \u201eza\u0142atwi\u0107\u02ee pierwsze miejsca w Kr\u00f3lestwie Bo\u017cym. Inni uczniowie jawnie si\u0119 na to oburzaj\u0105, pewnie dlatego, \u017ce sami chcieliby je dosta\u0107. A Chrystus cierpliwie t\u0142umaczy: przyszed\u0142em nie dla pierwszych miejsc, przyszed\u0142em, aby s\u0142u\u017cy\u0107 i \u201eda\u0107 swoje \u017cycie jako okup za wielu\u201d(Mk 10,45).<\/p>\n\n\n\n<p class=\"has-black-color has-text-color\">T\u0142umaczy to tak\u017ce dzisiaj i nam. T\u0142umaczy to swojemu Ko\u015bcio\u0142owi, kt\u00f3ry powinien \u2013 jak s\u0142yszeli\u015bmy w drugim czytaniu \u2013 trwa\u0107 mocno w wyznawaniu wiary (por. Hbr 4,14) i przez to wyznawanie, tak s\u0142owem, jak i stylem \u017cycia, ukazywa\u0107 \u015bwiatu Chrystusa \u2013 S\u0142ug\u0119. Nie uciekniemy dzi\u015b przed podw\u00f3jnym pytaniem. Najpierw warto zapyta\u0107 samego siebie: czy inni, patrz\u0105c na moje \u017cycie, mog\u0105 zobaczy\u0107 w nim odbicie Chrystusa-S\u0142ugi, czy raczej widz\u0105 tylko kogo\u015b nieustannie zatroskanego o w\u0142asn\u0105 pozycj\u0119 i w\u0142asne sprawy, ci\u0105gle oburzonego na drugich, szczelnie zamkni\u0119tego w swoim mikro\u015bwiecie? I dalej: co mo\u017cna zobaczy\u0107, patrz\u0105c na \u017cycie naszych ko\u015bcielnych wsp\u00f3lnot: Chrystusa pochylonego w s\u0142u\u017cbie najs\u0142abszym, czy zatroskanie o wizerunek instytucji, walk\u0119 o zwyci\u0119stwo takiej czy innej opcji duszpasterskiej, a nawet politycznej?<\/p>\n\n\n\n<p class=\"has-black-color has-text-color\">Napi\u0119cia i spory mi\u0119dzy uczniami Chrystusa nie s\u0105 niczym nowym, co dzisiejsza Ewangelia dobitnie ilustruje. By\u0107 mo\u017ce jednak obecnie s\u0105 one jeszcze bardziej gorsz\u0105ce, bo przecie\u017c misja Chrystusa ju\u017c si\u0119 dope\u0142ni\u0142a. Otrzymali\u015bmy ju\u017c Ducha \u015awi\u0119tego. Jego tchnienie mo\u017ce nas doprowadzi<\/p>\n\n\n\n<p class=\"has-black-color has-text-color\">do wsp\u00f3lnego rozpoznania woli Bo\u017cej. Jak Go s\u0142uchamy? Jak wygl\u0105da w naszych wsp\u00f3lnotach rozmowa o tym, co dzi\u015b Duch Bo\u017cy m\u00f3wi do Ko\u015bcio\u0142a? Na ile potrafimy odwr\u00f3ci\u0107 wzrok od w\u0142asnych spraw i dostrzec drugich, z ich potrzebami i do\u015bwiadczeniami?<\/p>\n\n\n\n<p class=\"has-black-color has-text-color\">Nie powinni\u015bmy ucieka\u0107 od tych pyta\u0144, je\u015bli chcemy, by Ko\u015bci\u00f3\u0142 \u2013 od ma\u0142ych wsp\u00f3lnot wewn\u0105trz parafii, poprzez same parafie i diecezje, a\u017c po jego wymiar powszechny \u2013 pod\u0105\u017ca\u0142 drogami wskazanymi przez Ducha \u015awi\u0119tego. Nim zabierzemy si\u0119 za jakiekolwiek reformy, potrzebny jest nam rachunek sumienia z tego, jak ze sob\u0105 rozmawiamy, jak nawzajem si\u0119 s\u0142uchamy i jak rozeznajemy wol\u0119 Bo\u017c\u0105? Nie tylko w spos\u00f3b osobisty i indywidualny, ale tak\u017ce wsp\u00f3lnotowy.<\/p>\n\n\n\n<p class=\"has-black-color has-text-color\">Tydzie\u0144 temu papie\u017c Franciszek rozpocz\u0105\u0142 uroczy\u015bcie XVI Zgromadzenie Og\u00f3lne Synodu Biskup\u00f3w na temat: \u201eKu Ko\u015bcio\u0142owi synodalnemu: komunia, uczestnictwo, misja\u201d. Synod to narz\u0119dzie, kt\u00f3rym Ko\u015bci\u00f3\u0142 pos\u0142uguje si\u0119 praktycznie od swoich pocz\u0105tk\u00f3w. Aposto\u0142owie zbierali si\u0119 razem, aby podejmowa\u0107 decyzje pod tchnieniem Bo\u017cego Ducha (por. Dz15,1-33). Potem przez wiele wiek\u00f3w nast\u0119pcy Aposto\u0142\u00f3w \u2013 biskupi \u2013gromadzili si\u0119 na synodach, by rozeznawa\u0107, jaka jest wola Bo\u017ca wzgl\u0119dem Ko\u015bcio\u0142a. Przez wieki synody by\u0142y podstawowym sposobem podejmowania ko\u015bcielnych decyzji.<\/p>\n\n\n\n<p class=\"has-black-color has-text-color\">Tym razem papie\u017c Franciszek pragnie, aby w synodalnym do\u015bwiadczeniu uczestniczyli nie tylko biskupi. Do p\u00f3j\u015bcia wsp\u00f3ln\u0105 drog\u0105 rozeznania woli Bo\u017cej zaprasza wszystkich \u2013 bo wszyscy przez chrzest i bierzmowanie otrzymali Ducha \u015awi\u0119tego, a w Eucharystii karmi\u0105 si\u0119 jednym Cia\u0142em \u017byj\u0105cego Pana. W ten spos\u00f3b buduj\u0105 Mistyczne Cia\u0142o Chrystusa, czyli Ko\u015bci\u00f3\u0142, za kt\u00f3ry s\u0105 wsp\u00f3\u0142odpowiedzialni. Samo s\u0142owo \u201esynod\u201d oznacza pod\u0105\u017canie wsp\u00f3ln\u0105 drog\u0105. Synodalne prace potrwaj\u0105 dwa lata. Najpierw b\u0119dzie mia\u0142a miejsce faza diecezjalna, w przysz\u0142ym roku kontynentalna, a wreszcie w 2023 \u2013 powszechna. Jednak papie\u017c Franciszek chce, aby styl wsp\u00f3lnotowego rozeznawania sta\u0142 si\u0119 sta\u0142\u0105 praktyk\u0105 Ko\u015bcio\u0142a.<\/p>\n\n\n\n<p class=\"has-black-color has-text-color\">W czasie synodu mamy przyjrze\u0107 si\u0119 temu, w jaki spos\u00f3b razem, duchowni i \u015bwieccy, budujemy wsp\u00f3lnot\u0119 Ko\u015bcio\u0142a, pocz\u0105wszy od najmniejszej parafii. Czy i jak w Ko\u015bciele ze sob\u0105 rozmawiamy? Jak cz\u0119sto spotykamy si\u0119, by wsp\u00f3lnie szuka\u0107 woli Bo\u017cej, a gdy ju\u017c do takiego spotkania dojdzie, to na ile potrafimy cierpliwie s\u0142ucha\u0107 siebie nawzajem, szanuj\u0105c zdanie drugiego? Ile jest w nas odwagi, \u017ceby wypowiada\u0107 to, co w sercu rozpoznajemy jako mo\u017cliwy g\u0142os Ducha \u015awi\u0119tego? Czy nasze wsp\u00f3lnoty daj\u0105 nam poczucie bezpiecze\u0144stwa, gdy pr\u00f3bujemy wypowiedzie\u0107 sprawy trudne? Papie\u017c proponuje, \u017ceby\u015bmy si\u0119 nad tym zastanowili na r\u00f3\u017cnych poziomach organizacji Ko\u015bcio\u0142a, zar\u00f3wno w nieformalnym gremiach, jak i w ruchach, stowarzyszeniach, parafiach i diecezjach. I jeszcze jedno pytanie, kt\u00f3re Ojciec \u015awi\u0119ty podkre\u015bla szczeg\u00f3lnie: czy z naszej rozmowy o Ko\u015bciele nie wykluczamy tych, kt\u00f3rych g\u0142os \u0142atwo zignorowa\u0107, bo s\u0105 z jakiego\u015b powodu s\u0142absi, zmarginalizowani i mniej obecni w \u201eg\u0142\u00f3wnym nurcie\u201d \u017cycia Ko\u015bcio\u0142a?<\/p>\n\n\n\n<p class=\"has-black-color has-text-color\">Synodalne podej\u015bcie musi zachowywa\u0107 wra\u017cliwo\u015b\u0107 na w\u0142\u0105czenie do rozmowy wszystkich, nie wiadomo bowiem, przez kogo Duch \u015awi\u0119ty zechce przem\u00f3wi\u0107. On \u201ewieje k\u0119dy chce\u201d (por. J 3,8) i kogokolwiek mo\u017ce wybra\u0107 jako swoje narz\u0119dzie. Wykluczenie kogo\u015b ze wsp\u00f3lnotowego rozeznania mo\u017ce wi\u0119c oznacza\u0107 pozbawienie si\u0119 mo\u017cliwo\u015bci rozpoznania woli Bo\u017cej. Synodalne podejmowanie decyzji nie jest \u0142atwe, bo zak\u0142ada, \u017ce g\u0142os Ducha wychodz\u0105cy od jednego cz\u0142onka wsp\u00f3lnoty zostanie potem rozpoznany przez pozosta\u0142ych, w kt\u00f3rych dzia\u0142a przecie\u017c ten sam Duch. Cierpliwo\u015b\u0107 w s\u0142uchaniu i gotowo\u015b\u0107 do nawr\u00f3cenia, czyli nie tylko do zmiany w\u0142asnych przekona\u0144, ale do przemiany serca, s\u0105 w takiej wsp\u00f3lnej drodze nieodzowne. Tym w\u0142a\u015bnie synodalny styl podejmowania decyzji r\u00f3\u017cni si\u0119 zar\u00f3wno od w\u0142adzy absolutnej, gdzie racj\u0119 ma sprawuj\u0105cy w\u0142adz\u0119, jak i od demokracji, gdzie zwyci\u0119\u017ca ten, kto jest w stanie zdoby\u0107 cho\u0107by minimaln\u0105 wi\u0119kszo\u015b\u0107. W Ko\u015bciele racj\u0119 ma Duch \u015awi\u0119ty, a wszystkie ludzkie struktury w\u0142adzy musz\u0105 s\u0142u\u017cy\u0107 temu, by rozpozna\u0107 Jego tchnienie i mu si\u0119 podda\u0107.<\/p>\n\n\n\n<p class=\"has-black-color has-text-color\">Ten idea\u0142 nie jest \u0142atwy do osi\u0105gni\u0119cia. W Ko\u015bciele istniej\u0105 \u2013 tak\u017ce na mocy prawa \u2013 struktury synodalnego rozeznania, jak na przyk\u0142ad parafialne i diecezjalne rady duszpasterskie, rady prezbiter\u00f3w. Niestety nie zawsze i nie wsz\u0119dzie s\u0105 one rzeczywistym do\u015bwiadczeniem wsp\u00f3lnotowej drogi rozeznania \u015bwieckich i duchownych, prze\u0142o\u017conych i podw\u0142adnych. Nie zawsze i nie wsz\u0119dzie w Ko\u015bciele szuka si\u0119 g\u0142os\u00f3w z peryferii. Nie zawsze i nie wsz\u0119dzie wys\u0142uchuje si\u0119 z mi\u0142o\u015bci\u0105 i szacunkiem ludzi zranionych, odrzucanych, ma\u0142o znacz\u0105cych w oczach \u015bwiata. Proponowany przez Papie\u017ca rachunek sumienia z synodalno\u015bci mo\u017ce nam pom\u00f3c w zmierzeniu si\u0119 z tymi problemami. Ale pomo\u017ce tylko wtedy, gdy spr\u00f3bujemy w naszych wsp\u00f3lnotach \u2013 od najmniejszych po najwi\u0119ksze \u2013 szczerze porozmawia\u0107. Tam, gdzie zaufanie zosta\u0142o z jakiego\u015b powodu nadszarpni\u0119te, b\u0119dzie to bardzo trudne. Nie ma jednak lepszego sposobu na odbudow\u0119 zaufania, jak spotkanie, bycie razem, cierpliwy dialog, kt\u00f3remu towarzyszy \u015bwiadomo\u015b\u0107 Bo\u017cej obecno\u015bci.<\/p>\n\n\n\n<p class=\"has-black-color has-text-color\">Realizacja papieskiego zaproszenia do uczestnictwa w synodzie wymaga oczywi\u015bcie tak\u017ce pewnej organizacji. Chodzi bowiem nie tylko o same spotkania i rozmowy we wsp\u00f3lnotach, cho\u0107 ju\u017c one s\u0105 wielk\u0105 warto\u015bci\u0105. Synod ma by\u0107 te\u017c okazj\u0105 do u\u015bwiadomienia sobie, gdzie jeste\u015bmy na drodze budowania synodalnej wra\u017cliwo\u015bci, czyli do wskazania, jakie napotykamy trudno\u015bci, a jakie mamy dobre praktyki i do\u015bwiadczenia? G\u0142osy z synodalnego dialogu we wsp\u00f3lnotach lokalnych trzeba b\u0119dzie zebra\u0107, podsumowa\u0107, przekaza\u0107 dalej. Wkr\u00f3tce zatem parafie powinny otrzyma\u0107 szczeg\u00f3\u0142owe informacje na temat przebiegu diecezjalnego etapu synodu, kt\u00f3ry potrwa kilka najbli\u017cszych miesi\u0119cy.<\/p>\n\n\n\n<p class=\"has-black-color has-text-color\"><a><\/a> Nie trzeba jednak czeka\u0107 na wytyczne organizacyjne, by zacz\u0105\u0107 rozmawia\u0107. Mo\u017cna zacz\u0105\u0107 od wsp\u00f3lnot rodzinnych i dialogu ma\u0142\u017ce\u0144skiego. Mo\u017cna porozmawia\u0107 z s\u0105siadami, czy kole\u017cankami i kolegami z pracy. Mo\u017cna ju\u017c w\u0142\u0105czy\u0107 pytanie o to, jak wsp\u00f3lnie szukamy woli Bo\u017cej, w tematy spotka\u0144 wsp\u00f3lnot parafialnych, zakonnych, diecezjalnych. A przede wszystkim mo\u017cna i trzeba w modlitwie osobistej i wsp\u00f3lnotowej wzywa\u0107 Ducha \u015awi\u0119tego, aby towarzyszy\u0142 swoim tchnieniem wszystkim synodalnym rozmowom. \u017beby podpowiada\u0142, jak w\u0142\u0105cza\u0107 do dialogu tych, kt\u00f3rzy trzymaj\u0105 si\u0119 z boku, albo kt\u00f3rzy zostali zepchni\u0119ci na peryferie naszych wsp\u00f3lnot. \u017beby otwiera\u0142 nam serca na to, co maj\u0105 do powiedzenia inni. \u017beby uczy\u0142 s\u0142uchania cierpliwego, empatycznego, wytrwa\u0142ego oraz m\u00f3wienia pokornego i odwa\u017cnego zarazem. \u017beby umacnia\u0142 Ko\u015bci\u00f3\u0142 w m\u0119\u017cnym wyznawaniu wiary (por. Hbr 4,14), czyli w ukazywaniu \u015bwiatu Chrystusa, kt\u00f3ry \u201enie przyszed\u0142 aby Mu s\u0142u\u017cono, lecz aby s\u0142u\u017cy\u0107 i da\u0107 swoje \u017cycie na okup za wielu\u201d (Mk 10,45).<\/p>\n\n\n\n<p class=\"has-black-color has-text-color\">\u201eStajemy przed Tob\u0105 Duchu \u015awi\u0119ty, zgromadzeni w Twoje Imi\u0119. Poka\u017c nam drog\u0119, kt\u00f3r\u0105 powinni\u015bmy i\u015b\u0107 i naucz jak ni\u0105 pod\u0105\u017ca\u0107\u201d!<\/p>\n\n\n\n<p class=\"has-black-color has-text-color\">Prosimy o Wasze \u017cyczliwe i \u017cywe uczestnictwo w synodzie oraz \u017cyczymy wielu dobrych do\u015bwiadcze\u0144 w czasie synodalnych spotka\u0144.<\/p>\n\n\n\n<p class=\"has-black-color has-text-color\">Na wsp\u00f3ln\u0105 drog\u0119 z serca b\u0142ogos\u0142awimy, w imi\u0119 Ojca, i Syna, i Ducha \u015awi\u0119tego!<\/p>\n\n\n\n<p class=\"has-black-color has-text-color\">Podpisali: Pasterze Ko\u015bcio\u0142a w Polsce<\/p>\n\n\n\n<p class=\"has-black-color has-text-color\">Warszawa, dnia 7 pa\u017adziernika 2021 r.<\/p>\n\n\n\n<p class=\"has-black-color has-text-color\">List do wykorzystania duszpasterskiego w niedziel\u0119 17 pa\u017adziernika 2021 r.<\/p>\n\n\n\n<p class=\"has-black-color has-text-color\">Za zgodno\u015b\u0107:<\/p>\n\n\n\n<p class=\"has-black-color has-text-color\">+ Artur G. Mizi\u0144ski<\/p>\n\n\n\n<p class=\"has-black-color has-text-color\">Sekretarz Generalny KEP<\/p>\n","protected":false},"excerpt":{"rendered":"<p>List pasterski w zwi\u0105zku z XVI Zgromadzeniem Og\u00f3lnym Synodu Biskup\u00f3w Drogie Siostry, drodzy Bracia, \u201e(\u2026) Syn Cz\u0142owieczy nie przyszed\u0142, aby Mu s\u0142u\u017cono, lecz \u017ceby s\u0142u\u017cy\u0107 i da\u0107 swoje \u017cycie jako okup za wielu\u201d (Mk 10,45). To, us\u0142yszane przed chwil\u0105 zdanie Chrystusa, mo\u017cna potraktowa\u0107 nie tylko jako streszczenie ca\u0142ej dzisiejszej liturgii S\u0142owa, ale w og\u00f3le jako [&hellip;]<\/p>\n","protected":false},"author":1,"featured_media":491,"comment_status":"open","ping_status":"open","sticky":false,"template":"","format":"standard","meta":{"footnotes":""},"categories":[3],"tags":[],"class_list":["post-489","post","type-post","status-publish","format-standard","has-post-thumbnail","hentry","category-informacje"],"_links":{"self":[{"href":"http:\/\/parafiaswjadwigi.pl\/index.php\/wp-json\/wp\/v2\/posts\/489","targetHints":{"allow":["GET"]}}],"collection":[{"href":"http:\/\/parafiaswjadwigi.pl\/index.php\/wp-json\/wp\/v2\/posts"}],"about":[{"href":"http:\/\/parafiaswjadwigi.pl\/index.php\/wp-json\/wp\/v2\/types\/post"}],"author":[{"embeddable":true,"href":"http:\/\/parafiaswjadwigi.pl\/index.php\/wp-json\/wp\/v2\/users\/1"}],"replies":[{"embeddable":true,"href":"http:\/\/parafiaswjadwigi.pl\/index.php\/wp-json\/wp\/v2\/comments?post=489"}],"version-history":[{"count":4,"href":"http:\/\/parafiaswjadwigi.pl\/index.php\/wp-json\/wp\/v2\/posts\/489\/revisions"}],"predecessor-version":[{"id":494,"href":"http:\/\/parafiaswjadwigi.pl\/index.php\/wp-json\/wp\/v2\/posts\/489\/revisions\/494"}],"wp:featuredmedia":[{"embeddable":true,"href":"http:\/\/parafiaswjadwigi.pl\/index.php\/wp-json\/wp\/v2\/media\/491"}],"wp:attachment":[{"href":"http:\/\/parafiaswjadwigi.pl\/index.php\/wp-json\/wp\/v2\/media?parent=489"}],"wp:term":[{"taxonomy":"category","embeddable":true,"href":"http:\/\/parafiaswjadwigi.pl\/index.php\/wp-json\/wp\/v2\/categories?post=489"},{"taxonomy":"post_tag","embeddable":true,"href":"http:\/\/parafiaswjadwigi.pl\/index.php\/wp-json\/wp\/v2\/tags?post=489"}],"curies":[{"name":"wp","href":"https:\/\/api.w.org\/{rel}","templated":true}]}}