{"id":421,"date":"2021-09-05T12:37:54","date_gmt":"2021-09-05T10:37:54","guid":{"rendered":"http:\/\/parafiaswjadwigi.pl\/?p=421"},"modified":"2021-09-05T12:37:55","modified_gmt":"2021-09-05T10:37:55","slug":"dzien-solidarnosci-z-afganczykami","status":"publish","type":"post","link":"http:\/\/parafiaswjadwigi.pl\/index.php\/2021\/09\/05\/dzien-solidarnosci-z-afganczykami\/","title":{"rendered":"Dzie\u0144 Solidarno\u015bci z Afga\u0144czykami"},"content":{"rendered":"\n<p class=\"has-medium-font-size\"><a href=\"http:\/\/parafiaswjadwigi.pl\/wp-content\/uploads\/2021\/09\/Apel-przewodniczacego-KEP-ws.-Dnia-Solidarnosci-z-Afganczykami.pdf\">Apel Przewodnicz\u0105cego Konfederacji Episkopatu Polski ws. dnia solidarno\u015bci z Afga\u0144czykami<\/a><\/p>\n","protected":false},"excerpt":{"rendered":"<p>Apel Przewodnicz\u0105cego Konfederacji Episkopatu Polski ws. dnia solidarno\u015bci z Afga\u0144czykami<\/p>\n","protected":false},"author":1,"featured_media":420,"comment_status":"open","ping_status":"open","sticky":false,"template":"","format":"standard","meta":{"footnotes":""},"categories":[3],"tags":[],"class_list":["post-421","post","type-post","status-publish","format-standard","has-post-thumbnail","hentry","category-informacje"],"_links":{"self":[{"href":"http:\/\/parafiaswjadwigi.pl\/index.php\/wp-json\/wp\/v2\/posts\/421","targetHints":{"allow":["GET"]}}],"collection":[{"href":"http:\/\/parafiaswjadwigi.pl\/index.php\/wp-json\/wp\/v2\/posts"}],"about":[{"href":"http:\/\/parafiaswjadwigi.pl\/index.php\/wp-json\/wp\/v2\/types\/post"}],"author":[{"embeddable":true,"href":"http:\/\/parafiaswjadwigi.pl\/index.php\/wp-json\/wp\/v2\/users\/1"}],"replies":[{"embeddable":true,"href":"http:\/\/parafiaswjadwigi.pl\/index.php\/wp-json\/wp\/v2\/comments?post=421"}],"version-history":[{"count":1,"href":"http:\/\/parafiaswjadwigi.pl\/index.php\/wp-json\/wp\/v2\/posts\/421\/revisions"}],"predecessor-version":[{"id":422,"href":"http:\/\/parafiaswjadwigi.pl\/index.php\/wp-json\/wp\/v2\/posts\/421\/revisions\/422"}],"wp:featuredmedia":[{"embeddable":true,"href":"http:\/\/parafiaswjadwigi.pl\/index.php\/wp-json\/wp\/v2\/media\/420"}],"wp:attachment":[{"href":"http:\/\/parafiaswjadwigi.pl\/index.php\/wp-json\/wp\/v2\/media?parent=421"}],"wp:term":[{"taxonomy":"category","embeddable":true,"href":"http:\/\/parafiaswjadwigi.pl\/index.php\/wp-json\/wp\/v2\/categories?post=421"},{"taxonomy":"post_tag","embeddable":true,"href":"http:\/\/parafiaswjadwigi.pl\/index.php\/wp-json\/wp\/v2\/tags?post=421"}],"curies":[{"name":"wp","href":"https:\/\/api.w.org\/{rel}","templated":true}]}}