{"id":4165,"date":"2026-04-26T07:15:52","date_gmt":"2026-04-26T05:15:52","guid":{"rendered":"http:\/\/parafiaswjadwigi.pl\/?p=4165"},"modified":"2026-04-26T07:15:52","modified_gmt":"2026-04-26T05:15:52","slug":"ogloszenia-od-26-04-2026-do-03-05-2026","status":"publish","type":"post","link":"http:\/\/parafiaswjadwigi.pl\/index.php\/2026\/04\/26\/ogloszenia-od-26-04-2026-do-03-05-2026\/","title":{"rendered":"Og\u0142oszenia od 26.04.2026 do 03.05.2026"},"content":{"rendered":"\n\n\n<p style=\"text-align: center;\"><span style=\"font-size: 28px;\"><u><b>PARAFIA RZYMSKOKATOLICKA<\/b><\/u><\/span><\/p>\n<p style=\"text-align: center;\"><span style=\"font-size: 28px;\"><b> \u015aw. Jadwigi \u015al\u0105skiej PSZCZYNA \u2013 STARA WIE\u015a <\/b><\/span><\/p>\n<p style=\"text-align: center;\"><span style=\"color: #ff0000; font-size: 24px;\"> <i><b> IV Niedziela Zmartwychwstania Pa\u0144skiego od 26.04. do 03.05.2026 r.<\/b><\/i><\/span><\/p>\n<p align=\"LEFT\"><span style=\"color: #ff0000; font-size: 20px;\"><span style=\"font-family: Arial, serif;\"><b>IV NIEDZIELA WIELKANOCNA \u2013 26.04.2026 NIEDZIELA DOBREGO PASTERZA<\/b><\/span><\/span><\/p>\n<p align=\"LEFT\"><span style=\"color: #ff0000; font-size: 20px;\"> <span style=\"font-family: Arial, serif;\"><i>7.30 &#8211; Za + Sebastiana Kasza w I rocznic\u0119 \u015bmierci, ++ rodzic\u00f3w i ++ z rodziny Kasza <\/i><\/span><\/span><\/p>\n<p align=\"LEFT\"><span style=\"color: #ff0000; font-size: 20px;\"> <span style=\"font-family: Arial, serif;\"><i>9.30 &#8211; Za + brata J\u00f3zefa Szpek o rado\u015b\u0107 \u017cycia wiecznego \u2013 od si\u00f3str i bratowej z rodzinami<\/i><\/span><\/span><\/p>\n<p align=\"LEFT\"><span style=\"font-family: Arial, serif; font-size: 20px;\"><i><span style=\"color: #ff0000;\">11.00 &#8211; Do Opatrzno\u015bci Bo\u017cej przez wstawiennictwo Matki Bo\u017cej i \u015aw. Jadwigi z podzi\u0119kowaniem za otrzymane \u0142aski, z pro\u015bb\u0105 o dalsze b\u0142ogos\u0142awie\u0144stwo Bo\u017ce i zdrowie w intencji Genowefy Rozmus z okazji 90 rocznicy urodzin<\/span><\/i><\/span><\/p>\n<p align=\"JUSTIFY\"><span style=\"color: #ff0000; font-size: 20px;\"><span style=\"font-family: Arial, serif;\"><b><span style=\"color: #00000a;\">PONIEDZIA\u0141EK \u2013 27.04.2026 <\/span><\/b><\/span><\/span><\/p>\n<p><span style=\"color: #ff0000; font-size: 20px;\"><span style=\"color: #00000a;\"> <span style=\"font-family: Arial, serif;\">7.00 &#8211; Za + J\u00f3zefa Hada\u015b w 30 dzie\u0144 po \u015bmierci<\/span><\/span><\/span><\/p>\n<p align=\"JUSTIFY\"><span style=\"font-family: Arial, serif; font-size: 20px;\"><i> <b>Modlitwy za wstawiennictwem \u015aw. Jana Paw\u0142a II<\/b> <\/i><\/span><\/p>\n<p align=\"JUSTIFY\"><span style=\"font-family: Arial, serif; font-size: 20px;\"><i><b><span style=\"color: #000000;\">WTOREK \u2013 28.04.2026<\/span><\/b><\/i><\/span><\/p>\n<p align=\"JUSTIFY\"><span style=\"color: #000000; font-size: 20px;\"> <span style=\"font-family: Arial, serif;\"><i>7.00 &#8211; Za + Bronis\u0142aw\u0119 Golek, + m\u0119\u017ca, ++ rodzic\u00f3w i rodze\u0144stwa obu stron<\/i><\/span><\/span><\/p>\n<p align=\"JUSTIFY\"><span style=\"font-family: Arial, serif; font-size: 20px;\"><i><b> Modlitwy za wstawiennictwem naszej Patronki \u015aw. Jadwigi \u015al\u0105skiej<\/b><\/i><\/span><\/p>\n<p align=\"JUSTIFY\"><span style=\"font-family: Arial, serif; font-size: 20px;\"><i><b>\u015aRODA \u2013 29.04.2026 \u2013 \u015awi\u0119to \u015aW. KATARZYNY Siene\u0144skiej, dz. i dK., Patronki Europy<\/b><\/i><\/span><\/p>\n<p align=\"JUSTIFY\"><span style=\"font-family: Arial, serif; font-size: 20px;\"><i><span style=\"color: #000000;\">6.30 &#8211; <\/span><span style=\"color: #000000;\"><b>Nowenna do Matki Bo\u017cej Nieustaj\u0105cej Pomocy &#8211; godzinki<\/b><\/span> <\/i><\/span><\/p>\n<p><span style=\"color: #ff0000; font-size: 20px;\"> <span style=\"font-family: Arial, serif;\"><span style=\"color: #000000;\">7.00 &#8211; O powo\u0142ania kap\u0142a\u0144skie i zakonne, do \u017cycia konsekrowanego oraz w intencji Europy<\/span><\/span><\/span><\/p>\n<p align=\"JUSTIFY\"><span style=\"font-family: Arial, serif; font-size: 20px;\"><i><b>CZWARTEK \u2013 30.04.2026 <\/b><\/i><\/span><\/p>\n<p align=\"JUSTIFY\"><span style=\"font-family: Arial, serif; font-size: 20px;\"><i>18.00 &#8211; Za + Helen\u0119 Mo\u0144, m\u0119\u017ca Jana, ++ z rodzin: Mo\u0144 i Du\u017cy<\/i><\/span><\/p>\n<p align=\"JUSTIFY\"><span style=\"font-family: Arial, serif; font-size: 20px;\"><i><b>PI\u0104TEK \u2013 01.05.2026 \u2013 \u015awi\u0119to \u015aW. J\u00d3ZEFA, Rzemie\u015blnika \u2013 I pi\u0105tek<\/b><\/i><\/span><\/p>\n<p align=\"JUSTIFY\"><span style=\"font-family: Arial, serif; font-size: 20px;\"><i>7.00 &#8211; <b>ZA PARAFIAN<\/b><\/i><\/span><\/p>\n<p align=\"JUSTIFY\"><span style=\"font-family: Arial, serif; font-size: 20px;\"><i>18.00 &#8211; <b>Msza \u015aw. szkolna. <\/b>Za + ojca Roberta Kokot w kolejn\u0105 rocznic\u0119 \u015bmierci<\/i><\/span><\/p>\n<p align=\"JUSTIFY\"><span style=\"font-family: Arial, serif; font-size: 20px;\"><i><span style=\"color: #0000ff;\"><b> NABO\u017bE\u0143STWO MAJOWE<\/b><\/span><\/i><\/span><\/p>\n<p align=\"JUSTIFY\"><span style=\"font-family: Arial, serif; font-size: 20px;\"><i><b><span style=\"color: #000000;\">SOBOTA \u2013 02.05.2026 <\/span>\u2013 Uroczysto\u015b\u0107 NMP KR\u00d3LOWEJ POLSKI, g\u0142\u00f3wnej patronki Polski<\/b><\/i><\/span><\/p>\n<p align=\"JUSTIFY\"><span style=\"font-family: Arial, serif; font-size: 20px;\"><i><b>7.00 &#8211; 5 Nabo\u017ce\u0144stwo z 5 pierwszych sob\u00f3t. <\/b><\/i><\/span><\/p>\n<p align=\"JUSTIFY\"><span style=\"font-family: Arial, serif; font-size: 20px;\"><i><b> Modlitwy, R\u00f3\u017caniec i Rozwa\u017cania przed Naj\u015bwi\u0119tszym Sakramentem<\/b><\/i><\/span><\/p>\n<p align=\"JUSTIFY\"><span style=\"font-family: Arial, serif; font-size: 20px;\"><i>8<b>.<\/b>00 &#8211; Msza \u015aw. wynagradzaj\u0105ca za wszelkie zniewagi i blu\u017anierstwa wobec Pana Jezusa i Matki Naj\u015bwi\u0119tszej, ofiarowana tak\u017ce z<span style=\"color: #000000;\">a dusze w czy\u015b\u0107cu cierpi\u0105ce i naszych bliskich zmar\u0142ych zw\u0142aszcza tych, kt\u00f3rzy zako\u0144czyli \u017cycie ziemskie w ci\u0105gu ostatnich dziesi\u0119ciu lat.<\/span><\/i><\/span><\/p>\n<p align=\"JUSTIFY\"><span style=\"font-family: Arial, serif; font-size: 20px;\"><i><span style=\"color: #000000;\">10.00 &#8211; <\/span><b>ZA PARAFIAN<\/b><\/i><\/span><\/p>\n<p align=\"JUSTIFY\"><span style=\"font-family: Arial, serif; font-size: 20px;\"><i><span style=\"color: #0000ff;\"><b> NABO\u017bE\u0143STWO MAJOWE<\/b><\/span><\/i><\/span><\/p>\n<p align=\"JUSTIFY\"><span style=\"font-family: Arial, serif; font-size: 20px;\"><i><span style=\"color: #ff0000;\"><b>16.<\/b><\/span><span style=\"color: #ff0000;\">00 &#8211; <\/span><span style=\"color: #ff0000;\"><b>Msza \u015aw. z wigilii V Niedzieli Wielkanocnej. <\/b><\/span>Za ++ El\u017cbiet\u0119 J\u00f3zefa Bankiel, ++ z pokrewie\u0144stwa<\/i><\/span><\/p>\n<p align=\"JUSTIFY\"><span style=\"font-family: Arial, serif; font-size: 20px;\"><i><b> Roczek dziecka: <\/b>Gabriela Mika<\/i><\/span><\/p>\n<p align=\"LEFT\"><span style=\"color: #ff0000; font-size: 20px;\"><span style=\"font-family: Arial, serif;\"><b>V NIEDZIELA WIELKANOCNA \u2013 03.05.2026 <\/b><\/span><\/span><\/p>\n<p align=\"LEFT\"><span style=\"color: #ff0000; font-size: 20px;\"> <span style=\"font-family: Arial, serif;\"><i>7.30 &#8211; Za + Rozali\u0119 Myszor w XXX rocznic\u0119 \u015bmierci, ++ rodzic\u00f3w J\u00f3zefa i Franciszk\u0119, ++ rodze\u0144stwo: Alojzego, Boles\u0142awa i Felicj\u0119<\/i><\/span><\/span><\/p>\n<p align=\"LEFT\"><span style=\"color: #ff0000; font-size: 20px;\"> <span style=\"font-family: Arial, serif;\"><i>9.30 &#8211; Za + m\u0119\u017ca Henryka P\u0142aweckiego, ++ jego rodzic\u00f3w Walentego i Franciszk\u0119, brata Tadeusza i Stefana S\u0142owik, ++ rodzic\u00f3w Jana i Jadwig\u0119 Pownuk, ++ siostry Boromeuszki: Arnulf\u0119 P\u0142aweck\u0105 i Leontyn\u0119 Bula<\/i><\/span><\/span><\/p>\n<p align=\"LEFT\"><span style=\"font-family: Arial, serif; font-size: 20px;\"><i><span style=\"color: #ff0000;\">11.00 &#8211; Do Opatrzno\u015bci Bo\u017cej przez wstawiennictwo Matki Bo\u017cej i \u015aw. Jadwigi z podzi\u0119kowaniem za otrzymane \u0142aski, z pro\u015bb\u0105 o dalsze b\u0142ogos\u0142awie\u0144stwo Bo\u017ce i zdrowie w intencji Marii i Zbigniewa Niemiec z okazji 75 rocznicy urodzin<\/span><b> <\/b><\/i><\/span><\/p>\n<p align=\"LEFT\"><span style=\"font-family: Arial, serif; font-size: 20px;\"><i><span style=\"color: #ff0000;\">18.00 &#8211; <\/span><span style=\"color: #0000ff;\"><b>NABO\u017bE\u0143STWO MAJOWE przy kapliczce, ko\u0142o stodo\u0142y, przy ulicy Staromiejskiej<\/b><\/span><\/i><\/span><\/p>\n<p style=\"text-align: center;\"><span style=\"font-size: 24px;\"><u><b>PARAFIA RZYMSKOKATOLICKA<\/b><\/u><\/span><\/p>\n<p style=\"text-align: center;\"><span style=\"font-size: 24px;\"><b>\u015aw. Jadwigi<\/b> <b>\u015al. <\/b><i><b> <\/b><\/i><b>PSZCZYNA- STARA WIE\u015a<\/b><i><b> <\/b><\/i><b> <\/b><\/span><\/p>\n<p style=\"text-align: center;\"><span style=\"font-size: 24px;\"><b>Strona Internetowa Parafii: <\/b><span style=\"color: #ff0000;\"><b>www.parafiaswjadwigi.pl<\/b><\/span><b> <\/b><\/span><\/p>\n<p style=\"text-align: center;\"><span style=\"font-size: 24px;\"><span style=\"color: #000000;\"><i><u><b>Konto Parafii:<\/b><\/u><\/i><\/span> <span style=\"color: #000000;\"><b>z dopiskiem na cele kultu religijnego<\/b><\/span><\/span><\/p>\n<p style=\"text-align: center;\"><span style=\"font-size: 24px;\"><b>Bank Pekao S.A. 79 1240 1330 1111 0010 9381 2556<\/b><\/span><\/p>\n<p align=\"CENTER\"><span style=\"color: #ff0000; font-size: 20px;\"><span style=\"font-family: Arial, serif;\"><b>OG\u0141OSZENIA DUSZPASTERSKIE<\/b><\/span><\/span><\/p>\n<p align=\"CENTER\"><span style=\"color: #ff0000; font-size: 20px;\"><span style=\"font-family: Arial, serif;\"><b>IV NIEDZIELA WIELKANOCNA \u2013 26.04.2026<\/b><\/span><\/span><\/p>\n<p align=\"CENTER\"><span style=\"color: #00ff00; font-size: 20px;\"><span style=\"color: #ff0000;\">\u201e<span style=\"font-family: Arial, serif;\"><i><b>JA PRZYSZED\u0141EM PO TO, ABY OWCE MIA\u0141Y \u017bYCIE I MIA\u0141Y JE W OBFITO\u015aCI \u2026 \u201d.<\/b><\/i><\/span><\/span><\/span><\/p>\n<p><span style=\"font-size: 20px;\"><span style=\"color: #ff0000;\"><span style=\"font-family: Arial, serif;\"><i><b> Ko\u015bci\u00f3\u0142 uwielbia dzi\u015b Chrystusa \u2013 Dobrego Pasterza. S\u0142owo Bo\u017ce ukazuje Go jako bram\u0119 owczarni, przez kt\u00f3r\u0105 wchodzi si\u0119 do wiecznego szcz\u0119\u015bcia. \u201eJe\u017celi kto\u015b wejdzie przeze Mnie, b\u0119dzie zbawiony&#8221; \u2013 zapewnia Jezus. On zna ka\u017cdego z nas po imieniu i wiedzie \u201epo w\u0142a\u015bciwych \u015bcie\u017ckach&#8221;, oczekuj\u0105c od nas tylko zaufania. W tym dniu modlimy si\u0119 o nowe powo\u0142ania do s\u0142u\u017cby Bo\u017cej. Niech nie zabraknie tych, kt\u00f3rzy wpatrzeni w Dobrego Pasterza zatroszcz\u0105 si\u0119 o Jego owczarni\u0119.<\/b><\/i><\/span><\/span><\/span><\/p>\n<p align=\"JUSTIFY\"><span style=\"color: #000000; font-size: 20px;\"><span style=\"font-family: Arial, serif;\">Dzi\u015b Niedziela Dobrego Pasterza \u2013 to szczeg\u00f3lny dzie\u0144 modlitw za powo\u0142anych i o nowe powo\u0142ania kap\u0142a\u0144skie, zakonne i misyjne. <\/span><\/span><\/p>\n<p align=\"JUSTIFY\"><span style=\"font-family: Arial, serif; font-size: 20px;\"><i>Dzisiejsza kolekta <span style=\"color: #000000;\">przeznaczona jest <\/span>na zap\u0142at\u0119 rachunk\u00f3w za gazowe ogrzewanie ko\u015bcio\u0142a i pozosta\u0142ych budynk\u00f3w. Przed ko\u015bcio\u0142em b\u0119d\u0105 zbierane ofiary na kwiaty i sprz\u0105tanie naszej \u015bwi\u0105tyni. B\u00f3g zap\u0142a\u0107 za ka\u017cd\u0105 ofiar\u0119.<\/i><\/span><\/p>\n<p align=\"JUSTIFY\"><span style=\"color: #000000; font-size: 20px;\"><span style=\"font-family: Arial, serif;\">W \u015brod\u0119 przypada wspomnienie \u015aw. Katarzyny Siene\u0144skiej, dziewicy i doktora Ko\u015bcio\u0142a, patronki Europy.<\/span><\/span><\/p>\n<p align=\"JUSTIFY\"><span style=\"color: #000000; font-size: 20px;\"><span style=\"font-family: Arial, serif;\">W tym tygodniu obchodzimy: I pi\u0105tek i I sobota miesi\u0105ca. <\/span><\/span><\/p>\n<p align=\"JUSTIFY\"><span style=\"color: #000000; font-size: 20px;\"><span style=\"font-family: Arial, serif;\">W I pi\u0105tek miesi\u0105ca przypada \u015bwi\u0119to \u015aw. J\u00f3zefa, Rzemie\u015blnika i rozpoczynamy miesi\u0105c Maryjny \u2013 Maj. Od godz. 9.00 odb\u0119d\u0105 si\u0119 odwiedziny chorych i starszych parafian z pos\u0142ug\u0105 sakramentaln\u0105. Zg\u0142oszenia w zakrystii. O godzinie 17.00 Adoracja Naj\u015bwi\u0119tszego Sakramentu i Spowied\u017a \u015aw. dla dzieci. O 18.00 Msza \u015aw. szkolna.<\/span><\/span><\/p>\n<p align=\"JUSTIFY\"><span style=\"color: #000000; font-size: 20px;\"><span style=\"font-family: Arial, serif;\">W I sobot\u0119 miesi\u0105ca obchodzimy Uroczysto\u015b\u0107 Naj\u015bwi\u0119tszej Maryi Panny, Kr\u00f3lowej Polski, przeniesion\u0105 z najbli\u017cszej niedzieli. Wychodz\u0105c naprzeciw potrzebom naszych czas\u00f3w, o godzinie 7.00 b\u0119dzie pi\u0105te nabo\u017ce\u0144stwo 5 pierwszych sob\u00f3t. Wo\u0142anie objawie\u0144 w Fatimie rozbrzmiewa wci\u0105\u017c w Ko\u015bciele i jest ono zakorzenione g\u0142\u0119boko w Ewangelii, jak podkre\u015bla\u0142 \u015bw. Jan Pawe\u0142 II. B\u0119dzie modlitwa r\u00f3\u017ca\u0144cowa przed Naj\u015bwi\u0119tszym Sakramentem, b\u0119d\u0105 i rozwa\u017cania. Po nabo\u017ce\u0144stwie o godzinie 8.00 b\u0119dzie Msza \u015aw. wynagradzaj\u0105ce za wszelkie zniewagi i blu\u017anierstwa wobec Pana Jezusa i Matki Naj\u015bwi\u0119tszej ofiarowana tak\u017ce za dusze w czy\u015b\u0107cu i naszych bliskich zmar\u0142ych zw\u0142aszcza z ostatnich 10 lat. O godzinie 10.00 b\u0119dzie Msza \u015aw. Za Parafian i po niej Nabo\u017ce\u0144stwo Majowe. Kolekta w tym dniu przeznaczona b\u0119dzie na zap\u0142acenie rachunk\u00f3w za energi\u0119 elektryczn\u0105. O godzinie 16.00 b\u0119dzie Msza \u015aw. z wigilii V Niedzieli Wielkanocnej.<\/span><\/span><\/p>\n<p align=\"JUSTIFY\"><span style=\"color: #000000; font-size: 20px;\"><span style=\"font-family: Arial, serif;\">W przysz\u0142\u0105 niedziel\u0119 kolekta przeznaczona b\u0119dzie na remonty wn\u0119trza naszego ko\u015bcio\u0142a \/na nowe wieczne lampki w prezbiterium\/. Przed ko\u015bcio\u0142em zesp\u00f3\u0142 charytatywny b\u0119dzie zbiera\u0142 ofiary na pomoc Syrii i Ukrainie. Nabo\u017ce\u0144stwo Majowe o godzinie 18.00 b\u0119dzie przy kapliczce, ko\u0142o stodo\u0142y, przy ulicy Staromiejskiej.<\/span><\/span><\/p>\n<p align=\"JUSTIFY\"><span style=\"color: #000000; font-size: 20px;\"><span style=\"font-family: Arial, serif;\"><b>Zach\u0119cam do czytania prasy katolickiej, a zw\u0142aszcza Go\u015bcia Niedzielnego, <\/b>w kt\u00f3rym m.in.: o Weronice Krawczyk, u\u0142askawionej przez prezydenta odwa\u017cnej matce, kt\u00f3rej grozi\u0142o wi\u0119zienie za to, \u017ce ostrzeg\u0142a inn\u0105 kobiet\u0119 przed z\u0142ym lekarzem; a tak\u017ce dlaczego ka\u017cdy ksi\u0105dz musi by\u0107 odwa\u017cny wobec wilk\u00f3w, gotowy na cierpienie i dlaczego nie mo\u017ce dawa\u0107 wiernym fa\u0142szywego pokoju; oraz o zmar\u0142ym niedawno Jacku Magierze, odnosz\u0105cym sukcesy trenerze pi\u0142karskim, dobrym cz\u0142owieku, kt\u00f3ry pok\u0142ada\u0142 nadziej\u0119 w Bogu.<\/span><\/span><\/p>\n","protected":false},"excerpt":{"rendered":"<p>PARAFIA RZYMSKOKATOLICKA \u015aw. Jadwigi \u015al\u0105skiej PSZCZYNA \u2013 STARA WIE\u015a IV Niedziela Zmartwychwstania Pa\u0144skiego od 26.04. do 03.05.2026 r. IV NIEDZIELA WIELKANOCNA \u2013 26.04.2026 NIEDZIELA DOBREGO PASTERZA 7.30 &#8211; Za + Sebastiana Kasza w I rocznic\u0119 \u015bmierci, ++ rodzic\u00f3w i ++ z rodziny Kasza 9.30 &#8211; Za + brata J\u00f3zefa Szpek o rado\u015b\u0107 \u017cycia wiecznego \u2013 [&hellip;]<\/p>\n","protected":false},"author":1,"featured_media":3994,"comment_status":"closed","ping_status":"","sticky":false,"template":"","format":"standard","meta":{"footnotes":""},"categories":[5,6],"tags":[],"class_list":["post-4165","post","type-post","status-publish","format-standard","has-post-thumbnail","hentry","category-banery","category-ogloszenia"],"_links":{"self":[{"href":"http:\/\/parafiaswjadwigi.pl\/index.php\/wp-json\/wp\/v2\/posts\/4165","targetHints":{"allow":["GET"]}}],"collection":[{"href":"http:\/\/parafiaswjadwigi.pl\/index.php\/wp-json\/wp\/v2\/posts"}],"about":[{"href":"http:\/\/parafiaswjadwigi.pl\/index.php\/wp-json\/wp\/v2\/types\/post"}],"author":[{"embeddable":true,"href":"http:\/\/parafiaswjadwigi.pl\/index.php\/wp-json\/wp\/v2\/users\/1"}],"replies":[{"embeddable":true,"href":"http:\/\/parafiaswjadwigi.pl\/index.php\/wp-json\/wp\/v2\/comments?post=4165"}],"version-history":[{"count":1,"href":"http:\/\/parafiaswjadwigi.pl\/index.php\/wp-json\/wp\/v2\/posts\/4165\/revisions"}],"predecessor-version":[{"id":4166,"href":"http:\/\/parafiaswjadwigi.pl\/index.php\/wp-json\/wp\/v2\/posts\/4165\/revisions\/4166"}],"wp:featuredmedia":[{"embeddable":true,"href":"http:\/\/parafiaswjadwigi.pl\/index.php\/wp-json\/wp\/v2\/media\/3994"}],"wp:attachment":[{"href":"http:\/\/parafiaswjadwigi.pl\/index.php\/wp-json\/wp\/v2\/media?parent=4165"}],"wp:term":[{"taxonomy":"category","embeddable":true,"href":"http:\/\/parafiaswjadwigi.pl\/index.php\/wp-json\/wp\/v2\/categories?post=4165"},{"taxonomy":"post_tag","embeddable":true,"href":"http:\/\/parafiaswjadwigi.pl\/index.php\/wp-json\/wp\/v2\/tags?post=4165"}],"curies":[{"name":"wp","href":"https:\/\/api.w.org\/{rel}","templated":true}]}}