{"id":3912,"date":"2025-11-21T20:18:59","date_gmt":"2025-11-21T19:18:59","guid":{"rendered":"http:\/\/parafiaswjadwigi.pl\/?p=3912"},"modified":"2025-11-21T20:19:32","modified_gmt":"2025-11-21T19:19:32","slug":"msza-swieta-z-okazji-sw-tarsycjusza-swieto-ministrantow-galeria","status":"publish","type":"post","link":"http:\/\/parafiaswjadwigi.pl\/index.php\/2025\/11\/21\/msza-swieta-z-okazji-sw-tarsycjusza-swieto-ministrantow-galeria\/","title":{"rendered":"Msza \u015awi\u0119ta z okazji \u015aw. Tarsycjusza &#8211; \u015bwi\u0119to Ministrant\u00f3w &#8211; Galeria"},"content":{"rendered":"\n<p style=\"text-align: center;\"><span style=\"font-family: Arial, serif; font-size: 20px;\"><i>Msza \u015awi\u0119ta z okazji \u015aw. Tarsycjusza i \u015aw. Jadwigi w intencji ministrant\u00f3w, lektor\u00f3w naszej parafii oraz ich rodzin z okazji patronalnego \u015bwi\u0119ta.<\/i><\/span><\/p>\n\n\n\n\n\n<figure class=\"wp-block-gallery has-nested-images columns-default is-cropped wp-block-gallery-1 is-layout-flex wp-block-gallery-is-layout-flex\">\n<figure class=\"wp-block-image size-large\"><a href=\"http:\/\/parafiaswjadwigi.pl\/?attachment_id=3914\"><img loading=\"lazy\" decoding=\"async\" width=\"1024\" height=\"768\" data-id=\"3914\" src=\"http:\/\/parafiaswjadwigi.pl\/wp-content\/uploads\/2025\/11\/ministranci21112025-1-1024x768.jpeg\" alt=\"\" class=\"wp-image-3914\" srcset=\"http:\/\/parafiaswjadwigi.pl\/wp-content\/uploads\/2025\/11\/ministranci21112025-1-1024x768.jpeg 1024w, http:\/\/parafiaswjadwigi.pl\/wp-content\/uploads\/2025\/11\/ministranci21112025-1-300x225.jpeg 300w, http:\/\/parafiaswjadwigi.pl\/wp-content\/uploads\/2025\/11\/ministranci21112025-1-768x576.jpeg 768w, http:\/\/parafiaswjadwigi.pl\/wp-content\/uploads\/2025\/11\/ministranci21112025-1-1536x1152.jpeg 1536w, http:\/\/parafiaswjadwigi.pl\/wp-content\/uploads\/2025\/11\/ministranci21112025-1.jpeg 2048w\" sizes=\"auto, (max-width: 1024px) 100vw, 1024px\" \/><\/a><\/figure>\n\n\n\n<figure class=\"wp-block-image size-large\"><a href=\"http:\/\/parafiaswjadwigi.pl\/?attachment_id=3916\"><img loading=\"lazy\" decoding=\"async\" width=\"768\" height=\"1024\" data-id=\"3916\" src=\"http:\/\/parafiaswjadwigi.pl\/wp-content\/uploads\/2025\/11\/ministranci21112025-1-768x1024.jpg\" alt=\"\" class=\"wp-image-3916\" srcset=\"http:\/\/parafiaswjadwigi.pl\/wp-content\/uploads\/2025\/11\/ministranci21112025-1-768x1024.jpg 768w, http:\/\/parafiaswjadwigi.pl\/wp-content\/uploads\/2025\/11\/ministranci21112025-1-225x300.jpg 225w, http:\/\/parafiaswjadwigi.pl\/wp-content\/uploads\/2025\/11\/ministranci21112025-1-1152x1536.jpg 1152w, http:\/\/parafiaswjadwigi.pl\/wp-content\/uploads\/2025\/11\/ministranci21112025-1-1536x2048.jpg 1536w, http:\/\/parafiaswjadwigi.pl\/wp-content\/uploads\/2025\/11\/ministranci21112025-1-scaled.jpg 1920w\" sizes=\"auto, (max-width: 768px) 100vw, 768px\" \/><\/a><\/figure>\n\n\n\n<figure class=\"wp-block-image size-large\"><a href=\"http:\/\/parafiaswjadwigi.pl\/?attachment_id=3915\"><img loading=\"lazy\" decoding=\"async\" width=\"768\" height=\"1024\" data-id=\"3915\" src=\"http:\/\/parafiaswjadwigi.pl\/wp-content\/uploads\/2025\/11\/ministranci21112025-2-768x1024.jpeg\" alt=\"\" class=\"wp-image-3915\" srcset=\"http:\/\/parafiaswjadwigi.pl\/wp-content\/uploads\/2025\/11\/ministranci21112025-2-768x1024.jpeg 768w, http:\/\/parafiaswjadwigi.pl\/wp-content\/uploads\/2025\/11\/ministranci21112025-2-225x300.jpeg 225w, http:\/\/parafiaswjadwigi.pl\/wp-content\/uploads\/2025\/11\/ministranci21112025-2-1152x1536.jpeg 1152w, http:\/\/parafiaswjadwigi.pl\/wp-content\/uploads\/2025\/11\/ministranci21112025-2.jpeg 1536w\" sizes=\"auto, (max-width: 768px) 100vw, 768px\" \/><\/a><\/figure>\n\n\n\n<figure class=\"wp-block-image size-large\"><a href=\"http:\/\/parafiaswjadwigi.pl\/?attachment_id=3917\"><img loading=\"lazy\" decoding=\"async\" width=\"768\" height=\"1024\" data-id=\"3917\" src=\"http:\/\/parafiaswjadwigi.pl\/wp-content\/uploads\/2025\/11\/ministranci21112025-2-768x1024.jpg\" alt=\"\" class=\"wp-image-3917\" srcset=\"http:\/\/parafiaswjadwigi.pl\/wp-content\/uploads\/2025\/11\/ministranci21112025-2-768x1024.jpg 768w, http:\/\/parafiaswjadwigi.pl\/wp-content\/uploads\/2025\/11\/ministranci21112025-2-225x300.jpg 225w, http:\/\/parafiaswjadwigi.pl\/wp-content\/uploads\/2025\/11\/ministranci21112025-2-1152x1536.jpg 1152w, http:\/\/parafiaswjadwigi.pl\/wp-content\/uploads\/2025\/11\/ministranci21112025-2-1536x2048.jpg 1536w, http:\/\/parafiaswjadwigi.pl\/wp-content\/uploads\/2025\/11\/ministranci21112025-2-scaled.jpg 1920w\" sizes=\"auto, (max-width: 768px) 100vw, 768px\" \/><\/a><\/figure>\n\n\n\n<figure class=\"wp-block-image size-large\"><a href=\"http:\/\/parafiaswjadwigi.pl\/?attachment_id=3913\"><img loading=\"lazy\" decoding=\"async\" width=\"1024\" height=\"768\" data-id=\"3913\" src=\"http:\/\/parafiaswjadwigi.pl\/wp-content\/uploads\/2025\/11\/ministranci21112025-3-1024x768.jpeg\" alt=\"\" class=\"wp-image-3913\" srcset=\"http:\/\/parafiaswjadwigi.pl\/wp-content\/uploads\/2025\/11\/ministranci21112025-3-1024x768.jpeg 1024w, http:\/\/parafiaswjadwigi.pl\/wp-content\/uploads\/2025\/11\/ministranci21112025-3-300x225.jpeg 300w, http:\/\/parafiaswjadwigi.pl\/wp-content\/uploads\/2025\/11\/ministranci21112025-3-768x576.jpeg 768w, http:\/\/parafiaswjadwigi.pl\/wp-content\/uploads\/2025\/11\/ministranci21112025-3-1536x1152.jpeg 1536w, http:\/\/parafiaswjadwigi.pl\/wp-content\/uploads\/2025\/11\/ministranci21112025-3.jpeg 2048w\" sizes=\"auto, (max-width: 1024px) 100vw, 1024px\" \/><\/a><\/figure>\n\n\n\n<figure class=\"wp-block-image size-large\"><a href=\"http:\/\/parafiaswjadwigi.pl\/?attachment_id=3918\"><img loading=\"lazy\" decoding=\"async\" width=\"768\" height=\"1024\" data-id=\"3918\" src=\"http:\/\/parafiaswjadwigi.pl\/wp-content\/uploads\/2025\/11\/ministranci21112025-3-768x1024.jpg\" alt=\"\" class=\"wp-image-3918\" srcset=\"http:\/\/parafiaswjadwigi.pl\/wp-content\/uploads\/2025\/11\/ministranci21112025-3-768x1024.jpg 768w, http:\/\/parafiaswjadwigi.pl\/wp-content\/uploads\/2025\/11\/ministranci21112025-3-225x300.jpg 225w, http:\/\/parafiaswjadwigi.pl\/wp-content\/uploads\/2025\/11\/ministranci21112025-3-1152x1536.jpg 1152w, http:\/\/parafiaswjadwigi.pl\/wp-content\/uploads\/2025\/11\/ministranci21112025-3-1536x2048.jpg 1536w, http:\/\/parafiaswjadwigi.pl\/wp-content\/uploads\/2025\/11\/ministranci21112025-3-scaled.jpg 1920w\" sizes=\"auto, (max-width: 768px) 100vw, 768px\" \/><\/a><\/figure>\n\n\n\n<figure class=\"wp-block-image size-large\"><a href=\"http:\/\/parafiaswjadwigi.pl\/?attachment_id=3919\"><img loading=\"lazy\" decoding=\"async\" width=\"1024\" height=\"768\" data-id=\"3919\" src=\"http:\/\/parafiaswjadwigi.pl\/wp-content\/uploads\/2025\/11\/ministranci21112025-4-1024x768.jpeg\" alt=\"\" class=\"wp-image-3919\" srcset=\"http:\/\/parafiaswjadwigi.pl\/wp-content\/uploads\/2025\/11\/ministranci21112025-4-1024x768.jpeg 1024w, http:\/\/parafiaswjadwigi.pl\/wp-content\/uploads\/2025\/11\/ministranci21112025-4-300x225.jpeg 300w, http:\/\/parafiaswjadwigi.pl\/wp-content\/uploads\/2025\/11\/ministranci21112025-4-768x576.jpeg 768w, http:\/\/parafiaswjadwigi.pl\/wp-content\/uploads\/2025\/11\/ministranci21112025-4-1536x1152.jpeg 1536w, http:\/\/parafiaswjadwigi.pl\/wp-content\/uploads\/2025\/11\/ministranci21112025-4.jpeg 2048w\" sizes=\"auto, (max-width: 1024px) 100vw, 1024px\" \/><\/a><\/figure>\n\n\n\n<figure class=\"wp-block-image size-large\"><a href=\"http:\/\/parafiaswjadwigi.pl\/?attachment_id=3920\"><img loading=\"lazy\" decoding=\"async\" width=\"768\" height=\"1024\" data-id=\"3920\" src=\"http:\/\/parafiaswjadwigi.pl\/wp-content\/uploads\/2025\/11\/ministranci21112025-4-768x1024.jpg\" alt=\"\" class=\"wp-image-3920\" srcset=\"http:\/\/parafiaswjadwigi.pl\/wp-content\/uploads\/2025\/11\/ministranci21112025-4-768x1024.jpg 768w, http:\/\/parafiaswjadwigi.pl\/wp-content\/uploads\/2025\/11\/ministranci21112025-4-225x300.jpg 225w, http:\/\/parafiaswjadwigi.pl\/wp-content\/uploads\/2025\/11\/ministranci21112025-4-1152x1536.jpg 1152w, http:\/\/parafiaswjadwigi.pl\/wp-content\/uploads\/2025\/11\/ministranci21112025-4-1536x2048.jpg 1536w, http:\/\/parafiaswjadwigi.pl\/wp-content\/uploads\/2025\/11\/ministranci21112025-4-scaled.jpg 1920w\" sizes=\"auto, (max-width: 768px) 100vw, 768px\" \/><\/a><\/figure>\n\n\n\n<figure class=\"wp-block-image size-large\"><a href=\"http:\/\/parafiaswjadwigi.pl\/?attachment_id=3921\"><img loading=\"lazy\" decoding=\"async\" width=\"768\" height=\"1024\" data-id=\"3921\" src=\"http:\/\/parafiaswjadwigi.pl\/wp-content\/uploads\/2025\/11\/ministranci21112025-5-768x1024.jpeg\" alt=\"\" class=\"wp-image-3921\" srcset=\"http:\/\/parafiaswjadwigi.pl\/wp-content\/uploads\/2025\/11\/ministranci21112025-5-768x1024.jpeg 768w, http:\/\/parafiaswjadwigi.pl\/wp-content\/uploads\/2025\/11\/ministranci21112025-5-225x300.jpeg 225w, http:\/\/parafiaswjadwigi.pl\/wp-content\/uploads\/2025\/11\/ministranci21112025-5-1152x1536.jpeg 1152w, http:\/\/parafiaswjadwigi.pl\/wp-content\/uploads\/2025\/11\/ministranci21112025-5.jpeg 1536w\" sizes=\"auto, (max-width: 768px) 100vw, 768px\" \/><\/a><\/figure>\n\n\n\n<figure class=\"wp-block-image size-large\"><a href=\"http:\/\/parafiaswjadwigi.pl\/?attachment_id=3922\"><img loading=\"lazy\" decoding=\"async\" width=\"768\" height=\"1024\" data-id=\"3922\" src=\"http:\/\/parafiaswjadwigi.pl\/wp-content\/uploads\/2025\/11\/ministranci21112025-5-768x1024.jpg\" alt=\"\" class=\"wp-image-3922\" srcset=\"http:\/\/parafiaswjadwigi.pl\/wp-content\/uploads\/2025\/11\/ministranci21112025-5-768x1024.jpg 768w, http:\/\/parafiaswjadwigi.pl\/wp-content\/uploads\/2025\/11\/ministranci21112025-5-225x300.jpg 225w, http:\/\/parafiaswjadwigi.pl\/wp-content\/uploads\/2025\/11\/ministranci21112025-5-1152x1536.jpg 1152w, http:\/\/parafiaswjadwigi.pl\/wp-content\/uploads\/2025\/11\/ministranci21112025-5-1536x2048.jpg 1536w, http:\/\/parafiaswjadwigi.pl\/wp-content\/uploads\/2025\/11\/ministranci21112025-5-scaled.jpg 1920w\" sizes=\"auto, (max-width: 768px) 100vw, 768px\" \/><\/a><\/figure>\n\n\n\n<figure class=\"wp-block-image size-large\"><a href=\"http:\/\/parafiaswjadwigi.pl\/?attachment_id=3923\"><img loading=\"lazy\" decoding=\"async\" width=\"768\" height=\"1024\" data-id=\"3923\" src=\"http:\/\/parafiaswjadwigi.pl\/wp-content\/uploads\/2025\/11\/ministranci21112025-6-768x1024.jpeg\" alt=\"\" class=\"wp-image-3923\" srcset=\"http:\/\/parafiaswjadwigi.pl\/wp-content\/uploads\/2025\/11\/ministranci21112025-6-768x1024.jpeg 768w, http:\/\/parafiaswjadwigi.pl\/wp-content\/uploads\/2025\/11\/ministranci21112025-6-225x300.jpeg 225w, http:\/\/parafiaswjadwigi.pl\/wp-content\/uploads\/2025\/11\/ministranci21112025-6-1152x1536.jpeg 1152w, http:\/\/parafiaswjadwigi.pl\/wp-content\/uploads\/2025\/11\/ministranci21112025-6.jpeg 1536w\" sizes=\"auto, (max-width: 768px) 100vw, 768px\" \/><\/a><\/figure>\n\n\n\n<figure class=\"wp-block-image size-large\"><a href=\"http:\/\/parafiaswjadwigi.pl\/?attachment_id=3924\"><img loading=\"lazy\" decoding=\"async\" width=\"768\" height=\"1024\" data-id=\"3924\" src=\"http:\/\/parafiaswjadwigi.pl\/wp-content\/uploads\/2025\/11\/ministranci21112025-6-768x1024.jpg\" alt=\"\" class=\"wp-image-3924\" srcset=\"http:\/\/parafiaswjadwigi.pl\/wp-content\/uploads\/2025\/11\/ministranci21112025-6-768x1024.jpg 768w, http:\/\/parafiaswjadwigi.pl\/wp-content\/uploads\/2025\/11\/ministranci21112025-6-225x300.jpg 225w, http:\/\/parafiaswjadwigi.pl\/wp-content\/uploads\/2025\/11\/ministranci21112025-6-1152x1536.jpg 1152w, http:\/\/parafiaswjadwigi.pl\/wp-content\/uploads\/2025\/11\/ministranci21112025-6-1536x2048.jpg 1536w, http:\/\/parafiaswjadwigi.pl\/wp-content\/uploads\/2025\/11\/ministranci21112025-6-scaled.jpg 1920w\" sizes=\"auto, (max-width: 768px) 100vw, 768px\" \/><\/a><\/figure>\n\n\n\n<figure class=\"wp-block-image size-large\"><a href=\"http:\/\/parafiaswjadwigi.pl\/?attachment_id=3925\"><img loading=\"lazy\" decoding=\"async\" width=\"1024\" height=\"768\" data-id=\"3925\" src=\"http:\/\/parafiaswjadwigi.pl\/wp-content\/uploads\/2025\/11\/ministranci21112025-7-1024x768.jpeg\" alt=\"\" class=\"wp-image-3925\" srcset=\"http:\/\/parafiaswjadwigi.pl\/wp-content\/uploads\/2025\/11\/ministranci21112025-7-1024x768.jpeg 1024w, http:\/\/parafiaswjadwigi.pl\/wp-content\/uploads\/2025\/11\/ministranci21112025-7-300x225.jpeg 300w, http:\/\/parafiaswjadwigi.pl\/wp-content\/uploads\/2025\/11\/ministranci21112025-7-768x576.jpeg 768w, http:\/\/parafiaswjadwigi.pl\/wp-content\/uploads\/2025\/11\/ministranci21112025-7-1536x1152.jpeg 1536w, http:\/\/parafiaswjadwigi.pl\/wp-content\/uploads\/2025\/11\/ministranci21112025-7.jpeg 2048w\" sizes=\"auto, (max-width: 1024px) 100vw, 1024px\" \/><\/a><\/figure>\n\n\n\n<figure class=\"wp-block-image size-large\"><a href=\"http:\/\/parafiaswjadwigi.pl\/?attachment_id=3926\"><img loading=\"lazy\" decoding=\"async\" width=\"768\" height=\"1024\" data-id=\"3926\" src=\"http:\/\/parafiaswjadwigi.pl\/wp-content\/uploads\/2025\/11\/ministranci21112025-7-768x1024.jpg\" alt=\"\" class=\"wp-image-3926\" srcset=\"http:\/\/parafiaswjadwigi.pl\/wp-content\/uploads\/2025\/11\/ministranci21112025-7-768x1024.jpg 768w, http:\/\/parafiaswjadwigi.pl\/wp-content\/uploads\/2025\/11\/ministranci21112025-7-225x300.jpg 225w, http:\/\/parafiaswjadwigi.pl\/wp-content\/uploads\/2025\/11\/ministranci21112025-7-1152x1536.jpg 1152w, http:\/\/parafiaswjadwigi.pl\/wp-content\/uploads\/2025\/11\/ministranci21112025-7-1536x2048.jpg 1536w, http:\/\/parafiaswjadwigi.pl\/wp-content\/uploads\/2025\/11\/ministranci21112025-7-scaled.jpg 1920w\" sizes=\"auto, (max-width: 768px) 100vw, 768px\" \/><\/a><\/figure>\n\n\n\n<figure class=\"wp-block-image size-large\"><a href=\"http:\/\/parafiaswjadwigi.pl\/?attachment_id=3927\"><img loading=\"lazy\" decoding=\"async\" width=\"1024\" height=\"768\" data-id=\"3927\" src=\"http:\/\/parafiaswjadwigi.pl\/wp-content\/uploads\/2025\/11\/ministranci21112025-8-1024x768.jpeg\" alt=\"\" class=\"wp-image-3927\" srcset=\"http:\/\/parafiaswjadwigi.pl\/wp-content\/uploads\/2025\/11\/ministranci21112025-8-1024x768.jpeg 1024w, http:\/\/parafiaswjadwigi.pl\/wp-content\/uploads\/2025\/11\/ministranci21112025-8-300x225.jpeg 300w, http:\/\/parafiaswjadwigi.pl\/wp-content\/uploads\/2025\/11\/ministranci21112025-8-768x576.jpeg 768w, http:\/\/parafiaswjadwigi.pl\/wp-content\/uploads\/2025\/11\/ministranci21112025-8-1536x1152.jpeg 1536w, http:\/\/parafiaswjadwigi.pl\/wp-content\/uploads\/2025\/11\/ministranci21112025-8.jpeg 2048w\" sizes=\"auto, (max-width: 1024px) 100vw, 1024px\" \/><\/a><\/figure>\n\n\n\n<figure class=\"wp-block-image size-large\"><a href=\"http:\/\/parafiaswjadwigi.pl\/?attachment_id=3928\"><img loading=\"lazy\" decoding=\"async\" width=\"768\" height=\"1024\" data-id=\"3928\" src=\"http:\/\/parafiaswjadwigi.pl\/wp-content\/uploads\/2025\/11\/ministranci21112025-8-768x1024.jpg\" alt=\"\" class=\"wp-image-3928\" srcset=\"http:\/\/parafiaswjadwigi.pl\/wp-content\/uploads\/2025\/11\/ministranci21112025-8-768x1024.jpg 768w, http:\/\/parafiaswjadwigi.pl\/wp-content\/uploads\/2025\/11\/ministranci21112025-8-225x300.jpg 225w, http:\/\/parafiaswjadwigi.pl\/wp-content\/uploads\/2025\/11\/ministranci21112025-8-1152x1536.jpg 1152w, http:\/\/parafiaswjadwigi.pl\/wp-content\/uploads\/2025\/11\/ministranci21112025-8-1536x2048.jpg 1536w, http:\/\/parafiaswjadwigi.pl\/wp-content\/uploads\/2025\/11\/ministranci21112025-8-scaled.jpg 1920w\" sizes=\"auto, (max-width: 768px) 100vw, 768px\" \/><\/a><\/figure>\n\n\n\n<figure class=\"wp-block-image size-large\"><a href=\"http:\/\/parafiaswjadwigi.pl\/?attachment_id=3929\"><img loading=\"lazy\" decoding=\"async\" width=\"768\" height=\"1024\" data-id=\"3929\" src=\"http:\/\/parafiaswjadwigi.pl\/wp-content\/uploads\/2025\/11\/ministranci21112025-9-768x1024.jpeg\" alt=\"\" class=\"wp-image-3929\" srcset=\"http:\/\/parafiaswjadwigi.pl\/wp-content\/uploads\/2025\/11\/ministranci21112025-9-768x1024.jpeg 768w, http:\/\/parafiaswjadwigi.pl\/wp-content\/uploads\/2025\/11\/ministranci21112025-9-225x300.jpeg 225w, http:\/\/parafiaswjadwigi.pl\/wp-content\/uploads\/2025\/11\/ministranci21112025-9-1152x1536.jpeg 1152w, http:\/\/parafiaswjadwigi.pl\/wp-content\/uploads\/2025\/11\/ministranci21112025-9.jpeg 1536w\" sizes=\"auto, (max-width: 768px) 100vw, 768px\" \/><\/a><\/figure>\n\n\n\n<figure class=\"wp-block-image size-large\"><a href=\"http:\/\/parafiaswjadwigi.pl\/?attachment_id=3930\"><img loading=\"lazy\" decoding=\"async\" width=\"768\" height=\"1024\" data-id=\"3930\" src=\"http:\/\/parafiaswjadwigi.pl\/wp-content\/uploads\/2025\/11\/ministranci21112025-10-768x1024.jpeg\" alt=\"\" class=\"wp-image-3930\" srcset=\"http:\/\/parafiaswjadwigi.pl\/wp-content\/uploads\/2025\/11\/ministranci21112025-10-768x1024.jpeg 768w, http:\/\/parafiaswjadwigi.pl\/wp-content\/uploads\/2025\/11\/ministranci21112025-10-225x300.jpeg 225w, http:\/\/parafiaswjadwigi.pl\/wp-content\/uploads\/2025\/11\/ministranci21112025-10-1152x1536.jpeg 1152w, http:\/\/parafiaswjadwigi.pl\/wp-content\/uploads\/2025\/11\/ministranci21112025-10.jpeg 1536w\" sizes=\"auto, (max-width: 768px) 100vw, 768px\" \/><\/a><\/figure>\n\n\n\n<figure class=\"wp-block-image size-large\"><a href=\"http:\/\/parafiaswjadwigi.pl\/?attachment_id=3931\"><img loading=\"lazy\" decoding=\"async\" width=\"768\" height=\"1024\" data-id=\"3931\" src=\"http:\/\/parafiaswjadwigi.pl\/wp-content\/uploads\/2025\/11\/ministranci21112025-11-768x1024.jpeg\" alt=\"\" class=\"wp-image-3931\" srcset=\"http:\/\/parafiaswjadwigi.pl\/wp-content\/uploads\/2025\/11\/ministranci21112025-11-768x1024.jpeg 768w, http:\/\/parafiaswjadwigi.pl\/wp-content\/uploads\/2025\/11\/ministranci21112025-11-225x300.jpeg 225w, http:\/\/parafiaswjadwigi.pl\/wp-content\/uploads\/2025\/11\/ministranci21112025-11-1152x1536.jpeg 1152w, http:\/\/parafiaswjadwigi.pl\/wp-content\/uploads\/2025\/11\/ministranci21112025-11.jpeg 1536w\" sizes=\"auto, (max-width: 768px) 100vw, 768px\" \/><\/a><\/figure>\n\n\n\n<figure class=\"wp-block-image size-large\"><a href=\"http:\/\/parafiaswjadwigi.pl\/?attachment_id=3932\"><img loading=\"lazy\" decoding=\"async\" width=\"1024\" height=\"768\" data-id=\"3932\" src=\"http:\/\/parafiaswjadwigi.pl\/wp-content\/uploads\/2025\/11\/ministranci21112025-12-1024x768.jpeg\" alt=\"\" class=\"wp-image-3932\" srcset=\"http:\/\/parafiaswjadwigi.pl\/wp-content\/uploads\/2025\/11\/ministranci21112025-12-1024x768.jpeg 1024w, http:\/\/parafiaswjadwigi.pl\/wp-content\/uploads\/2025\/11\/ministranci21112025-12-300x225.jpeg 300w, http:\/\/parafiaswjadwigi.pl\/wp-content\/uploads\/2025\/11\/ministranci21112025-12-768x576.jpeg 768w, http:\/\/parafiaswjadwigi.pl\/wp-content\/uploads\/2025\/11\/ministranci21112025-12-1536x1152.jpeg 1536w, http:\/\/parafiaswjadwigi.pl\/wp-content\/uploads\/2025\/11\/ministranci21112025-12.jpeg 2048w\" sizes=\"auto, (max-width: 1024px) 100vw, 1024px\" \/><\/a><\/figure>\n\n\n\n<figure class=\"wp-block-image size-large\"><a href=\"http:\/\/parafiaswjadwigi.pl\/?attachment_id=3933\"><img loading=\"lazy\" decoding=\"async\" width=\"1024\" height=\"768\" data-id=\"3933\" src=\"http:\/\/parafiaswjadwigi.pl\/wp-content\/uploads\/2025\/11\/ministranci21112025-13-1024x768.jpeg\" alt=\"\" class=\"wp-image-3933\" srcset=\"http:\/\/parafiaswjadwigi.pl\/wp-content\/uploads\/2025\/11\/ministranci21112025-13-1024x768.jpeg 1024w, http:\/\/parafiaswjadwigi.pl\/wp-content\/uploads\/2025\/11\/ministranci21112025-13-300x225.jpeg 300w, http:\/\/parafiaswjadwigi.pl\/wp-content\/uploads\/2025\/11\/ministranci21112025-13-768x576.jpeg 768w, http:\/\/parafiaswjadwigi.pl\/wp-content\/uploads\/2025\/11\/ministranci21112025-13-1536x1152.jpeg 1536w, http:\/\/parafiaswjadwigi.pl\/wp-content\/uploads\/2025\/11\/ministranci21112025-13.jpeg 2048w\" sizes=\"auto, (max-width: 1024px) 100vw, 1024px\" \/><\/a><\/figure>\n\n\n\n<figure class=\"wp-block-image size-large\"><a href=\"http:\/\/parafiaswjadwigi.pl\/?attachment_id=3934\"><img loading=\"lazy\" decoding=\"async\" width=\"1024\" height=\"768\" data-id=\"3934\" src=\"http:\/\/parafiaswjadwigi.pl\/wp-content\/uploads\/2025\/11\/ministranci21112025-14-1024x768.jpeg\" alt=\"\" class=\"wp-image-3934\" srcset=\"http:\/\/parafiaswjadwigi.pl\/wp-content\/uploads\/2025\/11\/ministranci21112025-14-1024x768.jpeg 1024w, http:\/\/parafiaswjadwigi.pl\/wp-content\/uploads\/2025\/11\/ministranci21112025-14-300x225.jpeg 300w, http:\/\/parafiaswjadwigi.pl\/wp-content\/uploads\/2025\/11\/ministranci21112025-14-768x576.jpeg 768w, http:\/\/parafiaswjadwigi.pl\/wp-content\/uploads\/2025\/11\/ministranci21112025-14-1536x1152.jpeg 1536w, http:\/\/parafiaswjadwigi.pl\/wp-content\/uploads\/2025\/11\/ministranci21112025-14.jpeg 2048w\" sizes=\"auto, (max-width: 1024px) 100vw, 1024px\" \/><\/a><\/figure>\n<\/figure>\n","protected":false},"excerpt":{"rendered":"<p>Msza \u015awi\u0119ta z okazji \u015aw. Tarsycjusza i \u015aw. Jadwigi w intencji ministrant\u00f3w, lektor\u00f3w naszej parafii oraz ich rodzin z okazji patronalnego \u015bwi\u0119ta.<\/p>\n","protected":false},"author":1,"featured_media":3927,"comment_status":"closed","ping_status":"","sticky":false,"template":"","format":"standard","meta":{"footnotes":""},"categories":[14,3],"tags":[],"class_list":["post-3912","post","type-post","status-publish","format-standard","has-post-thumbnail","hentry","category-archiwum","category-informacje"],"_links":{"self":[{"href":"http:\/\/parafiaswjadwigi.pl\/index.php\/wp-json\/wp\/v2\/posts\/3912","targetHints":{"allow":["GET"]}}],"collection":[{"href":"http:\/\/parafiaswjadwigi.pl\/index.php\/wp-json\/wp\/v2\/posts"}],"about":[{"href":"http:\/\/parafiaswjadwigi.pl\/index.php\/wp-json\/wp\/v2\/types\/post"}],"author":[{"embeddable":true,"href":"http:\/\/parafiaswjadwigi.pl\/index.php\/wp-json\/wp\/v2\/users\/1"}],"replies":[{"embeddable":true,"href":"http:\/\/parafiaswjadwigi.pl\/index.php\/wp-json\/wp\/v2\/comments?post=3912"}],"version-history":[{"count":1,"href":"http:\/\/parafiaswjadwigi.pl\/index.php\/wp-json\/wp\/v2\/posts\/3912\/revisions"}],"predecessor-version":[{"id":3935,"href":"http:\/\/parafiaswjadwigi.pl\/index.php\/wp-json\/wp\/v2\/posts\/3912\/revisions\/3935"}],"wp:featuredmedia":[{"embeddable":true,"href":"http:\/\/parafiaswjadwigi.pl\/index.php\/wp-json\/wp\/v2\/media\/3927"}],"wp:attachment":[{"href":"http:\/\/parafiaswjadwigi.pl\/index.php\/wp-json\/wp\/v2\/media?parent=3912"}],"wp:term":[{"taxonomy":"category","embeddable":true,"href":"http:\/\/parafiaswjadwigi.pl\/index.php\/wp-json\/wp\/v2\/categories?post=3912"},{"taxonomy":"post_tag","embeddable":true,"href":"http:\/\/parafiaswjadwigi.pl\/index.php\/wp-json\/wp\/v2\/tags?post=3912"}],"curies":[{"name":"wp","href":"https:\/\/api.w.org\/{rel}","templated":true}]}}