{"id":3894,"date":"2025-10-26T00:08:53","date_gmt":"2025-10-25T22:08:53","guid":{"rendered":"http:\/\/parafiaswjadwigi.pl\/?p=3894"},"modified":"2025-10-26T00:08:53","modified_gmt":"2025-10-25T22:08:53","slug":"inicjatywa-duszpasterstwa-mlodziezy-rejonu-pszczyna","status":"publish","type":"post","link":"http:\/\/parafiaswjadwigi.pl\/index.php\/2025\/10\/26\/inicjatywa-duszpasterstwa-mlodziezy-rejonu-pszczyna\/","title":{"rendered":"Inicjatywa Duszpasterstwa M\u0142odzie\u017cy rejonu Pszczyna"},"content":{"rendered":"\n<p><strong><span style=\"font-size: 20px;\">Zapraszamy m\u0142odzie\u017c do udzia\u0142u w dw\u00f3ch wyj\u0105tkowych wydarzeniach organizowanych przez Duszpasterstwo M\u0142odzie\u017cy rejonu Pszczyna:<\/span><\/strong><br \/><br \/><span style=\"font-size: 20px;\">1. Pielgrzymka &#8222;Holytrip Ba\u0142kany 2026&#8221;, kt\u00f3ra odb\u0119dzie si\u0119 w dniach 27.07\u201303.08.2026 i obejmie Chorwacj\u0119, Czarnog\u00f3r\u0119 oraz Bo\u015bni\u0119 i Hercegowin\u0119. To okazja do wsp\u00f3lnego prze\u017cycia wiary, modlitwy i odkrywania pi\u0119kna Ba\u0142kan\u00f3w. Zapisy i szczeg\u00f3\u0142y: <a class=\"moz-txt-link-freetext\" href=\"https:\/\/forms.gle\/ywEmC624gxwtT2hBA\">https:\/\/forms.gle\/ywEmC624gxwtT2hBA<\/a><\/span><br \/><br \/><br \/><span style=\"font-size: 20px;\">2. \u015awiatowe Dni M\u0142odzie\u017cy w Seulu (2027). Serdecznie zapraszamy m\u0142odych na pierwsze spotkanie organizacyjne online, kt\u00f3re odb\u0119dzie si\u0119 w czwartek, 06.11.2025 o godz. 20:00. Rozpocznie ono nasz\u0105 wsp\u00f3ln\u0105 drog\u0119 ku \u015aDM w Korei. Szczeg\u00f3\u0142y: <a class=\"moz-txt-link-freetext\" href=\"https:\/\/forms.gle\/ioZjPAe9pFzRhQi1A\">https:\/\/forms.gle\/ioZjPAe9pFzRhQi1A<\/a> <\/span><br \/><span style=\"font-size: 20px;\">Dodatkowe informacje: ks. Marcin G\u0142\u0105bek- <a class=\"moz-txt-link-abbreviated\" href=\"mailto:marcin.glabek@katowicka.pl\">marcin.glabek@katowicka.pl<\/a>.<\/span><\/p>\n\n\n\n\n<div class=\"wp-block-image\">\n<figure class=\"aligncenter size-large is-resized\"><img loading=\"lazy\" decoding=\"async\" width=\"724\" height=\"1024\" src=\"http:\/\/parafiaswjadwigi.pl\/wp-content\/uploads\/2025\/10\/Holytrip-2026-plakat-724x1024.jpg\" alt=\"\" class=\"wp-image-3895\" style=\"width:724px;height:auto\" srcset=\"http:\/\/parafiaswjadwigi.pl\/wp-content\/uploads\/2025\/10\/Holytrip-2026-plakat-724x1024.jpg 724w, http:\/\/parafiaswjadwigi.pl\/wp-content\/uploads\/2025\/10\/Holytrip-2026-plakat-212x300.jpg 212w, http:\/\/parafiaswjadwigi.pl\/wp-content\/uploads\/2025\/10\/Holytrip-2026-plakat-768x1086.jpg 768w, http:\/\/parafiaswjadwigi.pl\/wp-content\/uploads\/2025\/10\/Holytrip-2026-plakat-1086x1536.jpg 1086w, http:\/\/parafiaswjadwigi.pl\/wp-content\/uploads\/2025\/10\/Holytrip-2026-plakat-1448x2048.jpg 1448w, http:\/\/parafiaswjadwigi.pl\/wp-content\/uploads\/2025\/10\/Holytrip-2026-plakat.jpg 1587w\" sizes=\"auto, (max-width: 724px) 100vw, 724px\" \/><\/figure>\n<\/div>\n\n\n\n<div class=\"wp-block-image\">\n<figure class=\"aligncenter size-full\"><img loading=\"lazy\" decoding=\"async\" width=\"940\" height=\"788\" src=\"http:\/\/parafiaswjadwigi.pl\/wp-content\/uploads\/2025\/10\/post-sdm-2027-pszczyna.jpg\" alt=\"\" class=\"wp-image-3896\" srcset=\"http:\/\/parafiaswjadwigi.pl\/wp-content\/uploads\/2025\/10\/post-sdm-2027-pszczyna.jpg 940w, http:\/\/parafiaswjadwigi.pl\/wp-content\/uploads\/2025\/10\/post-sdm-2027-pszczyna-300x251.jpg 300w, http:\/\/parafiaswjadwigi.pl\/wp-content\/uploads\/2025\/10\/post-sdm-2027-pszczyna-768x644.jpg 768w\" sizes=\"auto, (max-width: 940px) 100vw, 940px\" \/><\/figure>\n<\/div>","protected":false},"excerpt":{"rendered":"<p>Zapraszamy m\u0142odzie\u017c do udzia\u0142u w dw\u00f3ch wyj\u0105tkowych wydarzeniach organizowanych przez Duszpasterstwo M\u0142odzie\u017cy rejonu Pszczyna: 1. Pielgrzymka &#8222;Holytrip Ba\u0142kany 2026&#8221;, kt\u00f3ra odb\u0119dzie si\u0119 w dniach 27.07\u201303.08.2026 i obejmie Chorwacj\u0119, Czarnog\u00f3r\u0119 oraz Bo\u015bni\u0119 i Hercegowin\u0119. To okazja do wsp\u00f3lnego prze\u017cycia wiary, modlitwy i odkrywania pi\u0119kna Ba\u0142kan\u00f3w. Zapisy i szczeg\u00f3\u0142y: https:\/\/forms.gle\/ywEmC624gxwtT2hBA 2. \u015awiatowe Dni M\u0142odzie\u017cy w Seulu (2027). [&hellip;]<\/p>\n","protected":false},"author":1,"featured_media":3895,"comment_status":"closed","ping_status":"","sticky":false,"template":"","format":"standard","meta":{"footnotes":""},"categories":[5,3],"tags":[],"class_list":["post-3894","post","type-post","status-publish","format-standard","has-post-thumbnail","hentry","category-banery","category-informacje"],"_links":{"self":[{"href":"http:\/\/parafiaswjadwigi.pl\/index.php\/wp-json\/wp\/v2\/posts\/3894","targetHints":{"allow":["GET"]}}],"collection":[{"href":"http:\/\/parafiaswjadwigi.pl\/index.php\/wp-json\/wp\/v2\/posts"}],"about":[{"href":"http:\/\/parafiaswjadwigi.pl\/index.php\/wp-json\/wp\/v2\/types\/post"}],"author":[{"embeddable":true,"href":"http:\/\/parafiaswjadwigi.pl\/index.php\/wp-json\/wp\/v2\/users\/1"}],"replies":[{"embeddable":true,"href":"http:\/\/parafiaswjadwigi.pl\/index.php\/wp-json\/wp\/v2\/comments?post=3894"}],"version-history":[{"count":1,"href":"http:\/\/parafiaswjadwigi.pl\/index.php\/wp-json\/wp\/v2\/posts\/3894\/revisions"}],"predecessor-version":[{"id":3897,"href":"http:\/\/parafiaswjadwigi.pl\/index.php\/wp-json\/wp\/v2\/posts\/3894\/revisions\/3897"}],"wp:featuredmedia":[{"embeddable":true,"href":"http:\/\/parafiaswjadwigi.pl\/index.php\/wp-json\/wp\/v2\/media\/3895"}],"wp:attachment":[{"href":"http:\/\/parafiaswjadwigi.pl\/index.php\/wp-json\/wp\/v2\/media?parent=3894"}],"wp:term":[{"taxonomy":"category","embeddable":true,"href":"http:\/\/parafiaswjadwigi.pl\/index.php\/wp-json\/wp\/v2\/categories?post=3894"},{"taxonomy":"post_tag","embeddable":true,"href":"http:\/\/parafiaswjadwigi.pl\/index.php\/wp-json\/wp\/v2\/tags?post=3894"}],"curies":[{"name":"wp","href":"https:\/\/api.w.org\/{rel}","templated":true}]}}