{"id":3879,"date":"2025-10-18T23:21:58","date_gmt":"2025-10-18T21:21:58","guid":{"rendered":"http:\/\/parafiaswjadwigi.pl\/?p=3879"},"modified":"2025-10-18T23:21:58","modified_gmt":"2025-10-18T21:21:58","slug":"list-pasterski-arcybiskupa-metropolity-katowickiego","status":"publish","type":"post","link":"http:\/\/parafiaswjadwigi.pl\/index.php\/2025\/10\/18\/list-pasterski-arcybiskupa-metropolity-katowickiego\/","title":{"rendered":"List Pasterski Arcybiskupa Metropolity Katowickiego"},"content":{"rendered":"\n<p><\/p>\n\n\n\n<p class=\"has-text-align-center has-medium-font-size\">Drodzy Siostry i Bracia w Chrystusie,<\/p>\n\n\n\n<p class=\"has-medium-font-size\">pierwszy list pasterski, kt\u00f3ry pisz\u0119 do Was jako Wasz nowy biskup, jest odczytywany w&nbsp;niedziel\u0119, gdy s\u0142yszymy fragment Ewangelii o wdzi\u0119czno\u015bci jednego z dziesi\u0119ciu uzdrowionych tr\u0119dowatych. Okazuje si\u0119, \u017ce wdzi\u0119czno\u015b\u0107 jest wa\u017cn\u0105 drog\u0105 do uzdrowienia. Ten, kt\u00f3ry wr\u00f3ci\u0142 do Jezusa, aby Mu podzi\u0119kowa\u0107 za uzdrowienie z tr\u0105du, otrzyma\u0142 du\u017co wi\u0119cej ni\u017c zdrowie fizyczne. Zosta\u0142 uzdrowiony r\u00f3wnie\u017c wewn\u0119trznie. To prawda, \u017ce zdrowie jest bardzo wa\u017cne, ale opr\u00f3cz zdrowia cia\u0142a cz\u0142owiek do \u017cycia potrzebuje te\u017c zdrowego serca, zdrowego sumienia i zdrowej duszy.<\/p>\n\n\n\n<p class=\"has-medium-font-size\">Temat dzi\u0119kczynienia z dzisiejszej Ewangelii prowadzi nas wprost do Eucharystii. Dzi\u0119kczynienie jest bowiem w sercu ka\u017cdej Mszy \u015bw. Za chwil\u0119 kap\u0142an wezwie nas do tego, aby\u015bmy wznie\u015bli w g\u00f3r\u0119 nasze serca i dzi\u0119kowali Panu Bogu, a w modlitwie prefacji potwierdzimy wszyscy, \u017ce to dzi\u0119kczynienie jest godne i sprawiedliwe. Dlaczego B\u00f3g lubi, gdy Mu dzi\u0119kujemy? Dlaczego wol\u0105 Bo\u017c\u0105 jest, aby\u015bmy Mu dzi\u0119kowali w ka\u017cdym po\u0142o\u017ceniu? Dlaczego nasza obecno\u015b\u0107 i dzi\u0119kczynienie podczas Eucharystii maj\u0105 uzdrawiaj\u0105c\u0105 moc?<br>Nie chodzi tu tylko o kilka kulturalnych s\u0142\u00f3w ani nawet o wyra\u017cenie czysto ludzkiej wdzi\u0119czno\u015bci za spe\u0142nione pro\u015bby. Dzi\u0119kczynienie to duchowa postawa cz\u0142owieka, kt\u00f3ra pozwala nam zobaczy\u0107, jak bardzo jeste\u015bmy kochani i obdarowani przez Pana Boga. Przeciwie\u0144stwem dzi\u0119kczynienia jest postawa braku, ci\u0105g\u0142ego narzekania i rozczarowania, widzenia we wszystkim kryzys\u00f3w i sytuacji bez wyj\u015bcia. Kiedy zaczynamy dzi\u0119kowa\u0107 Panu Bogu, nagle dostrzegamy, jak pi\u0119kny jest stworzony przez Niego \u015bwiat, ile dobra jest w ludziach i w nas samych. Dzi\u0119kczynienie sprawia, \u017ce z\u0142o jest przezwyci\u0119\u017cane przez dobro, ciemno\u015b\u0107 jest rozpraszana przez \u015bwiat\u0142o, a smutek zamienia si\u0119 w rado\u015b\u0107. B\u00f3g zdumiewa si\u0119 naszym dzi\u0119kczynieniem, bo ono jest zewn\u0119trznym znakiem nadziei. Tylko ci, kt\u00f3rzy maj\u0105 nadziej\u0119, potrafi\u0105 dzi\u0119kowa\u0107 nawet w trudnym po\u0142o\u017ceniu, bo ufaj\u0105 Bogu, \u017ce cho\u0107 dzi\u015b do\u015bwiadczaj\u0105 trudno\u015bci, to jutro B\u00f3g jest w stanie da\u0107 im uzdrowienie i nowe \u017cycie.<\/p>\n\n\n\n<p class=\"has-medium-font-size\">W\u0142a\u015bnie od takiej postawy dzi\u0119kczynienia chc\u0119 rozpocz\u0105\u0107 moje pos\u0142ugiwanie w&nbsp;archidiecezji katowickiej. Od og\u0142oszenia decyzji Ojca \u015awi\u0119tego Leona XIV o mianowaniu mnie arcybiskupem metropolit\u0105 katowickim mam \u015bwiadomo\u015b\u0107, jak wielkie i odpowiedzialne zadanie stoi przede mn\u0105. Wchodz\u0119 przecie\u017c w bogat\u0105, stuletni\u0105 histori\u0119 Ko\u015bcio\u0142a na G\u00f3rnym \u015al\u0105sku. Mo\u017ce lepiej ode mnie wiecie, ile jest w nim rado\u015bci, pi\u0119kna i sukces\u00f3w, a ile spraw do poprawienia i zmiany zar\u00f3wno na poziomie ca\u0142ej diecezji, jak i w poszczeg\u00f3lnych parafiach i&nbsp;wsp\u00f3lnotach. B\u0119d\u0119 stara\u0142 si\u0119 stawa\u0107 w ca\u0142ej prawdzie o nas i o naszym Ko\u015bciele. Nie chc\u0119 unika\u0107 spraw trudnych i ucieka\u0107 od problem\u00f3w, cho\u0107 wiem, \u017ce na wiele z nich nie znajd\u0119 natychmiastowych recept. Jezus przypomina nam jednak, \u017ce przezwyci\u0119\u017cenie wszelkich trudno\u015bci zaczyna si\u0119 od wiary<br>i wdzi\u0119czno\u015bci. \u201eWsta\u0144, id\u017a, twoja wiara ci\u0119 uzdrowi\u0142a\u201d \u2013 tak ko\u0144czy si\u0119 przecie\u017c ta dzisiejsza rozmowa chorego z Chrystusem. I cho\u0107 uzdrowienie tr\u0119dowatego wymaga\u0142o konkretnego spotkania z Jezusem, pro\u015bby o zmi\u0142owanie i zwr\u00f3cenia si\u0119 do kap\u0142an\u00f3w o \u015bwiadectwo oczyszczenia, to jednak ostatecznie wiara i dzi\u0119kczynienie wyzwoli\u0142y go z choroby. Dlatego moje serce bardziej ni\u017c l\u0119kiem przepojone jest dzi\u0119kczynieniem, bardziej ni\u017c obawami nape\u0142nione jest wiar\u0105, \u017ce w tym wszystkim, do czego powo\u0142uje nas B\u00f3g, s\u0105 Jego \u0142aska<br>i prowadzenie.<\/p>\n\n\n\n<p class=\"has-medium-font-size\">Najpierw dzi\u0119kuj\u0119 Panu Bogu za Wasze serdeczne przyj\u0119cie mnie do wsp\u00f3lnoty Ko\u015bcio\u0142a katowickiego. Odczu\u0142em to szczeg\u00f3lnie podczas ingresu do katedry Chrystusa Kr\u00f3la. Wasza liczna obecno\u015b\u0107, modlitwy, przygotowanie tej uroczysto\u015bci i wiele dobrych s\u0142\u00f3w i \u017cycze\u0144 pozwoli\u0142y mi poczu\u0107 si\u0119 jak na prawdziwych za\u015blubinach biskupa z jego diecezj\u0105. Rado\u015b\u0107 i&nbsp;wsp\u00f3lne \u015bwi\u0119towanie, uczestnictwo tylu biskup\u00f3w, kap\u0142an\u00f3w, os\u00f3b \u017cycia konsekrowanego, przedstawicieli parafii i wsp\u00f3lnot, go\u015bci reprezentuj\u0105cych \u015brodowiska ekumeniczne, s\u0142u\u017cby cywilne, \u015bwiat nauki i kultury by\u0142y znakiem, jak wci\u0105\u017c wa\u017cne znaczenie ma dla nas wszystkich Ko\u015bci\u00f3\u0142. Moj\u0105 szczeg\u00f3ln\u0105 rado\u015bci\u0105 by\u0142a obecno\u015b\u0107 os\u00f3b chorych, starszych i ubogich. Z&nbsp;wdzi\u0119czno\u015bci\u0105 my\u015bl\u0119 o Telewizji Polskiej, Telewizji Trwam i mediach katolickich, dzi\u0119ki kt\u00f3rym w ingresie mog\u0142o uczestniczy\u0107 tak\u017ce wiele innych os\u00f3b.<\/p>\n\n\n\n<p class=\"has-medium-font-size\">W ingresowej homilii podkre\u015bla\u0142em pragnienie, aby ten ingres by\u0142 nie tylko m\u00f3j, ale by\u0142 ingresem nas wszystkich, wej\u015bciem w nowy etap historii naszego Ko\u015bcio\u0142a. To odnowione bycie w Ko\u015bciele r\u00f3wnie\u017c warto zacz\u0105\u0107 od dzi\u0119kczynienia. W ostatnich czasach wiele krytycznych s\u0142\u00f3w m\u00f3wimy i s\u0142yszymy o Ko\u015bciele, a przecie\u017c wci\u0105\u017c jest w nim du\u017co dobra i&nbsp;dobrych ludzi. Pami\u0119taj\u0105c o tym, \u017ce to nie Ko\u015bci\u00f3\u0142 jest najwa\u017cniejszy, tylko Pan B\u00f3g, \u017ce to nie Ko\u015bci\u00f3\u0142 nas zbawi\u0142, tylko Jezus Chrystus, mamy jednocze\u015bnie \u015bwiadomo\u015b\u0107, \u017ce to sam B\u00f3g zdecydowa\u0142, \u017ceby przychodzi\u0107 do nas, naucza\u0107 nas i u\u015bwi\u0119ca\u0107 nie gdzie indziej, tylko w&nbsp;Ko\u015bciele.<\/p>\n\n\n\n<p class=\"has-medium-font-size\">Nie ustawajmy wi\u0119c we wdzi\u0119czno\u015bci za nasz Ko\u015bci\u00f3\u0142 diecezjalny. Podziwiam, jak przez ca\u0142y rok jubileuszowy odwiedzacie katowick\u0105 katedr\u0119 w ramach pielgrzymek dekanalnych, stanowych oraz r\u00f3\u017cnych \u015brodowisk wiary. Za kilka dni wyruszamy z diecezjaln\u0105 pielgrzymk\u0105 do Rzymu, \u017ceby przej\u015b\u0107 przez drzwi \u015bwi\u0119te wielkich bazylik rzymskich i pok\u0142oni\u0107 si\u0119 Piotrowi naszych czas\u00f3w, papie\u017cowi Leonowi XIV. W sercu i modlitwie zabieramy na t\u0119 pielgrzymk\u0119 ka\u017cdego z Was. Przed nami 70. rocznica po\u015bwi\u0119cenia katedry, kt\u00f3r\u0105 b\u0119dziemy obchodzi\u0107 30&nbsp;pa\u017adziernika, uroczysto\u015b\u0107 Chrystusa Kr\u00f3la i wie\u0144cz\u0105cy jubileusz 100-lecia naszej archidiecezji muzyczny spektakl w katowickim Spodku, 26 listopada br. Przy tej okazji sk\u0142adam podzi\u0119kowanie biskupom Markowi, Adamowi i Grzegorzowi i wszystkim osobom, kt\u00f3re<br>w czasie braku biskupa diecezjalnego, przez kilka miesi\u0119cy z zaanga\u017cowaniem troszczy\u0142y si\u0119 o&nbsp;w\u0142a\u015bciwe funkcjonowanie diecezji i godny przebieg roku jubileuszowego.<\/p>\n\n\n\n<p class=\"has-medium-font-size\">Niech to dzi\u0119kczynienie za Ko\u015bci\u00f3\u0142, kt\u00f3ry jest w archidiecezji, przeniesie si\u0119 na nasze parafie i wsp\u00f3lnoty. Z wdzi\u0119czno\u015bci\u0105 i nowym nastawieniem sp\u00f3jrzcie, prosz\u0119, na swoje parafie. Warto mo\u017ce zacz\u0105\u0107 od zwyk\u0142ego u\u015bwiadomienia sobie, \u017ce jest wielk\u0105 \u0142ask\u0105 \u017cy\u0107 i mieszka\u0107<br>\u201epo s\u0105siedzku\u201d z Panem Bogiem obecnym w Naj\u015bwi\u0119tszym Sakramencie, przychodz\u0105cym do nas w innych sakramentach \u015bwi\u0119tych sprawowanych w naszych parafialnych \u015bwi\u0105tyniach. Warto, widz\u0105c spadaj\u0105c\u0105 liczb\u0119 powo\u0142a\u0144 do kap\u0142a\u0144stwa, podzi\u0119kowa\u0107 Bogu za pos\u0142ug\u0119, \u017cycie i&nbsp;towarzyszenie naszych kap\u0142an\u00f3w. Czy\u017c nie s\u0105 to wielkie dary kochaj\u0105cego nas Boga?<br>Czy mo\u017cna ich nie widzie\u0107 lub uzna\u0107 je za zwyk\u0142\u0105 rzecz i co\u015b, co nam si\u0119 ju\u017c tylko nale\u017cy?<\/p>\n\n\n\n<p class=\"has-medium-font-size\">Pami\u0119tajmy te\u017c, \u017ce Jezus w naszym ko\u015bciele parafialnym jest obecny nie tylko w \u015bwi\u0119tych znakach liturgii, ale r\u00f3wnie\u017c w naszej postawie wiary i wsp\u00f3\u0142odpowiedzialno\u015bci za wsp\u00f3lnot\u0119. Mo\u017cna powiedzie\u0107 obrazowo, \u017ce B\u00f3g w Ko\u015bciele ma nasz\u0105 twarz, ma twarz biskupa, kap\u0142ana i&nbsp;ka\u017cdego cz\u0142owieka wierz\u0105cego. B\u0105d\u017amy pi\u0119kn\u0105 twarz\u0105 Boga w Ko\u015bciele! Duchowni i&nbsp;\u015bwieccy, dzieci, m\u0142odzi i doro\u015bli tw\u00f3rzmy w parafiach prawdziw\u0105 wsp\u00f3lnot\u0119 wiary i dzia\u0142ania, nie tylko korzystaj\u0105c z duchowych dar\u00f3w, ale bior\u0105c odpowiedzialno\u015b\u0107 za duszpasterskie i&nbsp;materialne oblicze naszych parafii. Tak bardzo licz\u0119 na Wasze zaanga\u017cowanie w grupy modlitewne<br>i formacyjne, w katechez\u0119 parafialn\u0105 i parafialne dzie\u0142a pomocy ubogim. Ciesz\u0119 si\u0119, s\u0142ysz\u0105c,<br>\u017ce w tylu naszych parafiach pod przewodnictwem proboszcz\u00f3w coraz aktywniej dzia\u0142aj\u0105 rady duszpasterskie i ekonomiczne. R\u00f3bmy te\u017c wszystko co mo\u017cliwe, aby z otwarto\u015bci\u0105 i mi\u0142o\u015bci\u0105 g\u0142osi\u0107 Ewangeli\u0119 tym, kt\u00f3rych nie spotykamy ju\u017c w murach naszych \u015bwi\u0105ty\u0144. Zanie\u015bmy<br>im Jezusa przez odwa\u017cne i radosne \u015bwiadectwo wiary w naszych miejscach \u017cycia, pracy, nauki czy odpoczynku.<\/p>\n\n\n\n<p class=\"has-medium-font-size\">Obchodzony w tym roku Jubileusz 2025 i 100-lecia archidiecezji katowickiej jest najpe\u0142niejszym wyra\u017ceniem dzi\u0119kczynienia za to, \u017ce B\u00f3g sta\u0142 si\u0119 cz\u0142owiekiem, wszed\u0142 w nasz\u0105 histori\u0119 i zamieszka\u0142 z nami w Ko\u015bciele. Tegoroczny jubileusz jest te\u017c zaproszeniem<br>do przygotowania do wielkiego Jubileuszu Odkupienia w roku 2033. Wtedy to b\u0119dziemy obchodzi\u0107 rocznic\u0119 \u015bmierci i zmartwychwstania Jezusa i wydarze\u0144 najwa\u017cniejszych<br>dla naszego zbawienia \u2013 takich jak ustanowienie Eucharystii i kap\u0142a\u0144stwa, zes\u0142anie Ducha \u015awi\u0119tego i wniebowst\u0105pienie czy zainaugurowanie dzia\u0142alno\u015bci pierwszych wsp\u00f3lnot ko\u015bcielnych. Tak jak Pan Jezus wzrasta\u0142 w m\u0105dro\u015bci i \u0142asce u Boga od narodzenia a\u017c po swoj\u0105 \u015bmier\u0107 na krzy\u017cu, tak i my przez te osiem lat dziel\u0105cych nas od tego wielkiego Jubileuszu postarajmy si\u0119 wzrasta\u0107 wraz z Jezusem.<\/p>\n\n\n\n<p class=\"has-medium-font-size\">Pragn\u0119, aby ka\u017cdy rok tego czasu przygotowa\u0144 do Jubileuszu Odkupienia by\u0142 po\u015bwi\u0119cony kolejno: dzieciom; m\u0142odzie\u017cy; ma\u0142\u017ce\u0144stwom i rodzinie; ludziom pracy i nauki; kap\u0142anom i&nbsp;osobom \u017cycia konsekrowanego; ludziom starszym, chorym i ubogim. Tu\u017c przed samym rokiem 2033 pochylimy si\u0119 razem nad rzeczywisto\u015bci\u0105 naszych parafii i innych wsp\u00f3lnot ko\u015bcielnych, aby sta\u0142y si\u0119 one jeszcze bardziej \u017cywe, misyjne i ewangelizacyjne. Po\u015bwi\u0119caj\u0105c jeden rok kolejnym grupom w Ko\u015bciele, b\u0119dziemy mieli okazj\u0119 do refleksji nad ich aktualn\u0105 sytuacj\u0105 spo\u0142eczn\u0105 i religijn\u0105. Ws\u0142uchani w g\u0142os Ducha \u015awi\u0119tego, w \u015bwietle S\u0142owa Bo\u017cego, b\u0119dziemy te\u017c poszukiwa\u0107 sposob\u00f3w dotarcia z or\u0119dziem Ewangelii do wsp\u00f3\u0142czesnego cz\u0142owieka oraz takiego nawr\u00f3cenia duszpasterskiego, kt\u00f3re pozwoli nam lepiej s\u0142u\u017cy\u0107 u\u015bwi\u0119ceniu i zbawieniu ludzi. Zapraszam Was do tej wsp\u00f3lnej drogi ku Jubileuszowi Odkupienia, bo w ka\u017cdym jubileuszu chodzi przede wszystkim o Boga i o takie powroty<br>do \u017ar\u00f3de\u0142 wiary, kt\u00f3re o\u017cywiaj\u0105 i kszta\u0142tuj\u0105 nasz\u0105 tera\u017aniejszo\u015b\u0107 i przysz\u0142o\u015b\u0107.<\/p>\n\n\n\n<p class=\"has-medium-font-size\">W pierwszych dniach mojej pos\u0142ugi w archidiecezji katowickiej mia\u0142em okazj\u0119 pielgrzymowa\u0107 do Matki Mi\u0142o\u015bci i Sprawiedliwo\u015bci Spo\u0142ecznej w Piekarach \u015al\u0105skich, do U\u015bmiechni\u0119tej Pani z Pszowa i do Matki Bo\u017cej Fatimskiej w Turzy \u015al\u0105skiej. Podczas pa\u017adziernikowej modlitwy r\u00f3\u017ca\u0144cowej duchowo w\u0119druj\u0119 te\u017c do ka\u017cdego ko\u015bcio\u0142a i ka\u017cdej kaplicy, do ka\u017cdej wsp\u00f3lnoty i do ka\u017cdego domu znajduj\u0105cego si\u0119 w archidiecezji. Dzi\u0119kuj\u0119 Maryi, \u017ce jest po\u015br\u00f3d nas. Ka\u017cdego z Was zawierzam Jej Niepokalanemu Sercu i razem z Wami \u015bpiewam ku Jej czci: \u201eCiebie dzieci\u0119cym sercem b\u0142agamy, we\u017a pod opiek\u0119 zbo\u017cny nasz lud. Lepszej od Ciebie Matki nie mamy, co by w b\u0142\u0119kity wiod\u0142a nas cn\u00f3t\u201d.<\/p>\n\n\n\n<p class=\"has-medium-font-size\">Z pasterskim b\u0142ogos\u0142awie\u0144stwem<\/p>\n\n\n\n<p class=\"has-medium-font-size\">\u2020 Andrzej Przybylski<\/p>\n\n\n\n<p class=\"has-medium-font-size\">Arcybiskup Metropolita Katowicki<\/p>\n\n\n\n<p class=\"has-medium-font-size\">Katowice, 9 pa\u017adziernika 2025 r.<br>VA I-60\/25<\/p>\n\n\n\n<p class=\"has-medium-font-size\"><strong>Zarz\u0105dzenie:<\/strong><\/p>\n\n\n\n<p class=\"has-medium-font-size\">List pasterski nale\u017cy odczyta\u0107 wiernym we wszystkich ko\u015bcio\u0142ach i kaplicach archidiecezji katowickiej w niedziel\u0119, 12 pa\u017adziernika 2025 roku w ramach homilii oraz opublikowa\u0107<br>na stronie internetowej parafii i w mediach spo\u0142eczno\u015bciowych.<\/p>\n\n\n\n<p class=\"has-medium-font-size\">\u2020 Grzegorz Olszowski<\/p>\n\n\n\n<p class=\"has-medium-font-size\">Wikariusz Generalny<br>Archidiecezji Katowickiej<\/p>\n","protected":false},"excerpt":{"rendered":"<p>Drodzy Siostry i Bracia w Chrystusie, pierwszy list pasterski, kt\u00f3ry pisz\u0119 do Was jako Wasz nowy biskup, jest odczytywany w&nbsp;niedziel\u0119, gdy s\u0142yszymy fragment Ewangelii o wdzi\u0119czno\u015bci jednego z dziesi\u0119ciu uzdrowionych tr\u0119dowatych. Okazuje si\u0119, \u017ce wdzi\u0119czno\u015b\u0107 jest wa\u017cn\u0105 drog\u0105 do uzdrowienia. Ten, kt\u00f3ry wr\u00f3ci\u0142 do Jezusa, aby Mu podzi\u0119kowa\u0107 za uzdrowienie z tr\u0105du, otrzyma\u0142 du\u017co wi\u0119cej [&hellip;]<\/p>\n","protected":false},"author":1,"featured_media":3880,"comment_status":"closed","ping_status":"","sticky":false,"template":"","format":"standard","meta":{"footnotes":""},"categories":[3],"tags":[],"class_list":["post-3879","post","type-post","status-publish","format-standard","has-post-thumbnail","hentry","category-informacje"],"_links":{"self":[{"href":"http:\/\/parafiaswjadwigi.pl\/index.php\/wp-json\/wp\/v2\/posts\/3879","targetHints":{"allow":["GET"]}}],"collection":[{"href":"http:\/\/parafiaswjadwigi.pl\/index.php\/wp-json\/wp\/v2\/posts"}],"about":[{"href":"http:\/\/parafiaswjadwigi.pl\/index.php\/wp-json\/wp\/v2\/types\/post"}],"author":[{"embeddable":true,"href":"http:\/\/parafiaswjadwigi.pl\/index.php\/wp-json\/wp\/v2\/users\/1"}],"replies":[{"embeddable":true,"href":"http:\/\/parafiaswjadwigi.pl\/index.php\/wp-json\/wp\/v2\/comments?post=3879"}],"version-history":[{"count":1,"href":"http:\/\/parafiaswjadwigi.pl\/index.php\/wp-json\/wp\/v2\/posts\/3879\/revisions"}],"predecessor-version":[{"id":3881,"href":"http:\/\/parafiaswjadwigi.pl\/index.php\/wp-json\/wp\/v2\/posts\/3879\/revisions\/3881"}],"wp:featuredmedia":[{"embeddable":true,"href":"http:\/\/parafiaswjadwigi.pl\/index.php\/wp-json\/wp\/v2\/media\/3880"}],"wp:attachment":[{"href":"http:\/\/parafiaswjadwigi.pl\/index.php\/wp-json\/wp\/v2\/media?parent=3879"}],"wp:term":[{"taxonomy":"category","embeddable":true,"href":"http:\/\/parafiaswjadwigi.pl\/index.php\/wp-json\/wp\/v2\/categories?post=3879"},{"taxonomy":"post_tag","embeddable":true,"href":"http:\/\/parafiaswjadwigi.pl\/index.php\/wp-json\/wp\/v2\/tags?post=3879"}],"curies":[{"name":"wp","href":"https:\/\/api.w.org\/{rel}","templated":true}]}}