{"id":3876,"date":"2025-10-18T23:17:26","date_gmt":"2025-10-18T21:17:26","guid":{"rendered":"http:\/\/parafiaswjadwigi.pl\/?p=3876"},"modified":"2025-10-18T23:17:26","modified_gmt":"2025-10-18T21:17:26","slug":"swiatowe-dni-mlodziezy-w-seulu","status":"publish","type":"post","link":"http:\/\/parafiaswjadwigi.pl\/index.php\/2025\/10\/18\/swiatowe-dni-mlodziezy-w-seulu\/","title":{"rendered":"\u015awiatowe Dni M\u0142odzie\u017cy w Seulu"},"content":{"rendered":"\n<div>\u00a0<\/div>\n<div>\u00a0<\/div>\n<div style=\"text-align: center;\"><span style=\"font-size: 20px;\">Zapraszamy m\u0142odzie\u017c do udzia\u0142u w 48. Europejskim Spotkaniu M\u0142odych w<\/span><\/div>\n<div style=\"text-align: center;\"><span style=\"font-size: 20px;\">Pary\u017cu, przygotowanym przez ekumeniczn\u0105 Wsp\u00f3lnot\u0119 Taiz\u00e9. Wyjazd<\/span><\/div>\n<div style=\"text-align: center;\"><span style=\"font-size: 20px;\">organizowany z Katowic odb\u0119dzie si\u0119 w dniach 27.12.2025-02.01.2026,<\/span><\/div>\n<div style=\"text-align: center;\"><span style=\"font-size: 20px;\">koszt udzia\u0142u: 1600 z\u0142\/os. (w cenie: noclegi, wy\u017cywienie, ubezpieczenie,<\/span><\/div>\n<div style=\"text-align: center;\"><span style=\"font-size: 20px;\">przejazd). Kontakt: ks. Marcin G\u0142\u0105bek &#8211; <a class=\"mailto-link\" href=\"mailto:marcin.glabek@katowicka.pl\" target=\"_blank\" rel=\"noopener\">marcin.glabek@katowicka.pl<\/a>.<\/span><\/div>\n<div style=\"text-align: center;\"><span style=\"font-size: 20px;\">Zapisy przez formularz: <a href=\"https:\/\/forms.gle\/9mryY5iFXeL6RzpdA\" target=\"_blank\" rel=\"noopener\">https:\/\/forms.gle\/9mryY5iFXeL6RzpdA<\/a><\/span><\/div>\n<div style=\"text-align: center;\">\u00a0<\/div>\n<div style=\"text-align: center;\">\u00a0<\/div>\n<div style=\"text-align: center;\"><span style=\"font-size: 20px;\">Z wdzi\u0119czno\u015bci\u0105,<\/span><\/div>\n<div style=\"text-align: center;\"><span style=\"font-size: 20px;\">ks. Marcin G\u0142\u0105bek<\/span><\/div>\n<div style=\"text-align: center;\"><span style=\"font-size: 20px;\">Duszpasterz M\u0142odzie\u017cy Rejonu Pszczyna, archidiecezja katowicka<\/span><\/div>\n<div style=\"text-align: center;\">\u00a0<\/div>\n<div style=\"text-align: center;\">tel. 508-982-934<br \/><br \/><\/div>\n<div>\u00a0<\/div>\n\n\n<div class=\"wp-block-image\">\n<figure class=\"aligncenter size-large is-resized\"><img loading=\"lazy\" decoding=\"async\" width=\"724\" height=\"1024\" src=\"http:\/\/parafiaswjadwigi.pl\/wp-content\/uploads\/2025\/10\/Plakat-Taize-724x1024.jpg\" alt=\"\" class=\"wp-image-3877\" style=\"width:634px;height:auto\" srcset=\"http:\/\/parafiaswjadwigi.pl\/wp-content\/uploads\/2025\/10\/Plakat-Taize-724x1024.jpg 724w, http:\/\/parafiaswjadwigi.pl\/wp-content\/uploads\/2025\/10\/Plakat-Taize-212x300.jpg 212w, http:\/\/parafiaswjadwigi.pl\/wp-content\/uploads\/2025\/10\/Plakat-Taize-768x1086.jpg 768w, http:\/\/parafiaswjadwigi.pl\/wp-content\/uploads\/2025\/10\/Plakat-Taize-1086x1536.jpg 1086w, http:\/\/parafiaswjadwigi.pl\/wp-content\/uploads\/2025\/10\/Plakat-Taize-1448x2048.jpg 1448w, http:\/\/parafiaswjadwigi.pl\/wp-content\/uploads\/2025\/10\/Plakat-Taize-scaled.jpg 1810w\" sizes=\"auto, (max-width: 724px) 100vw, 724px\" \/><\/figure>\n<\/div>\n\n","protected":false},"excerpt":{"rendered":"<p>\u00a0 \u00a0 Zapraszamy m\u0142odzie\u017c do udzia\u0142u w 48. Europejskim Spotkaniu M\u0142odych w Pary\u017cu, przygotowanym przez ekumeniczn\u0105 Wsp\u00f3lnot\u0119 Taiz\u00e9. Wyjazd organizowany z Katowic odb\u0119dzie si\u0119 w dniach 27.12.2025-02.01.2026, koszt udzia\u0142u: 1600 z\u0142\/os. (w cenie: noclegi, wy\u017cywienie, ubezpieczenie, przejazd). Kontakt: ks. Marcin G\u0142\u0105bek &#8211; marcin.glabek@katowicka.pl. Zapisy przez formularz: https:\/\/forms.gle\/9mryY5iFXeL6RzpdA \u00a0 \u00a0 Z wdzi\u0119czno\u015bci\u0105, ks. Marcin G\u0142\u0105bek Duszpasterz [&hellip;]<\/p>\n","protected":false},"author":1,"featured_media":3877,"comment_status":"closed","ping_status":"","sticky":false,"template":"","format":"standard","meta":{"footnotes":""},"categories":[3],"tags":[],"class_list":["post-3876","post","type-post","status-publish","format-standard","has-post-thumbnail","hentry","category-informacje"],"_links":{"self":[{"href":"http:\/\/parafiaswjadwigi.pl\/index.php\/wp-json\/wp\/v2\/posts\/3876","targetHints":{"allow":["GET"]}}],"collection":[{"href":"http:\/\/parafiaswjadwigi.pl\/index.php\/wp-json\/wp\/v2\/posts"}],"about":[{"href":"http:\/\/parafiaswjadwigi.pl\/index.php\/wp-json\/wp\/v2\/types\/post"}],"author":[{"embeddable":true,"href":"http:\/\/parafiaswjadwigi.pl\/index.php\/wp-json\/wp\/v2\/users\/1"}],"replies":[{"embeddable":true,"href":"http:\/\/parafiaswjadwigi.pl\/index.php\/wp-json\/wp\/v2\/comments?post=3876"}],"version-history":[{"count":1,"href":"http:\/\/parafiaswjadwigi.pl\/index.php\/wp-json\/wp\/v2\/posts\/3876\/revisions"}],"predecessor-version":[{"id":3878,"href":"http:\/\/parafiaswjadwigi.pl\/index.php\/wp-json\/wp\/v2\/posts\/3876\/revisions\/3878"}],"wp:featuredmedia":[{"embeddable":true,"href":"http:\/\/parafiaswjadwigi.pl\/index.php\/wp-json\/wp\/v2\/media\/3877"}],"wp:attachment":[{"href":"http:\/\/parafiaswjadwigi.pl\/index.php\/wp-json\/wp\/v2\/media?parent=3876"}],"wp:term":[{"taxonomy":"category","embeddable":true,"href":"http:\/\/parafiaswjadwigi.pl\/index.php\/wp-json\/wp\/v2\/categories?post=3876"},{"taxonomy":"post_tag","embeddable":true,"href":"http:\/\/parafiaswjadwigi.pl\/index.php\/wp-json\/wp\/v2\/tags?post=3876"}],"curies":[{"name":"wp","href":"https:\/\/api.w.org\/{rel}","templated":true}]}}