{"id":3814,"date":"2025-09-21T14:53:54","date_gmt":"2025-09-21T12:53:54","guid":{"rendered":"http:\/\/parafiaswjadwigi.pl\/?p=3814"},"modified":"2025-09-21T14:55:01","modified_gmt":"2025-09-21T12:55:01","slug":"zaproszenie-do-modlitwy-w-intencji-nowego-abs-andrzeja-przybylskiego-oraz-do-udzialu-w-jego-ingresie-do-katedry-chrystusa-krola-w-katowicach","status":"publish","type":"post","link":"http:\/\/parafiaswjadwigi.pl\/index.php\/2025\/09\/21\/zaproszenie-do-modlitwy-w-intencji-nowego-abs-andrzeja-przybylskiego-oraz-do-udzialu-w-jego-ingresie-do-katedry-chrystusa-krola-w-katowicach\/","title":{"rendered":"Zaproszenie do modlitwy w intencji nowego Abs. Andrzeja Przybylskiego oraz do udzia\u0142u w jego ingresie"},"content":{"rendered":"\n<p align=\"CENTER\"><span style=\"font-family: Cambria, serif; font-size: 24px;\"><b>Zaproszenie<\/b><\/span><\/p>\n<p align=\"CENTER\"><span style=\"font-family: Cambria, serif; font-size: 24px;\">do modlitwy w intencji nowego<\/span><\/p>\n<p align=\"CENTER\"><span style=\"font-family: Cambria, serif; font-size: 24px;\">Arcybiskupa Metropolity Katowickiego Andrzeja Przybylskiego<\/span><\/p>\n<p align=\"CENTER\"><span style=\"font-family: Cambria, serif; font-size: 24px;\">oraz do udzia\u0142u w jego ingresie<\/span><\/p>\n<p align=\"CENTER\"><span style=\"font-family: Cambria, serif; font-size: 24px;\">do katedry Chrystusa Kr\u00f3la w Katowicach<\/span><\/p>\n<p align=\"JUSTIFY\"><br \/><br \/><\/p>\n<p style=\"text-align: center;\" align=\"JUSTIFY\"><span style=\"font-family: Cambria, serif; font-size: 20px;\">Drodzy Diecezjanie,<\/span><\/p>\n<p align=\"JUSTIFY\"><span style=\"font-size: 20px;\"><span style=\"font-family: Cambria, serif;\">dzisiaj, w 25. niedziel\u0119 zwyk\u0142\u0105, \u015bwi\u0119ty Pawe\u0142 poucza nas, by\u015bmy modlili si\u0119 <br \/>za wszystkich: \u201eJest to bowiem rzecz dobra i mi\u0142a w oczach Zbawiciela naszego, Boga, kt\u00f3ry pragnie, by wszyscy ludzie zostali zbawieni i doszli do poznania prawdy\u201d (1 Tm 2,3-4) \u2013 s\u0142yszymy w liturgii. W tym duchu zwracam si\u0119 <\/span><span style=\"font-family: Cambria, serif;\"><span lang=\"pt-PT\">do Was, pragn<\/span><\/span><span style=\"font-family: Cambria, serif;\">\u0105c zach\u0119ci\u0107 wszystkich <br \/>do modlitwy w intencji naszego lokalnego Ko\u015b<\/span><span style=\"font-family: Cambria, serif;\"><span lang=\"es-ES\">cio<\/span><\/span><span style=\"font-family: Cambria, serif;\">\u0142a oraz jego nowego pasterza \u2013 arcybiskupa Andrzeja Przybylskiego. W sobot\u0119 4 pa\u017adziernika o godzinie 11.00 odb\u0119dzie si\u0119 jego ingres <br \/>do katedry Chrystusa Kr\u00f3la w Katowicach, na kt\u00f3ry bardzo serdecznie pragn\u0119 Was zaprosi\u0107. Zach\u0119cam wszystkich diecezjan \u2013 rodziny, ma\u0142\u017conk\u00f3w, dzieci, osoby samotne, kap\u0142an\u00f3w i osoby \u017cycia konsekrowanego \u2013 do udzia\u0142u w tym wsp\u00f3lnym \u015bwi\u0119towaniu. Niech nie zabraknie Was w naszej katedrze w dniu ingresu! Szczeg\u00f3lne zaproszenie na t\u0119 uroczysto\u015b\u0107 kieruj\u0119 <br \/>do cz\u0142onk\u00f3w parafialnych rad duszpasterskich, ruch\u00f3w i wsp\u00f3lnot modlitewnych oraz poczt\u00f3w sztandarowych. <\/span><\/span><\/p>\n<p align=\"JUSTIFY\"><span style=\"font-size: 20px;\"><span style=\"font-family: Cambria, serif;\">Tych, kt\u00f3rzy nie b\u0119d\u0105 mogli przyby\u0107 do ko\u015b<\/span><span style=\"font-family: Cambria, serif;\"><span lang=\"es-ES\">cio<\/span><\/span><span style=\"font-family: Cambria, serif;\">\u0142a katedralnego w dniu ingresu, zw\u0142aszcza osoby starsze, schorowane i cierpi\u0105ce, zach\u0119cam do udzia\u0142u w tym \u015bwi\u0119cie za po\u015brednictwem transmisji w TVP3 Katowice, Telewizji Trwam oraz naszym archidiecezjalnym radiu eM. <br \/>W wigili\u0119 tego wydarzenia o godzinie 19.30 w krypcie katedry zbierzemy si\u0119 na modlitwie uwielbienia.<\/span><\/span><\/p>\n<p align=\"JUSTIFY\"><span style=\"font-size: 20px;\"><span style=\"font-family: Cambria, serif;\">W Chrystusie \u2013 zgodnie z biskupim zawo\u0142aniem arcybiskupa Andrzeja \u2013 zjednoczmy si\u0119 jako wsp\u00f3lnota lokalnego Ko\u015b<\/span><span style=\"font-family: Cambria, serif;\"><span lang=\"es-ES\">cio<\/span><\/span><span style=\"font-family: Cambria, serif;\">\u0142a obchodz\u0105ca swoje stulecie i przyjmuj\u0105ca jubileuszowe wezwanie do o\u017cywiania nadziei, brzmi\u0105ce w ca\u0142ym Ko\u015bciele powszechnym. \u201eJeden jest B\u00f3g, jeden te\u017c po\u015brednik mi\u0119dzy Bogiem a lud\u017ami, cz\u0142owiek, Chrystus Jezus, kt\u00f3ry wyda\u0142 siebie samego na okup za wszystkich jako \u015bwiadectwo we w\u0142a\u015bciwym czasie\u201d (1 Tm 2,5) \u2013 takie \u015bwiadectwo wiary sk\u0142ada dzisiaj aposto\u0142 Pawe\u0142. Niech w tych szczeg\u00f3lnych dniach nie zabraknie naszego \u015bwiadectwa wiary oraz wierno\u015bci tej nadziei, kt\u00f3r\u0105 otrzymali\u015bmy i pomna\u017camy jako Ko\u015bci\u00f3\u0142. <\/span><\/span><\/p>\n<p align=\"JUSTIFY\"><span style=\"font-size: 20px;\"><span style=\"font-family: Cambria, serif;\">Serdecznie wszystkich Was pozdrawiam i \u017cycz\u0119 b\u0142<\/span><span style=\"font-family: Cambria, serif;\"><span lang=\"pt-PT\">ogos<\/span><\/span><span style=\"font-family: Cambria, serif;\">\u0142awionej niedzieli!<\/span><\/span><\/p>\n<p align=\"CENTER\"><span style=\"font-family: Cambria, serif; font-size: 20px;\">Biskup Marek Szkud\u0142o<\/span><\/p>\n<p align=\"CENTER\"><span style=\"font-family: Cambria, serif; font-size: 20px;\">Administrator <\/span><\/p>\n<p align=\"CENTER\"><span style=\"font-family: Cambria, serif; font-size: 20px;\">Archidiecezji Katowickiej<\/span><\/p>\n<p><span style=\"font-family: Cambria, serif; font-size: 20px;\">Katowice, 18 wrze\u015bnia 2025 r. <br \/>VA I-56\/25<\/span><\/p>\n<p align=\"JUSTIFY\"><span style=\"font-family: 'Cambria Bold', serif; font-size: 20px;\">Zarz\u0105dzenie:<\/span><\/p>\n<p align=\"JUSTIFY\"><span style=\"font-family: Cambria, serif; font-size: 20px;\">Zaproszenie nale\u017cy odczyta\u0107 w niedziel\u0119 21 wrze\u015bnia 2025 r. we wszystkich parafiach archidiecezji katowickiej w ramach og\u0142osze\u0144 duszpasterskich. <\/span> <br \/><br \/><\/p>\n<p align=\"CENTER\"><span style=\"font-size: 20px;\">\u2020 <span style=\"font-family: Cambria, serif;\">Grzegorz Olszowski<\/span><\/span><\/p>\n<p align=\"CENTER\"><span style=\"font-family: Cambria, serif; font-size: 20px;\">Wikariusz Generalny<br \/>Archidiecezji Katowickiej<\/span><\/p>\n","protected":false},"excerpt":{"rendered":"<p>Zaproszenie do modlitwy w intencji nowego Arcybiskupa Metropolity Katowickiego Andrzeja Przybylskiego oraz do udzia\u0142u w jego ingresie do katedry Chrystusa Kr\u00f3la w Katowicach Drodzy Diecezjanie, dzisiaj, w 25. niedziel\u0119 zwyk\u0142\u0105, \u015bwi\u0119ty Pawe\u0142 poucza nas, by\u015bmy modlili si\u0119 za wszystkich: \u201eJest to bowiem rzecz dobra i mi\u0142a w oczach Zbawiciela naszego, Boga, kt\u00f3ry pragnie, by wszyscy [&hellip;]<\/p>\n","protected":false},"author":1,"featured_media":3683,"comment_status":"closed","ping_status":"","sticky":false,"template":"","format":"standard","meta":{"footnotes":""},"categories":[3],"tags":[],"class_list":["post-3814","post","type-post","status-publish","format-standard","has-post-thumbnail","hentry","category-informacje"],"_links":{"self":[{"href":"http:\/\/parafiaswjadwigi.pl\/index.php\/wp-json\/wp\/v2\/posts\/3814","targetHints":{"allow":["GET"]}}],"collection":[{"href":"http:\/\/parafiaswjadwigi.pl\/index.php\/wp-json\/wp\/v2\/posts"}],"about":[{"href":"http:\/\/parafiaswjadwigi.pl\/index.php\/wp-json\/wp\/v2\/types\/post"}],"author":[{"embeddable":true,"href":"http:\/\/parafiaswjadwigi.pl\/index.php\/wp-json\/wp\/v2\/users\/1"}],"replies":[{"embeddable":true,"href":"http:\/\/parafiaswjadwigi.pl\/index.php\/wp-json\/wp\/v2\/comments?post=3814"}],"version-history":[{"count":3,"href":"http:\/\/parafiaswjadwigi.pl\/index.php\/wp-json\/wp\/v2\/posts\/3814\/revisions"}],"predecessor-version":[{"id":3817,"href":"http:\/\/parafiaswjadwigi.pl\/index.php\/wp-json\/wp\/v2\/posts\/3814\/revisions\/3817"}],"wp:featuredmedia":[{"embeddable":true,"href":"http:\/\/parafiaswjadwigi.pl\/index.php\/wp-json\/wp\/v2\/media\/3683"}],"wp:attachment":[{"href":"http:\/\/parafiaswjadwigi.pl\/index.php\/wp-json\/wp\/v2\/media?parent=3814"}],"wp:term":[{"taxonomy":"category","embeddable":true,"href":"http:\/\/parafiaswjadwigi.pl\/index.php\/wp-json\/wp\/v2\/categories?post=3814"},{"taxonomy":"post_tag","embeddable":true,"href":"http:\/\/parafiaswjadwigi.pl\/index.php\/wp-json\/wp\/v2\/tags?post=3814"}],"curies":[{"name":"wp","href":"https:\/\/api.w.org\/{rel}","templated":true}]}}