{"id":3804,"date":"2025-08-30T23:41:46","date_gmt":"2025-08-30T21:41:46","guid":{"rendered":"http:\/\/parafiaswjadwigi.pl\/?p=3804"},"modified":"2025-08-30T23:41:46","modified_gmt":"2025-08-30T21:41:46","slug":"slowo-administratora-archidiecezji-katowickiejw-zwiazku-z-nominacja-nowego-arcybiskupa-katowickiego","status":"publish","type":"post","link":"http:\/\/parafiaswjadwigi.pl\/index.php\/2025\/08\/30\/slowo-administratora-archidiecezji-katowickiejw-zwiazku-z-nominacja-nowego-arcybiskupa-katowickiego\/","title":{"rendered":"S\u0141OWO ADMINISTRATORA ARCHIDIECEZJI KATOWICKIEJW ZWI\u0104ZKU Z NOMINACJ\u0104 NOWEGO ARCYBISKUPA KATOWICKIEGO"},"content":{"rendered":"\n<p align=\"JUSTIFY\"><span style=\"font-family: Cambria, serif; font-size: 20px;\">Drodzy Diecezjanie, Siostry i Bracia!<\/span><\/p>\n<p align=\"JUSTIFY\"><span style=\"font-family: Cambria, serif; font-size: 20px;\">Ojciec \u015awi\u0119ty Leon XIV mianowa\u0142 nowym Arcybiskupem Metropolit\u0105 Katowickim Ksi\u0119dza Biskupa Andrzeja Przybylskiego, dotychczasowego biskupa pomocniczego diecezji cz\u0119stochowskiej. <\/span><\/p>\n<p align=\"JUSTIFY\"><span style=\"font-family: Cambria, serif; font-size: 20px;\">Dzi\u0119kujemy Ojcu \u015awi\u0119temu za jego decyzj\u0119, a nade wszystko uwielbiamy Bo\u017c\u0105 Opatrzno\u015b\u0107, kt\u00f3ra prowadzi nasz Ko\u015bci\u00f3\u0142 i w\u0142a\u015bnie teraz obdarza nas nowym Pasterzem.<\/span><\/p>\n<p align=\"JUSTIFY\"><a name=\"Bookmark\"><\/a><span style=\"font-family: Cambria, serif; font-size: 20px;\"> Prosz\u0119 Was z ca\u0142ego serca o \u017cyczliwe przyj\u0119cie Arcybiskupa Nominata Andrzeja <br \/>i o gor\u0105c\u0105 modlitw\u0119 za niego. Niech Duch \u015awi\u0119ty nape\u0142nia go swoj\u0105 m\u0105dro\u015bci\u0105 i moc\u0105 <br \/>w prowadzeniu naszego lokalnego Ko\u015bcio\u0142a. <\/span><\/p>\n<p align=\"JUSTIFY\"><span style=\"font-family: Cambria, serif; font-size: 20px;\">Pragn\u0119 Wam r\u00f3wnie\u017c podzi\u0119kowa\u0107 za \u017cyczliwo\u015b\u0107 i wsparcie, jakich do\u015bwiadcza\u0142em w czasie mojej pos\u0142ugi administratora archidiecezji. Dzi\u0119ki Waszym modlitwom ten czas by\u0142 dla mnie \u017ar\u00f3d\u0142em pokoju i nadziei. <\/span><\/p>\n<p align=\"JUSTIFY\"><span style=\"font-family: Cambria, serif; font-size: 20px;\">Niech Matka Sprawiedliwo\u015bci i Mi\u0142o\u015bci Spo\u0142ecznej, Patronka naszej archidiecezji, wspiera nas nieustannie na drogach wiary. <\/span><\/p>\n<p align=\"JUSTIFY\"><span style=\"font-family: Cambria, serif; font-size: 20px;\">Z modlitw\u0105 i b\u0142ogos\u0142awie\u0144stwem,<\/span><\/p>\n<p align=\"JUSTIFY\"><br \/><br \/><\/p>\n<p align=\"CENTER\"><span style=\"font-size: 20px;\">\u2020 <span style=\"font-family: Cambria, serif;\">Marek Szkud\u0142o<\/span><\/span><\/p>\n<p align=\"CENTER\"><span style=\"font-family: Cambria, serif; font-size: 20px;\">Administrator <br \/>Archidiecezji Katowickiej<\/span><\/p>\n<p align=\"JUSTIFY\"><br \/><br \/><\/p>\n<table border=\"0\" width=\"605\" cellspacing=\"0\" cellpadding=\"7\">\n<tbody>\n<tr valign=\"TOP\">\n<td style=\"width: 402.9px;\" bgcolor=\"#ffffff\">\u00a0<\/td>\n<td style=\"width: 404.3px;\" bgcolor=\"#ffffff\">\u00a0<\/td>\n<\/tr>\n<\/tbody>\n<\/table>\n<p align=\"JUSTIFY\"><br \/><br \/><\/p>\n<p align=\"JUSTIFY\"><br \/><br \/><\/p>\n<p align=\"JUSTIFY\"><br \/><br \/><\/p>\n<p align=\"JUSTIFY\"><br \/><br \/><\/p>\n<p><span style=\"font-family: Cambria, serif;\"><span style=\"font-size: medium;\">Katowice, 29 sierpnia 2025 r. <br \/>we wspomnienie m\u0119cze\u0144stwa \u015bw. Jana Chrzciciela <\/span><\/span><\/p>\n<p><span style=\"font-family: Cambria, serif;\"><span style=\"font-size: medium;\">VH II-50\/25 <\/span><\/span><\/p>\n","protected":false},"excerpt":{"rendered":"<p>Drodzy Diecezjanie, Siostry i Bracia! Ojciec \u015awi\u0119ty Leon XIV mianowa\u0142 nowym Arcybiskupem Metropolit\u0105 Katowickim Ksi\u0119dza Biskupa Andrzeja Przybylskiego, dotychczasowego biskupa pomocniczego diecezji cz\u0119stochowskiej. Dzi\u0119kujemy Ojcu \u015awi\u0119temu za jego decyzj\u0119, a nade wszystko uwielbiamy Bo\u017c\u0105 Opatrzno\u015b\u0107, kt\u00f3ra prowadzi nasz Ko\u015bci\u00f3\u0142 i w\u0142a\u015bnie teraz obdarza nas nowym Pasterzem. Prosz\u0119 Was z ca\u0142ego serca o \u017cyczliwe przyj\u0119cie Arcybiskupa [&hellip;]<\/p>\n","protected":false},"author":1,"featured_media":3683,"comment_status":"closed","ping_status":"","sticky":false,"template":"","format":"standard","meta":{"footnotes":""},"categories":[3],"tags":[],"class_list":["post-3804","post","type-post","status-publish","format-standard","has-post-thumbnail","hentry","category-informacje"],"_links":{"self":[{"href":"http:\/\/parafiaswjadwigi.pl\/index.php\/wp-json\/wp\/v2\/posts\/3804","targetHints":{"allow":["GET"]}}],"collection":[{"href":"http:\/\/parafiaswjadwigi.pl\/index.php\/wp-json\/wp\/v2\/posts"}],"about":[{"href":"http:\/\/parafiaswjadwigi.pl\/index.php\/wp-json\/wp\/v2\/types\/post"}],"author":[{"embeddable":true,"href":"http:\/\/parafiaswjadwigi.pl\/index.php\/wp-json\/wp\/v2\/users\/1"}],"replies":[{"embeddable":true,"href":"http:\/\/parafiaswjadwigi.pl\/index.php\/wp-json\/wp\/v2\/comments?post=3804"}],"version-history":[{"count":1,"href":"http:\/\/parafiaswjadwigi.pl\/index.php\/wp-json\/wp\/v2\/posts\/3804\/revisions"}],"predecessor-version":[{"id":3805,"href":"http:\/\/parafiaswjadwigi.pl\/index.php\/wp-json\/wp\/v2\/posts\/3804\/revisions\/3805"}],"wp:featuredmedia":[{"embeddable":true,"href":"http:\/\/parafiaswjadwigi.pl\/index.php\/wp-json\/wp\/v2\/media\/3683"}],"wp:attachment":[{"href":"http:\/\/parafiaswjadwigi.pl\/index.php\/wp-json\/wp\/v2\/media?parent=3804"}],"wp:term":[{"taxonomy":"category","embeddable":true,"href":"http:\/\/parafiaswjadwigi.pl\/index.php\/wp-json\/wp\/v2\/categories?post=3804"},{"taxonomy":"post_tag","embeddable":true,"href":"http:\/\/parafiaswjadwigi.pl\/index.php\/wp-json\/wp\/v2\/tags?post=3804"}],"curies":[{"name":"wp","href":"https:\/\/api.w.org\/{rel}","templated":true}]}}