{"id":3791,"date":"2025-08-16T19:18:28","date_gmt":"2025-08-16T17:18:28","guid":{"rendered":"http:\/\/parafiaswjadwigi.pl\/?p=3791"},"modified":"2025-08-30T23:32:04","modified_gmt":"2025-08-30T21:32:04","slug":"ogloszenia-od-17-08-2025-do-24-08-2025","status":"publish","type":"post","link":"http:\/\/parafiaswjadwigi.pl\/index.php\/2025\/08\/16\/ogloszenia-od-17-08-2025-do-24-08-2025\/","title":{"rendered":"Og\u0142oszenia od 17.08.2025 do 24.08.2025"},"content":{"rendered":"\n\n\n<p style=\"text-align: center;\"><span style=\"font-size: 28px;\"><u><b>PARAFIA RZYMSKOKATOLICKA<\/b><\/u><\/span><\/p>\n<p style=\"text-align: center;\"><span style=\"font-size: 28px;\"><b> \u015aw. Jadwigi \u015al\u0105skiej PSZCZYNA \u2013 STARA WIE\u015a <\/b><\/span><\/p>\n<p style=\"text-align: center;\"><span style=\"color: #ff0000; font-size: 28px;\"> <i><b> XX Niedziela Zwyk\u0142a od 17.08. do 24.08.2025 r.<\/b><\/i><\/span><\/p>\n<p align=\"LEFT\"><span style=\"color: #ff0000; font-size: 20px;\"><span style=\"font-family: Arial, serif;\"><b>NIEDZIELA \u2013 17.08.2025 \u2013 Uroczysto\u015b\u0107 \u015bw. JACKA, kap\u0142ana, g\u0142\u00f3wnego patrona archidiecezji i metropolii katowickiej. <br \/>XX NIEDZIELA ZWYK\u0141A \u2013 Pielgrzymka Kobiet do Matki Bo\u017cej Piekarskiej<\/b><\/span><\/span><\/p>\n<p align=\"LEFT\"><span style=\"color: #ff0000; font-size: 20px;\"> <span style=\"font-family: Arial, serif;\"><i>7.30 &#8211; Za ++ rodzic\u00f3w Jana i \u0141ucj\u0119 Czembor, Karola i Paulin\u0119 Machulec, ++ z rodzin: Czembor i Machulec <\/i><\/span><\/span><\/p>\n<p align=\"LEFT\"><span style=\"color: #ff0000; font-size: 20px;\"> <span style=\"font-family: Arial, serif;\"><i>9.30 &#8211; Do Opatrzno\u015bci Bo\u017cej przez wstawiennictwo Matki Bo\u017cej i \u015aw. Jadwigi z podzi\u0119kowaniem za otrzymane \u0142aski, z pro\u015bb\u0105 o B\u0142ogos\u0142awie\u0144stwo Bo\u017ce i zdrowie w intencji Damiana i Katarzyny Komraus z okazji 15 rocznicy \u015blubu i w intencji ca\u0142ej rodziny<\/i><\/span><\/span><\/p>\n<p align=\"LEFT\"><span style=\"font-family: Arial, serif; font-size: 20px;\"><i><span style=\"color: #ff0000;\">11.00 &#8211; Za + Mart\u0119 Ka\u0142us i wszystkich ++ z rodzin: Ka\u0142us i Szromek<\/span><\/i><\/span><\/p>\n<p align=\"JUSTIFY\"><span style=\"font-family: Arial, serif; font-size: 20px;\"><i><b>PONIEDZIA\u0141EK \u2013 18.08.2025 <\/b><\/i><\/span><\/p>\n<p align=\"JUSTIFY\"><span style=\"color: #000000; font-size: 20px;\"> <span style=\"font-family: Arial, serif;\"><i>7.00 &#8211; Za ++ mam\u0119 Monik\u0119, tat\u0119 Augustyna, m\u0119\u017ca Romana, te\u015bci\u00f3w oraz ++ z rodzin: M\u0142otek, Ku\u015b i Spyra<\/i><\/span><\/span><\/p>\n<p align=\"JUSTIFY\"><span style=\"font-family: Arial, serif; font-size: 20px;\"><i><b><span style=\"color: #000000;\">WTOREK \u2013 19.08.2025 <\/span><\/b><\/i><\/span><\/p>\n<p align=\"JUSTIFY\"><span style=\"font-family: Arial, serif; font-size: 20px;\"><i>7.00 &#8211; Do Opatrzno\u015bci Bo\u017cej przez wstawiennictwo Matki Boskiej Piekarskiej z podzi\u0119kowaniem za odebrane \u0142aski, z pro\u015bb\u0105 o Bo\u017ce b\u0142ogos\u0142awie\u0144stwo i zdrowie dla Joanny z okazji 45 rocznicy urodzin<\/i><\/span><\/p>\n<p align=\"JUSTIFY\"><span style=\"font-family: Arial, serif; font-size: 20px;\"><i><b>\u015aRODA \u2013 20.08.2025 \u2013 Wsp. \u015aW. BERNARDA, opata i doktora Ko\u015bcio\u0142a<\/b><\/i><\/span><\/p>\n<p align=\"JUSTIFY\"><span style=\"font-family: Arial, serif; font-size: 20px;\"><i><span style=\"color: #000000;\">6.30 &#8211; <\/span><span style=\"color: #000000;\"><b>Nowenna do Matki Bo\u017cej Nieustaj\u0105cej Pomocy &#8211; godzinki<\/b><\/span> <\/i><\/span><\/p>\n<p><span style=\"color: #ff0000; font-size: 20px;\"><span style=\"color: #000000;\"> <span style=\"font-family: Arial, serif;\">7.00 &#8211; Za ++ rodzic\u00f3w Rozali\u0119 i Stefana Chr\u00f3szcz, ++ dziadk\u00f3w i + Konrada Morawiec<\/span><\/span><\/span><\/p>\n<p align=\"LEFT\"><span style=\"color: #ff0000; font-size: 20px;\"><span style=\"font-family: Arial, serif;\"><b><span style=\"color: #00000a;\">CZWARTEK \u2013 21.08.2025 \u2013 Wsp. \u015aW. PIUSA X, papie\u017ca<\/span><\/b><\/span><\/span><\/p>\n<p><span style=\"color: #ff0000; font-size: 20px;\"><span style=\"font-family: Arial, serif;\"><span style=\"color: #00000a;\">18.00 &#8211; Za + Mariusza Musia\u0142 o rado\u015b\u0107 \u017cycia wiecznego <\/span><\/span><\/span><\/p>\n<p align=\"JUSTIFY\"><span style=\"font-family: Arial, serif; font-size: 20px;\"><i><b>PI\u0104TEK \u2013 22.08.2025 \u2013 Wsp. NMP, KR\u00d3LOWEJ<\/b><\/i><\/span><\/p>\n<p align=\"JUSTIFY\"><span style=\"font-family: Arial, serif; font-size: 20px;\"><i>18.00 &#8211; Za ++ rodzic\u00f3w Kazimierza i Stefani\u0119 Ma\u015bka<\/i><\/span><\/p>\n<p align=\"JUSTIFY\"><span style=\"font-family: Arial, serif; font-size: 20px;\"><i><b>SOBOTA \u2013 23.08.2025 <\/b><\/i><\/span><\/p>\n<p><span style=\"color: #ff0000; font-size: 20px;\"><span style=\"font-family: Arial, serif;\"><b>16.00<\/b> &#8211; <b>Msza \u015aw. z wigilii XXII NIEDZIELI ZWYK\u0141EJ. <\/b><span style=\"color: #00000a;\">Za + Henryka Fortak \u2013 od Krystyny z rodzin\u0105<\/span><\/span><\/span><\/p>\n<p align=\"LEFT\"><span style=\"color: #ff0000; font-size: 20px;\"><span style=\"font-family: Arial, serif;\"><b>NIEDZIELA \u2013 24.08.2025 \u2013 XXI NIEDZIELA ZWYK\u0141A <\/b><\/span><\/span><\/p>\n<p align=\"LEFT\"><span style=\"color: #ff0000; font-size: 20px;\"> <span style=\"font-family: Arial, serif;\"><i>7.30 &#8211; Za ++ syna Artura w kolejn\u0105 rocznic\u0119 \u015bmierci m\u0119\u017ca Jana i wszystkich ++ z rodzin Balcarek i Spyra <\/i><\/span><\/span><\/p>\n<p align=\"LEFT\"><span style=\"color: #ff0000; font-size: 20px;\"> <span style=\"font-family: Arial, serif;\"><i>9.30 &#8211; Do Opatrzno\u015bci Bo\u017cej przez wstawiennictwo Matki Bo\u017cej i \u015bw. Jadwigi z podzi\u0119kowaniem za otrzymane \u0142aski, z pro\u015bb\u0105 o b\u0142ogos\u0142awie\u0144stwo Bo\u017ce i zdrowie w intencji R\u00f3\u017cy i Eugeniusza Chudek<\/i><\/span><\/span><\/p>\n<p align=\"JUSTIFY\"><span style=\"font-family: Arial, serif; font-size: 20px;\"><i><span style=\"color: #ff0000;\">11.00 &#8211; Do Opatrzno\u015bci Bo\u017cej przez wstawiennictwo Anio\u0142\u00f3w Str\u00f3\u017c\u00f3w, Matki Bo\u017cej i \u015bw. Jadwigi z podzi\u0119kowaniem za otrzymane \u0142aski, z pro\u015bb\u0105 o b\u0142ogos\u0142awie\u0144stwo Bo\u017ce i zdrowie w intencji Ani Mazurczak z okazji I rocznicy urodzin oraz o b\u0142ogos\u0142awie\u0144stwo Bo\u017ce dla ca\u0142ej rodziny<\/span><\/i><\/span><\/p>\n<p style=\"text-align: center;\"><span style=\"font-size: 24px;\"><u><b>PARAFIA RZYMSKOKATOLICKA<\/b><\/u><\/span><\/p>\n<p style=\"text-align: center;\"><span style=\"font-size: 24px;\"><b>\u015aw. Jadwigi<\/b> <b>\u015al. <\/b><i><b> <\/b><\/i><b>PSZCZYNA- STARA WIE\u015a<\/b><i><b> <\/b><\/i><b> <\/b><\/span><\/p>\n<p style=\"text-align: center;\"><span style=\"font-size: 24px;\"><b>Strona Internetowa Parafii: <\/b><span style=\"color: #ff0000;\"><b>www.parafiaswjadwigi.pl<\/b><\/span><b> <\/b><\/span><\/p>\n<p style=\"text-align: center;\"><span style=\"font-size: 24px;\"><span style=\"color: #000000;\"><i><u><b>Konto Parafii:<\/b><\/u><\/i><\/span> <span style=\"color: #000000;\"><b>z dopiskiem na cele kultu <\/b><\/span><\/span><\/p>\n<p style=\"text-align: center;\"><span style=\"font-size: 24px;\"><b>Bank Pekao S.A. 79 1240 1330 1111 0010 9381 2556<\/b><\/span><\/p>\n<p align=\"CENTER\"><span style=\"color: #ff0000; font-size: 20px;\"><span style=\"font-family: Arial, serif;\"><b>OG\u0141OSZENIA DUSZPASTERSKIE<\/b><\/span><\/span><\/p>\n<p style=\"text-align: center;\"><span style=\"color: #ff0000; font-size: 20px;\"><b> UROCZYSTO\u015a\u0106 \u015aWI\u0118TEGO JACKA ODROW\u0104\u017bA<\/b><\/span><\/p>\n<p align=\"CENTER\"><span style=\"color: #ff0000; font-size: 20px;\"><span style=\"font-family: Arial, serif;\"><b>XX NIEDZIELA ZWYK\u0141A \u2013 17.08.2025 <\/b><\/span><\/span><\/p>\n<p style=\"text-align: center;\" align=\"LEFT\"><span style=\"font-size: 20px; color: #008000;\">\u201e\u2026 <span style=\"font-family: Arial, serif;\"><i><b>KT\u00d3\u017b WI\u0118C MO\u017bE SI\u0118 ZBAWI\u0106 ?\u2026\u201d.<\/b><\/i><\/span><\/span><\/p>\n<p><span style=\"font-size: 20px; color: #008000;\"><span style=\"font-family: Arial, serif;\"><i><b>Dzi\u015b w liturgii wspominamy \u015aw. Jacka dominikanina. Urodzi\u0142 si\u0119 pod koniec XII wieku na \u015al\u0105sku. Przyj\u0105\u0142 habit z r\u0105k samego \u015aw. Dominika. Zak\u0142ada\u0142 klasztory dominika\u0144skie na ziemiach polskich, a tak\u017ce na Rusi i na Pomorzu. Jest patronem naszej Archidiecezji i Metropolii Katowickiej. Dlatego w dzisiejsz\u0105 niedziel\u0119 obchodzimy Jego Uroczysto\u015b\u0107.<\/b><\/i><\/span><\/span><\/p>\n<p align=\"JUSTIFY\"><span style=\"color: #000000; font-size: 20px;\"><span style=\"font-family: Arial, serif;\">Dzi\u015b odbywa si\u0119 Pielgrzymka kobiet i dziewcz\u0105t do <\/span><\/span><\/p>\n<p align=\"JUSTIFY\"><span style=\"color: #000000; font-size: 20px;\"><span style=\"font-family: Arial, serif;\">Matki Boskiej Piekarskiej, \u0142\u0105czymy si\u0119 w modlitwie <\/span><\/span><\/p>\n<p align=\"JUSTIFY\"><span style=\"color: #000000; font-size: 20px;\"><span style=\"font-family: Arial, serif;\">z pielgrzymuj\u0105cymi na wzg\u00f3rze piekarskie. <\/span><\/span><\/p>\n<p align=\"JUSTIFY\"><span style=\"color: #000000; font-size: 20px;\"><span style=\"font-family: Arial, serif;\">Dzisiejsza kolekta przeznaczona jest na potrzeby naszej parafii.<\/span><\/span><\/p>\n<p align=\"JUSTIFY\"><span style=\"color: #000000; font-size: 20px;\"><span style=\"font-family: Arial, serif;\">B\u00f3g zap\u0142a\u0107 za wszelkie ofiary.<\/span><\/span><\/p>\n<p align=\"JUSTIFY\"><span style=\"color: #000000; font-size: 20px;\"><span style=\"font-family: Arial, serif;\">W nadchodz\u0105cym tygodniu prze\u017cywa\u0107 b\u0119dziemy:<\/span><\/span><\/p>\n<p align=\"JUSTIFY\"><span style=\"color: #000000; font-size: 20px;\"><span style=\"font-family: Arial, serif;\">W \u015brod\u0119 przypada wspomnienie \u015aw. Bernarda, opata i doktora Ko\u015bcio\u0142a.<\/span><\/span><\/p>\n<p align=\"JUSTIFY\"><span style=\"color: #000000; font-size: 20px;\"><span style=\"font-family: Arial, serif;\">W czwartek wspominamy \u015aw. Piusa X, papie\u017ca.<\/span><\/span><\/p>\n<p align=\"JUSTIFY\"><span style=\"color: #000000; font-size: 20px;\"><span style=\"font-family: Arial, serif;\">W pi\u0105tek obchodzimy wspomnienie NMP, Kr\u00f3lowej.<\/span><\/span><\/p>\n<p align=\"JUSTIFY\"><span style=\"color: #000000; font-size: 20px;\"><span style=\"font-family: Arial, serif;\">W sobot\u0119 o godzinie 16.00 b\u0119dzie Msza \u015bw. z wigilii XXI Niedzieli Zwyk\u0142ej.<\/span><\/span><\/p>\n<p align=\"JUSTIFY\"><span style=\"color: #000000; font-size: 20px;\"><span style=\"font-family: Arial, serif;\">Kolekta przysz\u0142ej niedzieli przeznaczona b\u0119dzie na Wy\u017csze \u015al\u0105skie Seminarium Duchowne. <\/span><\/span><\/p>\n<p align=\"JUSTIFY\"><span style=\"color: #000000; font-size: 20px;\"><span style=\"font-family: Arial, serif;\">Wszystkim \u017cycz\u0119 dobrego wypoczynku, prze\u017cywania tego czasu w \u0142\u0105czno\u015bci z Bogiem i zapraszam do udzia\u0142u we Mszach \u015bw. i nabo\u017ce\u0144stwach.<\/span><\/span><\/p>\n<p align=\"JUSTIFY\"><span style=\"color: #000000; font-size: 20px;\"><span style=\"font-family: Arial, serif;\">Zach\u0119cam do czytania prasy katolickiej, a zw\u0142aszcza Go\u015bcia Niedzielnego. <span style=\"font-family: Helvetica, serif;\">Dzisiaj w \u201eGo\u015bciu Niedzielnym&#8221; obszerna relacja z uroczysto\u015bci zaprzysi\u0119\u017cenia prezydenta RP Karola Nawrockiego oraz\u00a0rozmowa z\u00a0prowincja\u0142em polskich dominikan\u00f3w o.\u00a0\u0141ukaszem Wi\u015bniewskim\u00a0OP o\u00a0dominika\u0144skiej demokracji, powszechno\u015bci Ko\u015bcio\u0142a i\u00a0wnioskach z\u00a0kapitu\u0142y generalnej zakonu, kt\u00f3ra\u00a0odby\u0142a si\u0119 w\u00a0Krakowie.<\/span><\/span><\/span><\/p>\n","protected":false},"excerpt":{"rendered":"<p>PARAFIA RZYMSKOKATOLICKA \u015aw. Jadwigi \u015al\u0105skiej PSZCZYNA \u2013 STARA WIE\u015a XX Niedziela Zwyk\u0142a od 17.08. do 24.08.2025 r. NIEDZIELA \u2013 17.08.2025 \u2013 Uroczysto\u015b\u0107 \u015bw. JACKA, kap\u0142ana, g\u0142\u00f3wnego patrona archidiecezji i metropolii katowickiej. XX NIEDZIELA ZWYK\u0141A \u2013 Pielgrzymka Kobiet do Matki Bo\u017cej Piekarskiej 7.30 &#8211; Za ++ rodzic\u00f3w Jana i \u0141ucj\u0119 Czembor, Karola i Paulin\u0119 Machulec, ++ [&hellip;]<\/p>\n","protected":false},"author":1,"featured_media":3237,"comment_status":"closed","ping_status":"closed","sticky":false,"template":"","format":"standard","meta":{"footnotes":""},"categories":[6],"tags":[],"class_list":["post-3791","post","type-post","status-publish","format-standard","has-post-thumbnail","hentry","category-ogloszenia"],"_links":{"self":[{"href":"http:\/\/parafiaswjadwigi.pl\/index.php\/wp-json\/wp\/v2\/posts\/3791","targetHints":{"allow":["GET"]}}],"collection":[{"href":"http:\/\/parafiaswjadwigi.pl\/index.php\/wp-json\/wp\/v2\/posts"}],"about":[{"href":"http:\/\/parafiaswjadwigi.pl\/index.php\/wp-json\/wp\/v2\/types\/post"}],"author":[{"embeddable":true,"href":"http:\/\/parafiaswjadwigi.pl\/index.php\/wp-json\/wp\/v2\/users\/1"}],"replies":[{"embeddable":true,"href":"http:\/\/parafiaswjadwigi.pl\/index.php\/wp-json\/wp\/v2\/comments?post=3791"}],"version-history":[{"count":2,"href":"http:\/\/parafiaswjadwigi.pl\/index.php\/wp-json\/wp\/v2\/posts\/3791\/revisions"}],"predecessor-version":[{"id":3793,"href":"http:\/\/parafiaswjadwigi.pl\/index.php\/wp-json\/wp\/v2\/posts\/3791\/revisions\/3793"}],"wp:featuredmedia":[{"embeddable":true,"href":"http:\/\/parafiaswjadwigi.pl\/index.php\/wp-json\/wp\/v2\/media\/3237"}],"wp:attachment":[{"href":"http:\/\/parafiaswjadwigi.pl\/index.php\/wp-json\/wp\/v2\/media?parent=3791"}],"wp:term":[{"taxonomy":"category","embeddable":true,"href":"http:\/\/parafiaswjadwigi.pl\/index.php\/wp-json\/wp\/v2\/categories?post=3791"},{"taxonomy":"post_tag","embeddable":true,"href":"http:\/\/parafiaswjadwigi.pl\/index.php\/wp-json\/wp\/v2\/tags?post=3791"}],"curies":[{"name":"wp","href":"https:\/\/api.w.org\/{rel}","templated":true}]}}