{"id":3784,"date":"2025-08-05T19:42:39","date_gmt":"2025-08-05T17:42:39","guid":{"rendered":"http:\/\/parafiaswjadwigi.pl\/?p=3784"},"modified":"2025-08-05T19:42:39","modified_gmt":"2025-08-05T17:42:39","slug":"nowenna-dziekczynna-w-intencji-ojczyzny-od-6-15-sierpnia-2025","status":"publish","type":"post","link":"http:\/\/parafiaswjadwigi.pl\/index.php\/2025\/08\/05\/nowenna-dziekczynna-w-intencji-ojczyzny-od-6-15-sierpnia-2025\/","title":{"rendered":"Nowenna dzi\u0119kczynna w intencji Ojczyzny od 6-15 sierpnia 2025"},"content":{"rendered":"<div class=\"wp-block-image\">\n<figure class=\"aligncenter size-large\"><a href=\"https:\/\/podtwojaobrone.pl\/\"><img loading=\"lazy\" decoding=\"async\" width=\"1024\" height=\"387\" src=\"http:\/\/parafiaswjadwigi.pl\/wp-content\/uploads\/2025\/08\/podtwojaobrone2-1024x387.png\" alt=\"\" class=\"wp-image-3786\" srcset=\"http:\/\/parafiaswjadwigi.pl\/wp-content\/uploads\/2025\/08\/podtwojaobrone2-1024x387.png 1024w, http:\/\/parafiaswjadwigi.pl\/wp-content\/uploads\/2025\/08\/podtwojaobrone2-300x113.png 300w, http:\/\/parafiaswjadwigi.pl\/wp-content\/uploads\/2025\/08\/podtwojaobrone2-768x290.png 768w, http:\/\/parafiaswjadwigi.pl\/wp-content\/uploads\/2025\/08\/podtwojaobrone2-1536x580.png 1536w, http:\/\/parafiaswjadwigi.pl\/wp-content\/uploads\/2025\/08\/podtwojaobrone2.png 1892w\" sizes=\"auto, (max-width: 1024px) 100vw, 1024px\" \/><\/a><\/figure>\n<\/div>\n\n\n<div id=\"informacje\" class=\"row\">\n<p><span style=\"font-size: 20px;\">Nowenna\u00a0<strong>Pod Twoj\u0105 Obron\u0119<\/strong>\u00a0to dzi\u0119kczynienie Bogu za wys\u0142uchanie wo\u0142ania ca\u0142ego naszego Narodu w wielu r\u00f3\u017cnych inicjatywach modlitewnych, kt\u00f3re zosta\u0142y podj\u0119te w ostatnim czasie, np.: \u201e<i>Nowenna 21:20<\/i>\u201d, czy \u201e<i>Polska na Skale<\/i>\u201d.<\/span><\/p>\n<p><span style=\"font-size: 20px;\">Niech te dzi\u0119kczynne\u00a0<strong>wo\u0142ania do Boga w intencji Ojczyzny<\/strong>\u00a0<strong>jednoczy<\/strong>\u00a0wszystkie \u015brodowiska,\u00a0<strong>wsp\u00f3lnoty<\/strong>,\u00a0<strong>pielgrzym\u00f3w<\/strong>\u00a0i\u00a0<strong>parafie<\/strong>.\u00a0<strong>Dzi\u0119kujmy Bogu<\/strong>\u00a0za wszelkie dobro i oddajmy\u00a0<strong>Maryi, Kr\u00f3lowej Polski<\/strong>, wszystkie aspekty naszego \u017cycia osobistego, rodzinnego, narodowego i spo\u0142ecznego.<\/span><\/p>\n<p><span style=\"font-size: 20px;\">W ka\u017cdym dniu Nowenny otoczymy modlitw\u0105 konkretne obszary naszego Narodu \u00a0tj.\u00a0<strong>Ojczyzn\u0119, prezydenta, rz\u0105dz\u0105cych, rodziny, kobiety, m\u0119\u017cczyzn, m\u0142odzie\u017c i dzieci,\u00a0<\/strong>a tak\u017ce\u00a0<strong>Europ\u0119\u00a0<\/strong>oraz<strong>\u00a0Ko\u015bci\u00f3\u0142<\/strong>\u00a0i\u00a0<strong>zawierzymy je Kr\u00f3lowej Polski<\/strong>.<\/span><\/p>\n<p><span style=\"font-size: 20px;\">Nowenn\u0119 rozpoczniemy\u00a0<strong>6 sierpnia<\/strong>, a zako\u0144czymy\u00a0<strong>14 sierpnia<\/strong>. Jako zwie\u0144czenie modlitwy proponujemy, aby\u00a0<strong>15 sierpnia<\/strong>\u00a0odm\u00f3wi\u0107 w swoich parafiach, domach, czy podczas pielgrzymek do sanktuari\u00f3w maryjnych\u00a0<strong>akt oddania si\u0119 Matce Bo\u017ce<\/strong>\u00a0w niewol\u0119 mi\u0142o\u015bci, zatwierdzony przez b\u0142ogos\u0142awionego kardyna\u0142a Stefana Wyszy\u0144skiego.<\/span><\/p>\n<p><span style=\"font-size: 20px;\">Szczeg\u00f3lnie zach\u0119camy parafie, ks. proboszcz\u00f3w do propagowania Nowenny\u00a0<strong>Pod Twoj\u0105 Obron\u0119<\/strong>\u00a0w\u015br\u00f3d wiernych oraz organizowanie wsp\u00f3lnej modlitwy np. po wieczornej Mszy \u015awi\u0119tej. Poni\u017cej materia\u0142y do druku &#8211; nowenna, banery oraz ulotka o inicjatywie.\u00a0<\/span><\/p>\n<p><span style=\"font-size: 20px;\"><strong>Patronat honorowy\u00a0<\/strong>nad wydarzeniem obj\u0119li\u00a0<strong>Arcybiskup Zbigniew Zieli\u0144ski,\u00a0<\/strong>Metropolita Pozna\u0144ski, kt\u00f3ry zapewnia o swojej modlitwie, udziela organizatorom i wszystkim uczestnikom pasterskiego b\u0142ogos\u0142awie\u0144stwa\u00a0<a href=\"https:\/\/podtwojaobrone.pl\/pto\/Pod_Twoja_Obrone_blogoslawienstwo_abp_Zbigniew_Zielinski.png\" target=\"_self\">Iink<\/a>, oraz\u00a0<strong>Biskup Romuald Kami\u0144ski<\/strong>, Ordynariusz Warszawsko-Praskiej, kt\u00f3rego zawo\u0142aniem biskupim jest\u00a0<strong>Pod Twoj\u0105 Obron\u0119<\/strong>\u00a0oraz\u00a0<strong>Instytut Prymasa Wyszy\u0144skiego\u00a0<\/strong>Pe\u0142n\u0105 list\u0119 patron\u00f3w znajdziecie poni\u017cej lub pod\u00a0<a href=\"https:\/\/podtwojaobrone.pl\/#patroni\" target=\"_self\">linkiem.<\/a><\/span><\/p>\n<p><span style=\"font-size: 20px;\"><strong>Kr\u00f3lowo Polski dzi\u0119kujemy i zawierzamy Tobie losy naszego Narodu i ka\u017cdego z nas!\u00a0<\/strong><\/span><\/p>\n<p><span style=\"font-size: 20px;\"><strong>DO\u0141\u0104CZ DO MODLITWY<\/strong>, zapisy i map\u0119 znajdziesz poni\u017cej lub\u00a0<a href=\"https:\/\/podtwojaobrone.pl\/#dolacz\" target=\"_self\">KLIKNIJ<\/a>!\u00a0<\/span><\/p>\n<\/div>\n<div id=\"nowenna\" class=\"row\">\n<h1 class=\"text-uppercase\"><span style=\"font-size: 20px;\">Jak si\u0119 modli\u0107<\/span><\/h1>\n<p><span style=\"font-size: 20px;\">Znak krzy\u017ca<\/span><\/p>\n<p><span style=\"font-size: 20px;\">Odczytanie danego dnia nowenny<\/span><\/p>\n<p><span style=\"font-size: 20px;\">Pod Twoj\u0105 Obron\u0119 &#8230;<\/span><\/p>\n<p><span style=\"font-size: 20px;\">Dowolna tajemnica r\u00f3\u017ca\u0144ca<\/span><\/p>\n<h1>Modlitw\u0119 na poszczeg\u00f3lne dni znajdziesz na stronie: <a href=\"https:\/\/podtwojaobrone.pl\/\">podtwojaobrone.pl<\/a><\/h1>\n<h1><br \/>Modlitwa za Ojczyzn\u0119 ks. Piotra Skargi SJ<\/h1>\n<p>Bo\u017ce, Rz\u0105dco i Panie narod\u00f3w, z r\u0119ki i karno\u015bci Twojej racz nas nie wypuszcza\u0107, a za przyczyn\u0105 Naj\u015bwi\u0119tszej Panny, Kr\u00f3lowej naszej, b\u0142ogos\u0142aw Ojczy\u017anie naszej, by Tobie zawsze wierna, chwa\u0142\u0119 przynosi\u0142a Imieniowi Twemu a syny swe wiod\u0142a ku szcz\u0119\u015bliwo\u015bci.<br \/>Wszechmog\u0105cy wieczny Bo\u017ce, spu\u015b\u0107 nam szerok\u0105 i g\u0142\u0119bok\u0105 mi\u0142o\u015b\u0107 ku braciom i najmilszej Matce, Ojczy\u017anie naszej, by\u015bmy jej i ludowi Twemu, swoich po\u017cytk\u00f3w zapomniawszy, mogli s\u0142u\u017cy\u0107 uczciwie.<br \/>Ze\u015blij Ducha \u015awi\u0119tego na s\u0142ugi Twoje, rz\u0105dy kraju naszego sprawuj\u0105ce, by wedle woli Twojej ludem sobie powierzonym m\u0105drze i sprawiedliwie zdo\u0142ali kierowa\u0107.<br \/>Przez Chrystusa, Pana naszego.\u00a0<strong>Amen!<\/strong><\/p>\n<p>\u00a0<\/p>\n<\/div>\n","protected":false},"excerpt":{"rendered":"<p>Nowenna\u00a0Pod Twoj\u0105 Obron\u0119\u00a0to dzi\u0119kczynienie Bogu za wys\u0142uchanie wo\u0142ania ca\u0142ego naszego Narodu w wielu r\u00f3\u017cnych inicjatywach modlitewnych, kt\u00f3re zosta\u0142y podj\u0119te w ostatnim czasie, np.: \u201eNowenna 21:20\u201d, czy \u201ePolska na Skale\u201d. Niech te dzi\u0119kczynne\u00a0wo\u0142ania do Boga w intencji Ojczyzny\u00a0jednoczy\u00a0wszystkie \u015brodowiska,\u00a0wsp\u00f3lnoty,\u00a0pielgrzym\u00f3w\u00a0i\u00a0parafie.\u00a0Dzi\u0119kujmy Bogu\u00a0za wszelkie dobro i oddajmy\u00a0Maryi, Kr\u00f3lowej Polski, wszystkie aspekty naszego \u017cycia osobistego, rodzinnego, narodowego i spo\u0142ecznego. W [&hellip;]<\/p>\n","protected":false},"author":1,"featured_media":3785,"comment_status":"closed","ping_status":"","sticky":false,"template":"","format":"standard","meta":{"footnotes":""},"categories":[3],"tags":[],"class_list":["post-3784","post","type-post","status-publish","format-standard","has-post-thumbnail","hentry","category-informacje"],"_links":{"self":[{"href":"http:\/\/parafiaswjadwigi.pl\/index.php\/wp-json\/wp\/v2\/posts\/3784","targetHints":{"allow":["GET"]}}],"collection":[{"href":"http:\/\/parafiaswjadwigi.pl\/index.php\/wp-json\/wp\/v2\/posts"}],"about":[{"href":"http:\/\/parafiaswjadwigi.pl\/index.php\/wp-json\/wp\/v2\/types\/post"}],"author":[{"embeddable":true,"href":"http:\/\/parafiaswjadwigi.pl\/index.php\/wp-json\/wp\/v2\/users\/1"}],"replies":[{"embeddable":true,"href":"http:\/\/parafiaswjadwigi.pl\/index.php\/wp-json\/wp\/v2\/comments?post=3784"}],"version-history":[{"count":1,"href":"http:\/\/parafiaswjadwigi.pl\/index.php\/wp-json\/wp\/v2\/posts\/3784\/revisions"}],"predecessor-version":[{"id":3787,"href":"http:\/\/parafiaswjadwigi.pl\/index.php\/wp-json\/wp\/v2\/posts\/3784\/revisions\/3787"}],"wp:featuredmedia":[{"embeddable":true,"href":"http:\/\/parafiaswjadwigi.pl\/index.php\/wp-json\/wp\/v2\/media\/3785"}],"wp:attachment":[{"href":"http:\/\/parafiaswjadwigi.pl\/index.php\/wp-json\/wp\/v2\/media?parent=3784"}],"wp:term":[{"taxonomy":"category","embeddable":true,"href":"http:\/\/parafiaswjadwigi.pl\/index.php\/wp-json\/wp\/v2\/categories?post=3784"},{"taxonomy":"post_tag","embeddable":true,"href":"http:\/\/parafiaswjadwigi.pl\/index.php\/wp-json\/wp\/v2\/tags?post=3784"}],"curies":[{"name":"wp","href":"https:\/\/api.w.org\/{rel}","templated":true}]}}