{"id":3761,"date":"2025-07-06T08:57:12","date_gmt":"2025-07-06T06:57:12","guid":{"rendered":"http:\/\/parafiaswjadwigi.pl\/?p=3761"},"modified":"2025-07-13T13:18:43","modified_gmt":"2025-07-13T11:18:43","slug":"ogloszenia-od-06-07-2025-do-13-07-2025","status":"publish","type":"post","link":"http:\/\/parafiaswjadwigi.pl\/index.php\/2025\/07\/06\/ogloszenia-od-06-07-2025-do-13-07-2025\/","title":{"rendered":"Og\u0142oszenia od 06.07.2025 do 13.07.2025"},"content":{"rendered":"\n<p style=\"text-align: center;\"><span style=\"font-size: 28px;\"><u><b>PARAFIA RZYMSKOKATOLICKA<\/b><\/u><\/span><\/p>\n<p style=\"text-align: center;\"><span style=\"font-size: 28px;\"><b> \u015aw. Jadwigi \u015al\u0105skiej PSZCZYNA \u2013 STARA WIE\u015a <\/b><\/span><\/p>\n<p style=\"text-align: center;\"><span style=\"color: #ff0000; font-size: 28px;\"> <i><b> XIV Niedziela Zwyk\u0142a od 06.07. do 13.07.2025 r.<\/b><\/i><\/span><\/p>\n<p align=\"LEFT\"><span style=\"color: #ff0000; font-size: 20px;\"><span style=\"font-family: Arial, serif;\"><b>NIEDZIELA \u2013 06.07.2025 \u2013 XIV NIEDZIELA ZWYK\u0141A<\/b><\/span><\/span><\/p>\n<p align=\"LEFT\"><span style=\"color: #ff0000; font-size: 20px;\"> <span style=\"font-family: Arial, serif;\"><i>7.30 &#8211; Za + Ma\u0142gorzat\u0119 Kasza w III rocznic\u0119 \u015bmierci<\/i><\/span><\/span><\/p>\n<p align=\"LEFT\"><span style=\"color: #ff0000; font-size: 20px;\"> <span style=\"font-family: Arial, serif;\"><i>9.30 &#8211; Za + tat\u0119 Wiktora Pistelok we wspomnienie urodzin<\/i><\/span><\/span><\/p>\n<p align=\"JUSTIFY\"><span style=\"font-family: Arial, serif; font-size: 20px;\"><i><span style=\"color: #ff0000;\">11.00 &#8211; Za + Henryka Blaut<\/span><\/i><\/span><\/p>\n<p align=\"JUSTIFY\"><span style=\"font-family: Arial, serif; font-size: 20px;\"><i><b><span style=\"color: #000000;\">PONIEDZIA\u0141EK \u2013 07.07.2025 <\/span><\/b><\/i><\/span><\/p>\n<p align=\"JUSTIFY\"><span style=\"color: #000000; font-size: 20px;\"> <span style=\"font-family: Arial, serif;\"><i>7.00 &#8211; <\/i>Do Opatrzno\u015bci Bo\u017cej przez wstawiennictwo Matki Bo\u017cej i \u015bw. Jadwigi z podzi\u0119kowaniem za otrzymane \u0142aski, z pro\u015bb\u0105 o b\u0142ogos\u0142awie\u0144stwo Bo\u017ce i zdrowie dla Antoniego Larysz z okazji 65 rocznicy urodzin \u2013 od kole\u017canki Danieli<\/span><\/span><\/p>\n<p align=\"JUSTIFY\"><span style=\"font-family: Arial, serif; font-size: 20px;\"><i> <span style=\"color: #000000;\"><b>Modlitwy za wstawiennictwem \u015aw. Jana Paw\u0142a II<\/b><\/span><\/i><\/span><\/p>\n<p align=\"JUSTIFY\"><span style=\"font-family: Arial, serif; font-size: 20px;\"><i><b>WTOREK \u2013 08.07.2025 \u2013 Wsp. \u015aw. JANA z DUKLI, prezbitera<\/b><\/i><\/span><\/p>\n<p align=\"JUSTIFY\"><span style=\"color: #000000; font-size: 20px;\"> <span style=\"font-family: Arial, serif;\"><i>7.00 &#8211; Za + Boles\u0142awa Matula w XXIII rocznic\u0119 \u015bmierci, ++ rodzic\u00f3w i rodze\u0144stwo<\/i><\/span><\/span><\/p>\n<p align=\"JUSTIFY\"><span style=\"font-family: Arial, serif; font-size: 20px;\"><i> <span style=\"color: #000000;\"><b>Modlitwy za wstawiennictwem naszej Patronki \u015aw. Jadwigi \u015al\u0105skiej<\/b><\/span><\/i><\/span><\/p>\n<p align=\"JUSTIFY\"><span style=\"font-family: Arial, serif; font-size: 20px;\"><i><b>\u015aRODA \u2013 09.07.2025 <\/b><\/i><\/span><\/p>\n<p align=\"JUSTIFY\"><span style=\"font-family: Arial, serif; font-size: 20px;\"><i><span style=\"color: #000000;\">6.30 &#8211; <\/span><span style=\"color: #000000;\"><b>Nowenna do Matki Bo\u017cej Nieustaj\u0105cej Pomocy &#8211; godzinki<\/b><\/span> <\/i><\/span><\/p>\n<p><span style=\"color: #ff0000; font-size: 20px;\"><span style=\"color: #00000a;\"> <span style=\"font-family: Arial, serif;\">7.00 &#8211; Za + Rudolfa Go\u0142ek i ++ rodzic\u00f3w<\/span><\/span><\/span><\/p>\n<p align=\"LEFT\"><span style=\"color: #ff0000; font-size: 20px;\"><span style=\"font-family: Arial, serif;\"><b><span style=\"color: #00000a;\">CZWARTEK \u2013 10.07.2025 <\/span><\/b><\/span><\/span><\/p>\n<p align=\"JUSTIFY\"><span style=\"font-family: Arial, serif; font-size: 20px;\"><i>18.00 &#8211; Za + m\u0119\u017ca Alojzego Janosz w kolejn\u0105 rocznic\u0119 \u015bmierci, ++ rodzic\u00f3w obu stron i ++ rodze\u0144stwo <\/i><\/span><\/p>\n<p align=\"JUSTIFY\"><span style=\"font-family: Arial, serif; font-size: 20px;\"><i><b>PI\u0104TEK \u2013 11.07.2025 \u2013 \u015awi\u0119to \u015aw. BENEDYKTA, opata, patrona Europy<\/b><\/i><\/span><\/p>\n<p align=\"JUSTIFY\"><span style=\"font-family: Arial, serif; font-size: 20px;\"><i>18.00 &#8211; <span style=\"color: #000000;\">Za ++ Ann\u0119 i Franciszka Drzyzga \u2013 od wnuczki Klaudii z rodzin\u0105<\/span><\/i><\/span><\/p>\n<p align=\"JUSTIFY\"><span style=\"font-family: Arial, serif; font-size: 20px;\"><i><b><span style=\"color: #000000;\">SOBOTA \u201312.07.2025 <\/span>\u2013 Wsp. \u015aw. BRUNONA BONIFACEGO z Kwerfurtu, bpa i m\u0119cz. <\/b><\/i><\/span><\/p>\n<p align=\"LEFT\"><span style=\"font-family: Arial, serif; font-size: 20px;\"><i>8.00 &#8211; <span style=\"color: #000000;\">Przez wstawiennictwo NMP R\u00f3\u017ca\u0144cowej w intencji R\u00f3\u017c R\u00f3\u017ca\u0144cowych naszej parafii<\/span><\/i><\/span><\/p>\n<p align=\"JUSTIFY\"><span style=\"font-family: Arial, serif; font-size: 20px;\"><i><span style=\"color: #ff0000;\"><b>16.00<\/b><\/span><span style=\"color: #ff0000;\"> &#8211; <\/span><span style=\"color: #ff0000;\"><b>Msza \u015aw. z wigilii XV NIEDZIELI ZWYK\u0141EJ. <\/b><\/span>Do Opatrzno\u015bci Bo\u017cej przez wstawiennictwo Matki Bo\u017cej i \u015bw. Jadwigi z podzi\u0119kowaniem za otrzymane \u0142aski, z pro\u015bb\u0105 o b\u0142ogos\u0142awie\u0144stwo Bo\u017ce i zdrowie dla Adama K\u0119pki z okazji 60 rocznicy urodzin<\/i><\/span><\/p>\n<p align=\"LEFT\"><span style=\"color: #ff0000; font-size: 20px;\"><span style=\"font-family: Arial, serif;\"><b>NIEDZIELA \u2013 13.07.2025 \u2013 XV NIEDZIELA ZWYK\u0141A <span style=\"color: #0000ff;\">&#8211; Dzie\u0144 Fatimski<\/span><\/b><\/span><\/span><\/p>\n<p align=\"LEFT\"><span style=\"font-family: Arial, serif; font-size: 20px;\"><i><span style=\"color: #ff0000;\">7.30 &#8211; Za + Aniel\u0119 Koczar we wspomnienie urodzin<\/span><\/i><\/span><\/p>\n<p align=\"LEFT\"><span style=\"color: #ff0000; font-size: 20px;\"> <span style=\"font-family: Arial, serif;\"><i>9.30 &#8211; Za ++ Franciszk\u0119 i Walentego P\u0142aweckich, syn\u00f3w Tadeusza i Henryka, zi\u0119cia Stefana i wnuczk\u0119 Brygid\u0119<\/i><\/span><\/span><\/p>\n<p align=\"JUSTIFY\"><span style=\"font-family: Arial, serif; font-size: 20px;\"><i><span style=\"color: #ff0000;\">11.00 &#8211; 1\/ Do Opatrzno\u015bci Bo\u017cej przez wstawiennictwo Matki Bo\u017cej i \u015bw. Jadwigi z podzi\u0119kowaniem za otrzymane \u0142aski, z pro\u015bb\u0105 o b\u0142ogos\u0142awie\u0144stwo Bo\u017ce i zdrowie dla rodziny Le\u015bnikowskich<\/span><\/i><\/span><\/p>\n<p align=\"JUSTIFY\"><span style=\"font-family: Arial, serif; font-size: 20px;\"><i><span style=\"color: #ff0000;\"> 2\/ Do Opatrzno\u015bci Bo\u017cej przez wstawiennictwo Matki Bo\u017cej i \u015bw. Jadwigi z podzi\u0119kowaniem za otrzymane \u0142aski, z pro\u015bb\u0105 o b\u0142ogos\u0142awie\u0144stwo Bo\u017ce i zdrowie w intencji Anny i Zbigniewa Kaczmarek z okazji 45 rocznicy \u015blubu<\/span><\/i><\/span><\/p>\n<p align=\"LEFT\"><span style=\"font-family: Arial, serif; font-size: 20px;\"><i><span style=\"color: #ff0000;\">19.30 &#8211; <\/span><span style=\"color: #0000ff;\"><b>NABO\u017bE\u0143STWO<\/b><\/span><span style=\"color: #0000ff;\">, <\/span><span style=\"color: #0000ff;\"><b>R\u00d3\u017bANIEC FATIMSKI <\/b><\/span><span style=\"color: #0000ff;\"><b>\u2013 nabo\u017ce\u0144stwo, procesja ze \u015bwiecami<\/b><\/span> <span style=\"color: #0000ff;\"><b>w plenerze przy grocie <\/b><\/span><\/i><\/span><\/p>\n<p style=\"text-align: center;\"><span style=\"font-size: 24px;\"><u><b>PARAFIA RZYMSKOKATOLICKA<\/b><\/u><\/span><\/p>\n<p style=\"text-align: center;\"><span style=\"font-size: 24px;\"><b>\u015aw. Jadwigi<\/b> <b>\u015al. <\/b><i><b> <\/b><\/i><b>PSZCZYNA- STARA WIE\u015a<\/b><i><b> <\/b><\/i><b> <\/b><\/span><\/p>\n<p style=\"text-align: center;\"><span style=\"font-size: 24px;\"><b>Strona Internetowa Parafii: <\/b><span style=\"color: #ff0000;\"><b>www.parafiaswjadwigi.pl<\/b><\/span><b> <\/b><\/span><\/p>\n<p style=\"text-align: center;\"><span style=\"font-size: 24px;\"><span style=\"color: #000000;\"><i><u><b>Konto Parafii:<\/b><\/u><\/i><\/span> <span style=\"color: #000000;\"><b>z dopiskiem na cele kultu religijnego<\/b><\/span><\/span><\/p>\n<p style=\"text-align: center;\"><span style=\"font-size: 24px;\"><b>Bank Pekao S.A. 79 1240 1330 1111 0010 9381 2556<\/b><\/span><\/p>\n<p style=\"text-align: center;\" align=\"CENTER\"><span style=\"color: #ff0000; font-size: 24px;\"><span style=\"font-family: Arial, serif;\"><b>OG\u0141OSZENIA DUSZPASTERSKIE<\/b><\/span><\/span><\/p>\n<p style=\"text-align: center;\" align=\"CENTER\"><span style=\"color: #ff0000; font-size: 24px;\"><span style=\"font-family: Arial, serif;\"><b>XIV NIEDZIELA ZWYK\u0141A \u2013 06.07.2025<\/b><\/span><\/span><\/p>\n<p style=\"text-align: right;\" align=\"LEFT\"><span style=\"color: #339966; font-size: 20px;\">\u201e <span style=\"font-family: Arial, serif;\"><i><b>ID\u0179CIE, OTO WAS POSY\u0141AM \u2026\u201d.<\/b><\/i><\/span><\/span><\/p>\n<p><span style=\"color: #339966; font-size: 20px;\"><span style=\"font-family: Arial, serif;\"><i><b>W liturgii s\u0142owa dzisiejszej niedzieli us\u0142yszymy s\u0142owa Jezusa, kt\u00f3ry posy\u0142a swoich uczni\u00f3w \u201ejak owce mi\u0119dzy wilki\u201d. W zwyk\u0142ych warunkach by\u0142aby to misja samob\u00f3jcza, ale chrze\u015bcijanie, kt\u00f3rzy id\u0105 tam, gdzie nasz Pan wska\u017ce, i robi\u0105, co On poleci, ufaj\u0105 Bogu bardziej ni\u017c swoim obawom. B\u00f3g ufaj\u0105cych Mu nigdy nie zawodzi. Owce pos\u0142ane mi\u0119dzy wilki s\u0105 bezpieczne, bo nie id\u0105 same \u2013 chroni je Pasterz. Pro\u015bmy podczas tej Eucharystii o odwag\u0119 p\u00f3j\u015bcia za Chrystusem ze \u015bwiadomo\u015bci\u0105, \u017ce to najlepsza decyzja, jak\u0105 cz\u0142owiek mo\u017ce podj\u0105\u0107.<\/b><\/i><\/span><\/span><\/p>\n<p align=\"LEFT\"><span style=\"color: #000000; font-size: 20px;\"><span style=\"font-family: Arial, serif;\">Dzisiejsza kolekta przeznaczona jest na potrzeby naszej parafii. Przed ko\u015bcio\u0142em zesp\u00f3\u0142 charytatywny przeprowadzi zbi\u00f3rk\u0119 na pomoc dla Syrii i Ukrainy.<\/span><\/span><\/p>\n<p align=\"LEFT\"><span style=\"color: #000000; font-size: 20px;\"><span style=\"font-family: Arial, serif;\">We wtorek wspominamy \u015aw. Jana z Dukli, prezbitera. <\/span><\/span><\/p>\n<p align=\"LEFT\"><span style=\"color: #000000; font-size: 20px;\"><span style=\"font-family: Arial, serif;\">W pi\u0105tek obchodzimy \u015awi\u0119to \u015aw. Benedykta, opata, patrona Europy. O godzinie 17.00 Adoracja Naj\u015bwi\u0119tszego Sakramentu i o 18.00 Msza \u015aw.<\/span><\/span><\/p>\n<p align=\"LEFT\"><span style=\"color: #000000; font-size: 20px;\"><span style=\"font-family: Arial, serif;\">W sobot\u0119 przypada wspomnienie \u015aw. Brunona Bonifacego z Kwerfurtu, biskupa i m\u0119czennika. Jest to II sobota miesi\u0105ca dlatego zapraszam wszystkich parafian o godzinie 8.00 na Msz\u0119 \u015bw. w intencji R\u00f3\u017c R\u00f3\u017ca\u0144cowych naszej parafii. O godzinie 16.00 b\u0119dzie Msza \u015aw. z wigilii XV Niedzieli Zwyk\u0142ej.<\/span><\/span><\/p>\n<p align=\"LEFT\"><span style=\"color: #000000; font-size: 20px;\"><span style=\"font-family: Arial, serif;\">W przysz\u0142\u0105 niedziel\u0119 przypada Dzie\u0144 Fatimski. O godzinie 19.30 zapraszam wszystkich parafian na Nabo\u017ce\u0144stwo i R\u00f3\u017caniec Fatimski w plenerze przy grocie i procesj\u0119 z figur\u0105 Matki Bo\u017cej i ze \u015bwiecami wok\u00f3\u0142 ko\u015bcio\u0142a. Kolekta specjalna kopertowa przeznaczona b\u0119dzie na zap\u0142at\u0119 za nowe przy\u0142\u0105cze wody i na utrzymanie naszego cmentarza \u201e\u015awi\u0119tego Krzy\u017ca\u201d. <\/span><\/span><\/p>\n<p align=\"JUSTIFY\"><span style=\"color: #000000; font-size: 20px;\"><span style=\"font-family: Arial, serif;\">Przypominamy o naszym Pikniku Osiedlowo-Parafialnym w najbli\u017csz\u0105 sobot\u0119 12.07.br., kt\u00f3ry odb\u0119dzie si\u0119 w obej\u015bciu naszego ko\u015bcio\u0142a od g. 16.00. Bawi\u0142 nas b\u0119dzie zesp\u00f3\u0142 muzyczny \u201eBella Musica\u201d, dla dzieci b\u0119d\u0105 dmucha\u0144ce i inne atrakcje. Dla wszystkich kawa, ciasto i ciep\u0142e posi\u0142ki. Doch\u00f3d z Pikniku w ca\u0142o\u015bci przeznaczony b\u0119dzie na pomoc w leczeniu naszego parafianina Miecia Pacanowskiego. Tradycyjnie prosimy o przyniesienie ciast do salki przy kaplicy od godz. 13.00 do 14.00. Szczeg\u00f3\u0142y o Pikniku na plakatach. Prosimy tak\u017ce ch\u0119tnych do prac porz\u0105dkowych oraz m\u0119\u017cczyzn do pomocy przy ustawianiu sceny i namiot\u00f3w w pi\u0105tek o godzinie 18.00.<\/span><\/span><\/p>\n<p align=\"LEFT\"><span style=\"color: #000000; font-size: 20px;\"><span style=\"font-family: Arial, serif;\">W trwaj\u0105cym okresie wakacji i urlop\u00f3w zach\u0119cam wiernych do po\u015bwi\u0119cenia wi\u0119cej czasu na modlitw\u0119, czytanie ksi\u0105\u017cek i czasopism katolickich, a zw\u0142aszcza Go\u015bcia Niedzielnego. <span style=\"font-family: Helvetica, serif;\">W\u00a0najnowszym \u201eGo\u015bciu Niedzielnym&#8221; rozmowa z\u00a0ust\u0119puj\u0105cym prezydentem\u00a0RP Andrzejem Dud\u0105, kt\u00f3ry\u00a0m.in.\u00a0odpowiada na\u00a0pytanie, czy\u00a0podejmie nowe zadania w\u00a0polityce, oraz\u00a0o\u00a0tym, dlaczego w\u00a0Polsce dzieci odbierane s\u0105 rodzicom.<\/span><\/span><\/span><\/p>\n<p style=\"text-align: center;\" align=\"JUSTIFY\"><span style=\"color: #000000; font-size: 20px;\"><span style=\"font-family: Arial, serif;\"><b>Wszystkim \u017cycz\u0119 b\u0142ogos\u0142awionych, radosnych i bezpiecznych wakacji.<\/b><\/span><\/span><\/p>\n\n\n","protected":false},"excerpt":{"rendered":"<p>PARAFIA RZYMSKOKATOLICKA \u015aw. Jadwigi \u015al\u0105skiej PSZCZYNA \u2013 STARA WIE\u015a XIV Niedziela Zwyk\u0142a od 06.07. do 13.07.2025 r. NIEDZIELA \u2013 06.07.2025 \u2013 XIV NIEDZIELA ZWYK\u0141A 7.30 &#8211; Za + Ma\u0142gorzat\u0119 Kasza w III rocznic\u0119 \u015bmierci 9.30 &#8211; Za + tat\u0119 Wiktora Pistelok we wspomnienie urodzin 11.00 &#8211; Za + Henryka Blaut PONIEDZIA\u0141EK \u2013 07.07.2025 7.00 &#8211; [&hellip;]<\/p>\n","protected":false},"author":1,"featured_media":3237,"comment_status":"closed","ping_status":"closed","sticky":false,"template":"","format":"standard","meta":{"footnotes":""},"categories":[6],"tags":[],"class_list":["post-3761","post","type-post","status-publish","format-standard","has-post-thumbnail","hentry","category-ogloszenia"],"_links":{"self":[{"href":"http:\/\/parafiaswjadwigi.pl\/index.php\/wp-json\/wp\/v2\/posts\/3761","targetHints":{"allow":["GET"]}}],"collection":[{"href":"http:\/\/parafiaswjadwigi.pl\/index.php\/wp-json\/wp\/v2\/posts"}],"about":[{"href":"http:\/\/parafiaswjadwigi.pl\/index.php\/wp-json\/wp\/v2\/types\/post"}],"author":[{"embeddable":true,"href":"http:\/\/parafiaswjadwigi.pl\/index.php\/wp-json\/wp\/v2\/users\/1"}],"replies":[{"embeddable":true,"href":"http:\/\/parafiaswjadwigi.pl\/index.php\/wp-json\/wp\/v2\/comments?post=3761"}],"version-history":[{"count":3,"href":"http:\/\/parafiaswjadwigi.pl\/index.php\/wp-json\/wp\/v2\/posts\/3761\/revisions"}],"predecessor-version":[{"id":3765,"href":"http:\/\/parafiaswjadwigi.pl\/index.php\/wp-json\/wp\/v2\/posts\/3761\/revisions\/3765"}],"wp:featuredmedia":[{"embeddable":true,"href":"http:\/\/parafiaswjadwigi.pl\/index.php\/wp-json\/wp\/v2\/media\/3237"}],"wp:attachment":[{"href":"http:\/\/parafiaswjadwigi.pl\/index.php\/wp-json\/wp\/v2\/media?parent=3761"}],"wp:term":[{"taxonomy":"category","embeddable":true,"href":"http:\/\/parafiaswjadwigi.pl\/index.php\/wp-json\/wp\/v2\/categories?post=3761"},{"taxonomy":"post_tag","embeddable":true,"href":"http:\/\/parafiaswjadwigi.pl\/index.php\/wp-json\/wp\/v2\/tags?post=3761"}],"curies":[{"name":"wp","href":"https:\/\/api.w.org\/{rel}","templated":true}]}}