{"id":3334,"date":"2025-02-22T16:11:55","date_gmt":"2025-02-22T15:11:55","guid":{"rendered":"http:\/\/parafiaswjadwigi.pl\/?p=3334"},"modified":"2025-03-02T19:33:57","modified_gmt":"2025-03-02T18:33:57","slug":"ogloszenia-od-23-02-2024-do-02-03-2025","status":"publish","type":"post","link":"http:\/\/parafiaswjadwigi.pl\/index.php\/2025\/02\/22\/ogloszenia-od-23-02-2024-do-02-03-2025\/","title":{"rendered":"Og\u0142oszenia od 23.02.2024 do 02.03.2025"},"content":{"rendered":"\n<p style=\"text-align: center;\"><span style=\"font-size: 28px;\"><u><b>PARAFIA RZYMSKOKATOLICKA<\/b><\/u><\/span><\/p>\n<p style=\"text-align: center;\"><span style=\"font-size: 28px;\"><b> \u015aw. Jadwigi \u015al\u0105skiej PSZCZYNA \u2013 STARA WIE\u015a <\/b><\/span><\/p>\n<p style=\"text-align: center;\"><span style=\"color: #339966; font-size: 28px;\"><i><b> VII Niedziela Zwyk\u0142a od 23.02. do 02.03.2025 r.<\/b><\/i><\/span><\/p>\n<p align=\"JUSTIFY\"><span style=\"font-family: Arial, serif; font-size: 20px;\"><i><b><span style=\"color: #ff0000;\">NIEDZIELA \u2013 23.02.2025 \u2013 VII Niedziela Zwyk\u0142a<\/span><\/b><\/i><\/span><\/p>\n<p><span style=\"color: #ff0000; font-size: 20px;\"> <span style=\"font-family: Arial, serif;\">7.30 &#8211; <b>ZA PARAFIAN<\/b><\/span><\/span><\/p>\n<p><span style=\"color: #ff0000; font-size: 20px;\"> <span style=\"font-family: Arial, serif;\">9.30 &#8211; Za + m\u0119\u017ca Dariusza Szpek we wspomnienie urodzin<\/span><\/span><\/p>\n<p align=\"LEFT\"><span style=\"font-family: Arial, serif; font-size: 20px;\"><i><span style=\"color: #ff0000;\">11.00 &#8211; Do Opatrzno\u015bci Bo\u017cej za wstawiennictwem Matki Bo\u017cej i \u015aw. Jadwigi z podzi\u0119kowaniem za otrzymane \u0142aski, z pro\u015bb\u0105 o dalsze b\u0142ogos\u0142awie\u0144stwo Bo\u017ce i zdrowie w intencji Krystyny Stanieczek z okazji 75 rocznicy urodzin<\/span><\/i><\/span><\/p>\n<p align=\"JUSTIFY\"><span style=\"font-family: Arial, serif; font-size: 20px;\"><i><b><span style=\"color: #000000;\">PONIEDZIA\u0141EK \u2013 24.02.2025<\/span><\/b><\/i><\/span><\/p>\n<p><span style=\"color: #ff0000; font-size: 20px;\"><span style=\"color: #000000;\"> <span style=\"font-family: Arial, serif;\">7.00 &#8211; Za + m\u0119\u017ca Wiktora Pistelok<\/span><\/span><\/span><\/p>\n<p align=\"JUSTIFY\"><span style=\"font-family: Arial, serif; font-size: 20px;\"><i> <span style=\"color: #000000;\"><b>Modlitwy za wstawiennictwem \u015aw. Jana Paw\u0142a II<\/b><\/span> <\/i><\/span><\/p>\n<p align=\"JUSTIFY\"><span style=\"font-family: Arial, serif; font-size: 20px;\"><i><b><span style=\"color: #000000;\">WTOREK \u2013 25.02.2025<\/span><\/b><\/i><\/span><\/p>\n<p><span style=\"color: #ff0000; font-size: 20px;\"><span style=\"color: #000000;\"> <span style=\"font-family: Arial, serif;\">7.00 &#8211; O zdrowie i szcz\u0119\u015bliwy przebieg operacji dla Moniki i o dary Ducha \u015awi\u0119tego dla lekarzy<\/span><\/span><\/span><\/p>\n<p align=\"JUSTIFY\"><span style=\"font-family: Arial, serif; font-size: 20px;\"><i> <span style=\"color: #000000;\"><b>Modlitwy za wstawiennictwem naszej Patronki \u015aw. Jadwigi \u015al\u0105skiej<\/b><\/span><\/i><\/span><\/p>\n<p align=\"JUSTIFY\"><span style=\"font-family: Arial, serif; font-size: 20px;\"><i><b><span style=\"color: #000000;\">\u015aRODA \u2013 26.02.2025 <\/span><\/b><\/i><\/span><\/p>\n<p align=\"JUSTIFY\"><span style=\"color: #000000; font-size: 20px;\"> <span style=\"font-family: Arial, serif;\"><i>6.30 &#8211; <\/i><b>Nowenna do Matki Bo\u017cej Nieustaj\u0105cej Pomocy &#8211; godzinki<\/b> <\/span><\/span><\/p>\n<p align=\"JUSTIFY\"><span style=\"color: #000000; font-size: 20px;\"> <span style=\"font-family: Arial, serif;\"><i>7.00 &#8211; Za + Krystyn\u0119 Mrzyczek w X rocznic\u0119 \u015bmierci i ++ rodzic\u00f3w Mart\u0119 i J\u00f3zefa<\/i><\/span><\/span><\/p>\n<p align=\"JUSTIFY\"><span style=\"font-family: Arial, serif; font-size: 20px;\"><i><b>CZWARTEK \u2013 27.02.2025 <\/b><\/i><\/span><\/p>\n<p><span style=\"color: #ff0000; font-size: 20px;\"><span style=\"font-family: Arial, serif;\"><span style=\"color: #00000a;\">18.00 &#8211; Za + Ryszarda Prusek \u2013 od rodziny Ko\u015bcielny<\/span><\/span><\/span><\/p>\n<p align=\"JUSTIFY\"><span style=\"font-family: Arial, serif; font-size: 20px;\"><i><b><span style=\"color: #000000;\">PI\u0104TEK \u2013 28.02.2025 <\/span><\/b><\/i><\/span><\/p>\n<p align=\"JUSTIFY\"><span style=\"font-family: Arial, serif; font-size: 20px;\"><i><span style=\"color: #000000;\">18.00 &#8211; <\/span><span style=\"color: #000000;\"><b>Msza \u015aw. szkolna. <\/b><\/span>Za ++ rodzic\u00f3w El\u017cbiet\u0119 i Piotra Waleckich, Gertrud\u0119 i Alojzego Olesz<\/i><\/span><\/p>\n<p align=\"JUSTIFY\"><span style=\"font-family: Arial, serif; font-size: 20px;\"><i><b><span style=\"color: #000000;\">SOBOTA \u2013 01.03.2025 \u2013 I sobota<\/span><\/b><\/i><\/span><\/p>\n<p align=\"JUSTIFY\"><span style=\"font-family: Arial, serif; font-size: 20px;\"><i><b>7.00 &#8211; 2 Nabo\u017ce\u0144stwo z 5 pierwszych sob\u00f3t. <\/b><\/i><\/span><\/p>\n<p align=\"JUSTIFY\"><span style=\"font-family: Arial, serif; font-size: 20px;\"><i><b> Modlitwy, R\u00f3\u017caniec i Rozwa\u017cania przed Naj\u015bwi\u0119tszym Sakramentem<\/b><\/i><\/span><\/p>\n<p align=\"JUSTIFY\"><span style=\"font-family: Arial, serif; font-size: 20px;\"><i>8.00 &#8211; Msza \u015aw. wynagradzaj\u0105ce za wszelkie zniewagi i blu\u017anierstwa wobec Pana Jezusa i Matki Naj\u015bwi\u0119tszej, ofiarowana tak\u017ce z<span style=\"color: #000000;\">a dusze w czy\u015b\u0107cu cierpi\u0105ce i naszych bliskich zmar\u0142ych zw\u0142aszcza tych, kt\u00f3rzy zako\u0144czyli \u017cycie ziemskie w ci\u0105gu ostatnich dziesi\u0119ciu lat.<\/span><\/i><\/span><\/p>\n<p><span style=\"color: #ff0000; font-size: 20px;\"><span style=\"font-family: Arial, serif;\"><span style=\"color: #000000;\">14.30 \u2013 <\/span><span style=\"color: #000000;\"><b>Chrzest dziecka:<\/b><\/span><span style=\"color: #000000;\"> Leon Tomasz Kalisoras<\/span><\/span><\/span><\/p>\n<p><span style=\"color: #ff0000; font-size: 20px;\"><span style=\"font-family: Arial, serif;\"><span style=\"color: #000000;\">15.00 &#8211; W intencji Ko\u0142a Gospody\u0144 z okazji jubileuszu 55 lat istnienia o zdrowie i b\u0142ogos\u0142awie\u0144stwo Bo\u017ce dla \u017cyj\u0105cych i dar \u017cycia wiecznego dla zmar\u0142ych<\/span><\/span><\/span><\/p>\n<p align=\"JUSTIFY\"><span style=\"font-family: Arial, serif; font-size: 20px;\"><i><span style=\"color: #ff0000;\"><b>16.<\/b><\/span><span style=\"color: #ff0000;\">00 &#8211; <\/span><span style=\"color: #ff0000;\"><b>Msza \u015aw. z wigilii VIII Niedzieli Zwyk\u0142ej.<\/b><\/span> Do Opatrzno\u015bci Bo\u017cej za wstawiennictwem Matki Bo\u017cej i \u015aw. Jadwigi z podzi\u0119kowaniem za otrzymane \u0142aski, z pro\u015bb\u0105 o b\u0142ogos\u0142awie\u0144stwo Bo\u017ce i zdrowie dla <span style=\"color: #000000;\">Renaty Prusek z okazji 50 rocznicy urodzin<\/span><\/i><\/span><\/p>\n<p align=\"JUSTIFY\"><span style=\"font-family: Arial, serif; font-size: 20px;\"><i><b><span style=\"color: #ff0000;\">NIEDZIELA \u2013 02.03.2025 \u2013 VIII Niedziela Zwyk\u0142a<\/span><\/b><\/i><\/span><\/p>\n<p><span style=\"color: #ff0000; font-size: 20px;\"> <span style=\"font-family: Arial, serif;\">7.30 &#8211; <b>ZA PARAFIAN<\/b><\/span><\/span><\/p>\n<p><span style=\"color: #ff0000; font-size: 20px;\"> <span style=\"font-family: Arial, serif;\">9.30 &#8211; Za + Alojzego Gogol w X rocznic\u0119 \u015bmierci<\/span><\/span><\/p>\n<p align=\"JUSTIFY\"><span style=\"font-family: Arial, serif; font-size: 20px;\"><i><span style=\"color: #ff0000;\">11.00 &#8211; Za + m\u0119\u017ca Henryka P\u0142aweckiego<\/span><\/i><\/span><\/p>\n<p><span style=\"color: #ff0000; font-size: 20px;\"><span style=\"font-family: Arial, serif;\"> <b>Chrzest dziecka:<\/b> Florian Dawid Kli\u015b<\/span><\/span><\/p>\n<p style=\"text-align: center;\"><span style=\"font-size: 24px;\"><u><b>PARAFIA RZYMSKOKATOLICKA<\/b><\/u><\/span><\/p>\n<p style=\"text-align: center;\"><span style=\"font-size: 24px;\"><b>\u015aw. Jadwigi<\/b> <b>\u015al. <\/b><i><b> <\/b><\/i><b>PSZCZYNA- STARA WIE\u015a<\/b><i><b> <\/b><\/i><b> <\/b><\/span><\/p>\n<p style=\"text-align: center;\"><span style=\"font-size: 24px;\"><b>Strona Internetowa Parafii: <\/b><span style=\"color: #ff0000;\"><b>www.parafiaswjadwigi.pl<\/b><\/span><b> <\/b><\/span><\/p>\n<p style=\"text-align: center;\"><span style=\"font-size: 24px;\"><span style=\"color: #000000;\"><i><u><b>Konto Parafii:<\/b><\/u><\/i><\/span> <span style=\"color: #000000;\"><b>z dopiskiem na cele kultu religijnego<\/b><\/span><\/span><\/p>\n<p style=\"text-align: center;\"><span style=\"font-size: 24px;\"><b>Bank Pekao S.A. 79 1240 1330 1111 0010 9381 2556<\/b><\/span><\/p>\n<p align=\"CENTER\"><span style=\"color: #ff0000; font-size: 20px;\"><span style=\"font-family: Arial, serif;\"><b>OG\u0141OSZENIA DUSZPASTERSKIE<\/b><\/span><\/span><\/p>\n<p align=\"CENTER\"><span style=\"color: #ff0000; font-size: 20px;\"><span style=\"font-family: Arial, serif;\"><b>VII NIEDZIELA ZWYK\u0141A \u2013 23.02.2025<\/b><\/span><\/span><\/p>\n<p align=\"CENTER\"><span style=\"color: #339966; font-size: 20px;\">\u201e\u2026 <span style=\"font-family: Arial, serif;\"><i><b>B\u0104D\u0179CIE MI\u0141OSIERNI, JAK OJCIEC WASZ JEST MI\u0141OSIERNY\u2026\u201d.<\/b><\/i><\/span><\/span><\/p>\n<p align=\"JUSTIFY\"><span style=\"color: #339966; font-size: 20px;\"><span style=\"font-family: Arial, serif;\"><i><b>Dzisiejsza liturgia przynosi nam wezwanie do mi\u0142o\u015bci nawet nieprzyjaci\u00f3\u0142. Tylko nauka Chrystusa zawiera tak trudny wym\u00f3g \u2013 ale te\u017c tylko ona wskazuje drog\u0119 do prawdziwego szcz\u0119\u015bcia. Nie mo\u017ce by\u0107 uczniem Chrystusa ten, kto stawia granice mi\u0142o\u015bci bli\u017aniego. \u017beby sprosta\u0107 temu zadaniu, trzeba by\u0107 z Jezusem. Jego \u0142ask\u0119 mo\u017cemy obficie czerpa\u0107 z Eucharystii. Otw\u00f3rzmy si\u0119 wi\u0119c na Bo\u017ce dzia\u0142anie, ogarniaj\u0105c \u017cyczliw\u0105 my\u015bl\u0105 wszystkich, tak\u017ce naszych winowajc\u00f3w, i modl\u0105c si\u0119 za nich, pozw\u00f3lmy si\u0119 kszta\u0142towa\u0107 mi\u0142o\u015bci.<\/b><\/i><\/span><\/span><\/p>\n<p align=\"LEFT\"><span style=\"color: #000000; font-size: 20px;\"><span style=\"font-family: Arial, serif;\">Dzisiejsza kolekta przeznaczona jest na zap\u0142at\u0119 rachunk\u00f3w za energi\u0119 elektryczn\u0105. <br \/>B\u00f3g zap\u0142a\u0107 za sk\u0142adane ofiary. <\/span><\/span><\/p>\n<p align=\"LEFT\"><span style=\"color: #000000; font-size: 20px;\"><span style=\"font-family: Arial, serif;\"><b>W tym tygodniu przypada I sobota miesi\u0105ca.<\/b> Wychodz\u0105c naprzeciw potrzebom naszych czas\u00f3w, o godzinie 7.00 b\u0119dzie pierwsze nabo\u017ce\u0144stwo z 5 pierwszych sob\u00f3t miesi\u0105ca. Wo\u0142anie objawie\u0144 w Fatimie rozbrzmiewa wci\u0105\u017c w Ko\u015bciele i jest ono zakorzenione g\u0142\u0119boko w Ewangelii, jak podkre\u015bla\u0142 \u015bw. Jan Pawe\u0142 II. B\u0119dzie modlitwa r\u00f3\u017ca\u0144cowa przed Naj\u015bwi\u0119tszym Sakramentem, b\u0119d\u0105 i rozwa\u017cania. Po nabo\u017ce\u0144stwie o godzinie 8.00 b\u0119dzie Msza \u015aw. wynagradzaj\u0105ce za wszelkie zniewagi i blu\u017anierstwa wobec Pana Jezusa i Matki Naj\u015bwi\u0119tszej ofiarowana tak\u017ce za dusze w czy\u015b\u0107cu i naszych bliskich zmar\u0142ych z ostatnich 10 lat. O godzinie 16.00 b\u0119dzie Msza \u015aw. z wigilii VIII Niedzieli Zwyk\u0142ej. <\/span><\/span><\/p>\n<p align=\"JUSTIFY\"><span style=\"font-family: Arial, serif; font-size: 20px; color: #000000;\"><i>W przysz\u0142\u0105 niedziel\u0119 kolekta przeznaczona b\u0119dzie na potrzeby archidiecezji. Przed ko\u015bcio\u0142em zesp\u00f3\u0142 charytatywny przeprowadzi zbi\u00f3rk\u0119 na pomoc dla Syrii i Ukrainy.<\/i><\/span><\/p>\n<p align=\"JUSTIFY\"><span style=\"color: #000000; font-size: 20px;\"><span style=\"font-family: Arial, serif;\">Nasza Ojczyzna potrzebuje modlitwy o pok\u00f3j, bezpiecze\u0144stwo i pomy\u015blny rozw\u00f3j. Dlatego serdecznie dzi\u0119kuj\u0119 tym, kt\u00f3rzy bior\u0105 udzia\u0142 i zapraszam ch\u0119tnych Parafian do wzi\u0119cia udzia\u0142u w <b>Wielkiej Nowennie za Ojczyzn\u0119 \u201ePOLSKA na SKALE 2025\u201d. <\/b>Nowenna rozpocz\u0119\u0142a si\u0119 11 lutego, a zako\u0144czy 15 kwietnia 2025r. Nowenna obejmuje codziennie R\u00f3\u017caniec, Koronk\u0119 do Bo\u017cego Mi\u0142osierdzia i Modlitw\u0119 za Ojczyzn\u0119. W ka\u017cd\u0105 niedziel\u0119 ofiarujemy Komuni\u0119 \u015awi\u0119t\u0105 wynagradzaj\u0105c\u0105 za grzechy Polak\u00f3w. Ukoronowanie Nowenny b\u0119dzie 27 kwietnia 2025r. Warto by tak\u017ce zapozna\u0107 z t\u0105 Nowenn\u0105 osoby starsze, chore, dysponuj\u0105ce czasem, a nie pos\u0142uguj\u0105ce si\u0119 internetem.<\/span><\/span><\/p>\n<p align=\"JUSTIFY\"><span style=\"color: #000000; font-size: 20px;\"><span style=\"font-family: Arial, serif;\">Zach\u0119cam do czytania prasy katolickiej, a zw\u0142aszcza Go\u015bcia Niedzielnego. Dzisiaj w\u00a0\u201eGo\u015bciu Niedzielnym&#8221; o\u00a0po\u015bcie eucharystycznym \u2013\u00a0kto i\u00a0dlaczego go wprowadzi\u0142, kogo obowi\u0105zuje, a\u00a0kto i\u00a0w\u00a0jakich okoliczno\u015bciach jest z\u00a0niego zwolniony oraz\u00a0o\u00a0odej\u015bciach z\u00a0Ko\u015bcio\u0142a i\u00a0powrotach do\u00a0niego, a\u00a0tak\u017ce o\u00a0losach g\u0142o\u015bnych obywatelskich projekt\u00f3w ustaw.<\/span><\/span><\/p>\n","protected":false},"excerpt":{"rendered":"<p>PARAFIA RZYMSKOKATOLICKA \u015aw. Jadwigi \u015al\u0105skiej PSZCZYNA \u2013 STARA WIE\u015a VII Niedziela Zwyk\u0142a od 23.02. do 02.03.2025 r. NIEDZIELA \u2013 23.02.2025 \u2013 VII Niedziela Zwyk\u0142a 7.30 &#8211; ZA PARAFIAN 9.30 &#8211; Za + m\u0119\u017ca Dariusza Szpek we wspomnienie urodzin 11.00 &#8211; Do Opatrzno\u015bci Bo\u017cej za wstawiennictwem Matki Bo\u017cej i \u015aw. Jadwigi z podzi\u0119kowaniem za otrzymane \u0142aski, [&hellip;]<\/p>\n","protected":false},"author":1,"featured_media":3302,"comment_status":"open","ping_status":"open","sticky":false,"template":"","format":"standard","meta":{"footnotes":""},"categories":[6],"tags":[],"class_list":["post-3334","post","type-post","status-publish","format-standard","has-post-thumbnail","hentry","category-ogloszenia"],"_links":{"self":[{"href":"http:\/\/parafiaswjadwigi.pl\/index.php\/wp-json\/wp\/v2\/posts\/3334","targetHints":{"allow":["GET"]}}],"collection":[{"href":"http:\/\/parafiaswjadwigi.pl\/index.php\/wp-json\/wp\/v2\/posts"}],"about":[{"href":"http:\/\/parafiaswjadwigi.pl\/index.php\/wp-json\/wp\/v2\/types\/post"}],"author":[{"embeddable":true,"href":"http:\/\/parafiaswjadwigi.pl\/index.php\/wp-json\/wp\/v2\/users\/1"}],"replies":[{"embeddable":true,"href":"http:\/\/parafiaswjadwigi.pl\/index.php\/wp-json\/wp\/v2\/comments?post=3334"}],"version-history":[{"count":1,"href":"http:\/\/parafiaswjadwigi.pl\/index.php\/wp-json\/wp\/v2\/posts\/3334\/revisions"}],"predecessor-version":[{"id":3335,"href":"http:\/\/parafiaswjadwigi.pl\/index.php\/wp-json\/wp\/v2\/posts\/3334\/revisions\/3335"}],"wp:featuredmedia":[{"embeddable":true,"href":"http:\/\/parafiaswjadwigi.pl\/index.php\/wp-json\/wp\/v2\/media\/3302"}],"wp:attachment":[{"href":"http:\/\/parafiaswjadwigi.pl\/index.php\/wp-json\/wp\/v2\/media?parent=3334"}],"wp:term":[{"taxonomy":"category","embeddable":true,"href":"http:\/\/parafiaswjadwigi.pl\/index.php\/wp-json\/wp\/v2\/categories?post=3334"},{"taxonomy":"post_tag","embeddable":true,"href":"http:\/\/parafiaswjadwigi.pl\/index.php\/wp-json\/wp\/v2\/tags?post=3334"}],"curies":[{"name":"wp","href":"https:\/\/api.w.org\/{rel}","templated":true}]}}