{"id":3303,"date":"2025-01-25T23:02:29","date_gmt":"2025-01-25T22:02:29","guid":{"rendered":"http:\/\/parafiaswjadwigi.pl\/?p=3303"},"modified":"2025-02-01T15:07:36","modified_gmt":"2025-02-01T14:07:36","slug":"ogloszenia-od-26-01-2024-do-02-02-2025","status":"publish","type":"post","link":"http:\/\/parafiaswjadwigi.pl\/index.php\/2025\/01\/25\/ogloszenia-od-26-01-2024-do-02-02-2025\/","title":{"rendered":"Og\u0142oszenia od 26.01.2024 do 02.02.2025"},"content":{"rendered":"\n<p style=\"text-align: center;\"><span style=\"font-size: 28px;\"><u><b>PARAFIA RZYMSKOKATOLICKA<\/b><\/u><\/span><\/p>\n<p style=\"text-align: center;\"><span style=\"font-size: 28px;\"><b> \u015aw. Jadwigi \u015al\u0105skiej PSZCZYNA \u2013 STARA WIE\u015a <\/b><\/span><\/p>\n<p style=\"text-align: center;\"><span style=\"color: #008000; font-size: 28px;\"><i><b> III Niedziela Zwyk\u0142a od 26.01. do 02.02.2025 r.<\/b><\/i><\/span><\/p>\n<p align=\"JUSTIFY\"><span style=\"font-family: Arial, serif; font-size: 20px;\"><i><b><span style=\"color: #ff0000;\">NIEDZIELA \u2013 26.01.2025 \u2013 III Niedziela Zwyk\u0142a<\/span><\/b><\/i><\/span><\/p>\n<p><span style=\"color: #ff0000; font-size: 20px;\"> <span style=\"font-family: Arial, serif;\">7.30 &#8211; Za + Genowef\u0119 Kubica w 30 dzie\u0144 po \u015bmierci<\/span><\/span><\/p>\n<p><span style=\"color: #ff0000; font-size: 20px;\"> <span style=\"font-family: Arial, serif;\">9.30 &#8211; Za + Jerzego Kloc w XIX rocznic\u0119 \u015bmierci, ++ z rodzin: Kloc i Polak<\/span><\/span><\/p>\n<p><span style=\"color: #ff0000; font-size: 20px;\"><span style=\"font-family: Arial, serif;\">11.00 &#8211; Do Opatrzno\u015bci Bo\u017cej przez wstawiennictwo Matki Bo\u017cej i \u015bw. Jadwigi z podzi\u0119kowaniem za otrzymane \u0142aski, z pro\u015bb\u0105 o b\u0142ogos\u0142awie\u0144stwo Bo\u017ce i zdrowie w intencji Andrzeja B\u0142aut z okazji 60 rocznicy urodzin<\/span><\/span><\/p>\n<p align=\"JUSTIFY\"><span style=\"font-family: Arial, serif; font-size: 20px;\"><i><b><span style=\"color: #000000;\">PONIEDZIA\u0141EK \u2013 27.01.2025<\/span><\/b><\/i><\/span><\/p>\n<p><span style=\"color: #ff0000; font-size: 20px;\"><span style=\"color: #00000a;\"> <span style=\"font-family: Arial, serif;\">7.00 &#8211; Za ++ Juliann\u0119, Augustyna, Alojzego i Jadwig\u0119 Larysz<\/span><\/span><\/span><\/p>\n<p align=\"JUSTIFY\"><span style=\"font-family: Arial, serif; font-size: 20px;\"><i> <span style=\"color: #000000;\"><b>Modlitwy za wstawiennictwem \u015aw. Jana Paw\u0142a II<\/b><\/span> <\/i><\/span><\/p>\n<p align=\"JUSTIFY\"><span style=\"font-family: Arial, serif; font-size: 20px;\"><i><b><span style=\"color: #000000;\">WTOREK\u2013 28.01.2025 \u2013 wsp. \u015aw. TOMASZA z AKWINU, prezbitera i doktora Ko\u015bcio\u0142a<\/span><\/b><\/i><\/span><\/p>\n<p align=\"JUSTIFY\"><span style=\"color: #000000; font-size: 20px;\"> <span style=\"font-family: Arial, serif;\"><i>7.00 &#8211; Za + Iren\u0119 Machulec \u2013 od Dariusza i Katarzyny \u015alezi\u0144skich<\/i><\/span><\/span><\/p>\n<p align=\"JUSTIFY\"><span style=\"font-family: Arial, serif; font-size: 20px;\"><i><span style=\"color: #000000;\"><b> Modlitwy za wstawiennictwem \u015aw. Jadwigi \u015al\u0105skiej<\/b><\/span><\/i><\/span><\/p>\n<p align=\"JUSTIFY\"><span style=\"font-family: Arial, serif; font-size: 20px;\"><i><b><span style=\"color: #000000;\">\u015aRODA \u2013 29.01.2025 <\/span><\/b><\/i><\/span><\/p>\n<p align=\"JUSTIFY\"><span style=\"color: #000000; font-size: 20px;\"> <span style=\"font-family: Arial, serif;\"><i>6.30 &#8211; <\/i><b>Nowenna do Matki Bo\u017cej Nieustaj\u0105cej Pomocy &#8211; godzinki<\/b> <\/span><\/span><\/p>\n<p><span style=\"color: #ff0000; font-size: 20px;\"><span style=\"color: #00000a;\"> <span style=\"font-family: Arial, serif;\">7.00 &#8211; Za + Tadeusza Koczego o rado\u015b\u0107 \u017cycia wiecznego \u2013 od Czes\u0142awy i Andrzeja John<\/span><\/span><\/span><\/p>\n<p align=\"JUSTIFY\"><span style=\"font-family: Arial, serif; font-size: 20px;\"><i><b>CZWARTEK \u2013 30.01.2025 <\/b><\/i><\/span><\/p>\n<p><span style=\"color: #ff0000; font-size: 20px;\"><span style=\"font-family: Arial, serif;\"><span style=\"color: #000000;\">17.00 &#8211; Za + Boles\u0142awa Piprek w 30 dzie\u0144 po \u015bmierci<\/span><\/span><\/span><\/p>\n<p><span style=\"color: #ff0000; font-size: 20px;\"><span style=\"font-family: Arial, serif;\"><span style=\"color: #000000;\">18.00 &#8211; <\/span><span style=\"color: #000000;\"><b>Msza \u015aw. m\u0142odzie\u017cowa.<\/b><\/span><span style=\"color: #000000;\"> Za + Kazimierza Lazar w II rocznic\u0119 \u015bmierci<\/span><\/span><\/span><\/p>\n<p align=\"JUSTIFY\"><span style=\"font-family: Arial, serif; font-size: 20px;\"><i><b><span style=\"color: #000000;\">PI\u0104TEK \u2013 31.01.2025 \u2013 wsp. \u015aw. JANA BOSKO, prezbitera<\/span><\/b><\/i><\/span><\/p>\n<p align=\"JUSTIFY\"><span style=\"font-family: Arial, serif; font-size: 20px;\"><i><span style=\"color: #000000;\">17.00 &#8211; Za + syna Dawida Lasek w XV rocznic\u0119 \u015bmierci o dar \u017cycia wiecznego<\/span><\/i><\/span><\/p>\n<p align=\"JUSTIFY\"><span style=\"font-family: Arial, serif; font-size: 20px;\"><i><span style=\"color: #000000;\">18.00 &#8211; <\/span><span style=\"color: #000000;\"><b>Msza \u015aw. szkolna.<\/b><\/span><span style=\"color: #000000;\"> Za + Agnieszk\u0119 Spyra w X rocznic\u0119 \u015bmierci, brata Marka i ++ rodzic\u00f3w Helen\u0119 i Franciszka Spyra<\/span><\/i><\/span><\/p>\n<p align=\"JUSTIFY\"><span style=\"font-family: Arial, serif; font-size: 20px;\"><i><b><span style=\"color: #000000;\">SOBOTA \u2013 01.02.2025 \u2013 I sobota<\/span><\/b><\/i><\/span><\/p>\n<p align=\"JUSTIFY\"><span style=\"font-family: Arial, serif; font-size: 20px;\"><i><b>7.00 &#8211; 1 Nabo\u017ce\u0144stwo z 5 pierwszych sob\u00f3t. <\/b><\/i><\/span><\/p>\n<p align=\"JUSTIFY\"><span style=\"font-family: Arial, serif; font-size: 20px;\"><i><b> Modlitwy, R\u00f3\u017caniec i Rozwa\u017cania przed Naj\u015bwi\u0119tszym Sakramentem<\/b><\/i><\/span><\/p>\n<p align=\"JUSTIFY\"><span style=\"font-family: Arial, serif; font-size: 20px;\"><i>8.00 &#8211; Msza \u015aw. wynagradzaj\u0105ce za wszelkie zniewagi i blu\u017anierstwa wobec Pana Jezusa i Matki Naj\u015bwi\u0119tszej, ofiarowana tak\u017ce z<span style=\"color: #000000;\">a dusze w czy\u015b\u0107cu cierpi\u0105ce i naszych bliskich zmar\u0142ych zw\u0142aszcza tych, kt\u00f3rzy zako\u0144czyli \u017cycie ziemskie w ci\u0105gu ostatnich dziesi\u0119ciu lat.<\/span><\/i><\/span><\/p>\n<p align=\"JUSTIFY\"><span style=\"font-family: Arial, serif; font-size: 20px;\"><i>15.<span style=\"color: #000000;\">00 &#8211; <\/span>Do Opatrzno\u015bci Bo\u017cej przez wstawiennictwo Matki Bo\u017cej i \u015bw. Jadwigi z podzi\u0119kowaniem za otrzymane \u0142aski, z pro\u015bb\u0105 o b\u0142ogos\u0142awie\u0144stwo Bo\u017ce i zdrowie<span style=\"color: #000000;\"> w intencji Magdaleny \u017bem\u0142a z okazji 50 rocznicy urodzin i o b\u0142ogos\u0142awie\u0144stwo Bo\u017ce dla ca\u0142ej rodziny<\/span><\/i><\/span><\/p>\n<p align=\"JUSTIFY\"><span style=\"font-family: Arial, serif; font-size: 20px;\"><i><span style=\"color: #ff0000;\">16.00 &#8211; <\/span><span style=\"color: #ff0000;\"><b>Msza \u015aw. z wigilii IV Niedzieli Zwyk\u0142ej.<\/b><\/span> Do Opatrzno\u015bci Bo\u017cej przez wstawiennictwo Matki Bo\u017cej i \u015bw. Jadwigi z podzi\u0119kowaniem za otrzymane \u0142aski, z pro\u015bb\u0105 o b\u0142ogos\u0142awie\u0144stwo Bo\u017ce i zdrowie<span style=\"color: #000000;\"> w intencji Agnieszki i Leszka Gam\u017ca z okazji 25 Rocznicy \u015alubu \u2013 Srebrnych God\u00f3w Ma\u0142\u017ce\u0144skich<\/span><\/i><\/span><\/p>\n<p><span style=\"color: #ff0000; font-size: 20px;\"><span style=\"font-family: Arial, serif;\"> <span style=\"color: #000000;\"><b>Chrzest dziecka: <\/b><\/span><span style=\"color: #000000;\">Jan Franciszek Kotulski<\/span><\/span><\/span><\/p>\n<p align=\"JUSTIFY\"><span style=\"font-family: Arial, serif; font-size: 20px;\"><i><b><span style=\"color: #ff0000;\">NIEDZIELA \u2013 02.02.2025 \u2013 IV Niedziela Zwyk\u0142a \u2013 \u015aWI\u0118TO OFIAROWANIA PA\u0143SKIEGO<\/span><\/b><\/i><\/span><\/p>\n<p><span style=\"color: #ff0000; font-size: 20px;\"> <span style=\"font-family: Arial, serif;\">7.30 &#8211; Za ++ dziadk\u00f3w Jana i Katarzyn\u0119 Czoga\u0142a<\/span><\/span><\/p>\n<p><span style=\"color: #ff0000; font-size: 20px;\"> <span style=\"font-family: Arial, serif;\">9.30 &#8211; Za + Weronik\u0119 Ska\u017anik w kolejn\u0105 rocznic\u0119 \u015bmierci, + m\u0119\u017ca Franciszka, ++ 3 syn\u00f3w, 2 zi\u0119ci\u00f3w i synow\u0105<\/span><\/span><\/p>\n<p><span style=\"color: #ff0000; font-size: 20px;\"><span style=\"font-family: Arial, serif;\">11.00 &#8211; Za ++ Ing\u0119 i Rufina Zaj\u0105c<\/span><\/span><\/p>\n<p style=\"text-align: center;\"><span style=\"font-size: 24px;\"><u><b>PARAFIA RZYMSKOKATOLICKA<\/b><\/u><\/span><\/p>\n<p style=\"text-align: center;\"><span style=\"font-size: 24px;\"><b>\u015aw. Jadwigi<\/b> <b>\u015al. <\/b><i><b> <\/b><\/i><b>PSZCZYNA- STARA WIE\u015a<\/b><i><b> <\/b><\/i><b> <\/b><\/span><\/p>\n<p style=\"text-align: center;\"><span style=\"font-size: 24px;\"><b>Strona Internetowa Parafii: <\/b><span style=\"color: #ff0000;\"><b>www.parafiaswjadwigi.pl<\/b><\/span><b> <\/b><\/span><\/p>\n<p style=\"text-align: center;\"><span style=\"font-size: 24px;\"><span style=\"color: #000000;\"><i><u><b>Konto Parafii:<\/b><\/u><\/i><\/span> <span style=\"color: #000000;\"><b>z dopiskiem na cele kultu religijnego<\/b><\/span><\/span><\/p>\n<p style=\"text-align: center;\"><span style=\"font-size: 24px;\"><b>Bank Pekao S.A. 79 1240 1330 1111 0010 9381 2556<\/b><\/span><\/p>\n<p align=\"CENTER\"><span style=\"color: #ff0000; font-size: 24px;\"><span style=\"font-family: Arial, serif;\"><b>OG\u0141OSZENIA DUSZPASTERSKIE<\/b><\/span><\/span><\/p>\n<p align=\"CENTER\"><span style=\"color: #ff0000; font-size: 24px;\"><span style=\"font-family: Arial, serif;\"><b>NIEDZIELA \u2013 III NIEDZIELA ZWYK\u0141A <\/b><\/span><\/span><\/p>\n<p align=\"CENTER\"><span style=\"color: #ff0000; font-size: 24px;\"> <span style=\"font-family: Arial, serif;\"><b>26.01.2025<\/b><\/span><\/span><\/p>\n<p align=\"CENTER\"><span style=\"color: #008000; font-size: 20px;\"> \u201e<span style=\"font-family: Arial, serif;\"><i><b>S\u0141OWA TWE, PANIE, S\u0104 DUCHEM i \u017bYCIEM \u201d.<\/b><\/i><\/span><\/span><\/p>\n<p align=\"JUSTIFY\"><span style=\"color: #008000; font-size: 20px;\"><span style=\"font-family: Arial, serif;\"><i><b>Obchodzimy dzi\u015b w Ko\u015bciele Niedziel\u0119 S\u0142owa Bo\u017cego. Papie\u017c Franciszek, ustanawiaj\u0105c j\u0105 przed sze\u015bcioma laty, wskaza\u0142, \u017ce jest ona po\u015bwi\u0119cona \u201ecelebracji, refleksji oraz krzewieniu s\u0142owa Bo\u017cego\u201d. Ojciec \u015awi\u0119ty przypomnia\u0142, \u017ce \u201ePismo \u015awi\u0119te wskazuje tym, kt\u00f3rzy si\u0119 nie ws\u0142uchuj\u0105, drog\u0119 do przebycia, aby doj\u015b\u0107 do trwa\u0142ej i autentycznej jedno\u015bci\u201d. Podczas tej Eucharystii ws\u0142uchajmy si\u0119 wi\u0119c w s\u0142owo, kt\u00f3re kieruje do nas B\u00f3g, i pozw\u00f3lmy, \u017ceby ono nas kszta\u0142towa\u0142o.<\/b><\/i><\/span><\/span><\/p>\n<p align=\"JUSTIFY\"><span style=\"color: #000000; font-size: 20px;\"><span style=\"font-family: Arial, serif;\">Kolekta dzisiejszej niedzieli przeznaczona jest na energi\u0119 elektryczn\u0105. Przed ko\u015bcio\u0142em b\u0119d\u0105 zbierane ofiary na kwiaty i sprz\u0105tanie naszej \u015bwi\u0105tyni. B\u00f3g zap\u0142a\u0107 za wszelkie ofiary.<\/span><\/span><\/p>\n<p align=\"JUSTIFY\"><span style=\"color: #000000; font-size: 20px;\"><span style=\"font-family: Arial, serif;\">We wtorek obchodzimy wspomnienie \u015aw. Tomasza z Akwinu, prezbitera i doktora Ko\u015bcio\u0142a.<\/span><\/span><\/p>\n<p align=\"JUSTIFY\"><span style=\"color: #000000; font-size: 20px;\"><span style=\"font-family: Arial, serif;\">W czwartek w wigili\u0119 wspomnienia patrona m\u0142odzie\u017cy \u2013 \u015aw. Jana Bosko na Msz\u0119 \u015aw. o godzinie 18.00 zapraszam m\u0142odzie\u017c naszej parafii. Spotkanie dla kandydat\u00f3w do Bierzmowania b\u0119dzie za tydzie\u0144 w I czwartek 6 lutego.<\/span><\/span><\/p>\n<p align=\"JUSTIFY\"><span style=\"color: #000000; font-size: 20px;\"><span style=\"font-family: Arial, serif;\">W pi\u0105tek wspominamy \u015aw. Jana Bosko, prezbitera. O godzinie 18.00 zapraszam dzieci na Msz\u0119 \u015awi\u0119t\u0105 szkoln\u0105.<\/span><\/span><\/p>\n<p align=\"JUSTIFY\"><span style=\"color: #000000; font-size: 20px;\"><span style=\"font-family: Arial, serif;\"><b>W tym tygodniu przypada I sobota miesi\u0105ca.<\/b> Wychodz\u0105c naprzeciw potrzebom naszych czas\u00f3w, o godzinie 7.00 b\u0119dzie pierwsze nabo\u017ce\u0144stwo z 5 pierwszych sob\u00f3t miesi\u0105ca. Wo\u0142anie objawie\u0144 w Fatimie rozbrzmiewa wci\u0105\u017c w Ko\u015bciele i jest ono zakorzenione g\u0142\u0119boko w Ewangelii, jak podkre\u015bla\u0142 \u015bw. Jan Pawe\u0142 II. B\u0119dzie modlitwa r\u00f3\u017ca\u0144cowa przed Naj\u015bwi\u0119tszym Sakramentem, b\u0119d\u0105 i rozwa\u017cania. Po nabo\u017ce\u0144stwie o godzinie 8.00 b\u0119dzie Msza \u015aw. wynagradzaj\u0105ce za wszelkie zniewagi i blu\u017anierstwa wobec Pana Jezusa i Matki Naj\u015bwi\u0119tszej ofiarowana tak\u017ce za dusze w czy\u015b\u0107cu i naszych bliskich zmar\u0142ych z ostatnich 10 lat. O godzinie 16.00 b\u0119dzie Msza \u015aw. z wigilii IV Niedzieli Zwyk\u0142ej obchodzonej jako \u015awi\u0119to Ofiarowania Pa\u0144skiego. <b>Jest ono obchodzone w ca\u0142ym Ko\u015bciele jako \u015awiatowy dzie\u0144 \u017cycia konsekrowanego. <\/b><u>W tym dniu przypadaj\u0105cym w niedziel\u0119 \u015bwi\u0119cimy w czasie ka\u017cdej Mszy \u015aw. <\/u><u><b>gromnice<\/b><\/u><u>, a tak\u017ce <\/u><u><b>\u015bwiece dzieci pierwszokomunijnych.<\/b><\/u> Kolekta przeznaczona b\u0119dzie na Zakony Kontemplacyjne. Przed ko\u015bcio\u0142em zesp\u00f3\u0142 charytatywny przeprowadzi zbi\u00f3rk\u0119 na pomoc dla Syrii i Ukrainy.<\/span><\/span><\/p>\n<p><span style=\"font-size: 20px;\"><span style=\"font-family: Arial, serif;\">Zach\u0119cam do czytania prasy katolickiej, a zw\u0142aszcza Go\u015bcia Niedzielnego. Dzisiaj w\u00a0\u201eGo\u015bciu Niedzielnym&#8221; o\u00a0tym, jak w\u00a0naszym dynamicznie zmieniaj\u0105cym si\u0119 \u015bwiecie mo\u017cna wykorzysta\u0107 wsp\u00f3\u0142czesne media w\u00a0celach ewangelizacyjnych.<\/span><\/span><\/p>\n","protected":false},"excerpt":{"rendered":"<p>PARAFIA RZYMSKOKATOLICKA \u015aw. Jadwigi \u015al\u0105skiej PSZCZYNA \u2013 STARA WIE\u015a III Niedziela Zwyk\u0142a od 26.01. do 02.02.2025 r. NIEDZIELA \u2013 26.01.2025 \u2013 III Niedziela Zwyk\u0142a 7.30 &#8211; Za + Genowef\u0119 Kubica w 30 dzie\u0144 po \u015bmierci 9.30 &#8211; Za + Jerzego Kloc w XIX rocznic\u0119 \u015bmierci, ++ z rodzin: Kloc i Polak 11.00 &#8211; Do Opatrzno\u015bci [&hellip;]<\/p>\n","protected":false},"author":1,"featured_media":3302,"comment_status":"open","ping_status":"open","sticky":false,"template":"","format":"standard","meta":{"footnotes":""},"categories":[6],"tags":[],"class_list":["post-3303","post","type-post","status-publish","format-standard","has-post-thumbnail","hentry","category-ogloszenia"],"_links":{"self":[{"href":"http:\/\/parafiaswjadwigi.pl\/index.php\/wp-json\/wp\/v2\/posts\/3303","targetHints":{"allow":["GET"]}}],"collection":[{"href":"http:\/\/parafiaswjadwigi.pl\/index.php\/wp-json\/wp\/v2\/posts"}],"about":[{"href":"http:\/\/parafiaswjadwigi.pl\/index.php\/wp-json\/wp\/v2\/types\/post"}],"author":[{"embeddable":true,"href":"http:\/\/parafiaswjadwigi.pl\/index.php\/wp-json\/wp\/v2\/users\/1"}],"replies":[{"embeddable":true,"href":"http:\/\/parafiaswjadwigi.pl\/index.php\/wp-json\/wp\/v2\/comments?post=3303"}],"version-history":[{"count":1,"href":"http:\/\/parafiaswjadwigi.pl\/index.php\/wp-json\/wp\/v2\/posts\/3303\/revisions"}],"predecessor-version":[{"id":3304,"href":"http:\/\/parafiaswjadwigi.pl\/index.php\/wp-json\/wp\/v2\/posts\/3303\/revisions\/3304"}],"wp:featuredmedia":[{"embeddable":true,"href":"http:\/\/parafiaswjadwigi.pl\/index.php\/wp-json\/wp\/v2\/media\/3302"}],"wp:attachment":[{"href":"http:\/\/parafiaswjadwigi.pl\/index.php\/wp-json\/wp\/v2\/media?parent=3303"}],"wp:term":[{"taxonomy":"category","embeddable":true,"href":"http:\/\/parafiaswjadwigi.pl\/index.php\/wp-json\/wp\/v2\/categories?post=3303"},{"taxonomy":"post_tag","embeddable":true,"href":"http:\/\/parafiaswjadwigi.pl\/index.php\/wp-json\/wp\/v2\/tags?post=3303"}],"curies":[{"name":"wp","href":"https:\/\/api.w.org\/{rel}","templated":true}]}}