{"id":3239,"date":"2025-01-05T00:12:11","date_gmt":"2025-01-04T23:12:11","guid":{"rendered":"http:\/\/parafiaswjadwigi.pl\/?p=3239"},"modified":"2025-01-05T00:12:11","modified_gmt":"2025-01-04T23:12:11","slug":"komunikat-na-uroczystosc-objawienia-panskiego-6-01-2025-r","status":"publish","type":"post","link":"http:\/\/parafiaswjadwigi.pl\/index.php\/2025\/01\/05\/komunikat-na-uroczystosc-objawienia-panskiego-6-01-2025-r\/","title":{"rendered":"KOMUNIKAT NA UROCZYSTO\u015a\u0106 OBJAWIENIA PA\u0143SKIEGO \u2013 6.01.2025 r."},"content":{"rendered":"\n<p style=\"text-align: center;\" align=\"JUSTIFY\"><strong><span style=\"font-family: Cambria, serif; font-size: 20px;\">Drodzy Siostry i Bracia!<\/span><\/strong><\/p>\n<p align=\"JUSTIFY\"><span style=\"font-size: 20px;\"><span style=\"font-family: Cambria, serif;\">W uroczysto\u015b\u0107 Objawienia Pa\u0144skiego, dnia 6 stycznia, w czasie, w kt\u00f3rym prze\u017cywamy Rok Jubileuszowy 2025, nasze my\u015bli skierujmy ku niezwyk\u0142ym <\/span><span style=\"font-family: Cambria, serif;\"><i>pielgrzymom nadziei \u2013 <\/i><\/span><span style=\"font-family: Cambria, serif;\">m\u0119drcom ze Wschodu, kt\u00f3rzy zmierzali za \u015bwiat\u0142em gwiazdy do Betlejem, by odda\u0107 <\/span><\/span><span style=\"font-size: 20px;\"><span style=\"font-family: Cambria, serif;\">pok\u0142on nowo narodzonemu Kr\u00f3lowi \u017cydowskiemu. Pro\u015bmy w tym dniu, by Jezus Chrystus uzdolni\u0142 tak\u017ce nas, by\u015bmy byli przekonywuj\u0105cymi \u015bwiadkami nadziei. Niech \u201eprzez nas staje si\u0119 ona zara\u017aliwa dla tych, kt\u00f3rzy jej pragn\u0105\u201d (papie\u017c Franciszek, bulla <\/span><span style=\"font-family: Cambria, serif;\"><i>Spes non confundit<\/i><\/span><span style=\"font-family: Cambria, serif;\">), b\u0105d\u017a jej nie maj\u0105.<\/span><\/span><\/p>\n<p align=\"JUSTIFY\"><span style=\"font-family: Cambria, serif; font-size: 20px;\">W tym dniu przed 10-ciu laty \u015bwi\u0119cenia biskupie przyj\u0119li biskupi pomocniczy: <br \/>bp Marek Szkud\u0142o, obecnie administrator naszej archidiecezji, oraz bp Adam Wodarczyk. Natomiast 27 lat temu sakr\u0119 biskupi\u0105 przyj\u0105\u0142 abp Wiktor Skworc, kt\u00f3ry w latach 2011-2023 by\u0142 arcybiskupem metropolit\u0105 katowickim.<\/span><\/p>\n<p align=\"JUSTIFY\"><span style=\"font-family: Cambria, serif; font-size: 20px;\">Dzi\u0119kujmy Bogu za pos\u0142ug\u0119 biskup\u00f3w obchodz\u0105cych rocznic\u0119 swoich \u015bwi\u0119ce\u0144 biskupich i pro\u015bmy dla Nich o dary Ducha \u015awi\u0119tego na dalsze lata pos\u0142ugi Ko\u015bcio\u0142owi i wiernym powierzonym ich pasterskiej trosce. Msza \u015bw. w tej intencji zostanie odprawiona 6 stycznia br. w katowickiej katedrze o godz. 10.30. Zapraszam do uczestnictwa w tej uroczystej Eucharystii oraz do modlitewnej \u0142\u0105czno\u015bci w parafiach. Msza \u015bw. b\u0119dzie transmitowana na antenie Radia eM oraz w internecie.<\/span><\/p>\n<p align=\"JUSTIFY\"><span style=\"font-size: 20px;\"><span style=\"font-family: Cambria, serif;\">Zgodnie z tradycj\u0105, w wielu miastach w Uroczysto\u015b\u0107 Objawienia Pa\u0144skiego b\u0119d\u0105 organizowane Orszaki Trzech Kr\u00f3li. Zach\u0119cam do licznego udzia\u0142u w tych szczeg\u00f3lnych orszakach <\/span><span style=\"font-family: Cambria, serif;\"><i>pielgrzym\u00f3w nadziei<\/i><\/span><span style=\"font-family: Cambria, serif;\">.<\/span><\/span><\/p>\n<p style=\"text-align: center;\" align=\"JUSTIFY\"><span style=\"font-family: Cambria, serif; font-size: 20px;\">Z b\u0142ogos\u0142awie\u0144stwem na prze\u017cywanie uroczysto\u015bci Objawienia Pa\u0144skiego <br \/>i trwaj\u0105cego czasu Narodzenia Pa\u0144skiego. <\/span><\/p>\n<p style=\"text-align: right;\"><span style=\"font-family: Cambria, serif; font-size: 20px;\">+ Grzegorz Olszowski<\/span><\/p>\n<p style=\"text-align: right;\"><span style=\"font-family: Cambria, serif; font-size: 20px;\">Wikariusz Generalny<\/span><\/p>\n<p style=\"text-align: right;\" align=\"JUSTIFY\"><span style=\"font-family: Cambria, serif; font-size: 20px;\">Katowice, 30 grudnia 2024 r.<\/span><\/p>\n<p style=\"text-align: right;\" align=\"JUSTIFY\"><span style=\"font-family: Cambria, serif; font-size: 20px;\">VA I &#8211; 100\/24<\/span><\/p>\n<p align=\"JUSTIFY\"><span style=\"font-family: Cambria, serif; font-size: 20px;\"><b>Zarz\u0105dzenie:<\/b><\/span><\/p>\n<p align=\"JUSTIFY\"><span style=\"font-family: Cambria, serif; font-size: 20px;\">Komunikat nale\u017cy odczyta\u0107 w niedziel\u0119 5 stycznia 2025 r. w ramach og\u0142osze\u0144 duszpasterskich.<\/span><\/p>\n","protected":false},"excerpt":{"rendered":"<p>Drodzy Siostry i Bracia! W uroczysto\u015b\u0107 Objawienia Pa\u0144skiego, dnia 6 stycznia, w czasie, w kt\u00f3rym prze\u017cywamy Rok Jubileuszowy 2025, nasze my\u015bli skierujmy ku niezwyk\u0142ym pielgrzymom nadziei \u2013 m\u0119drcom ze Wschodu, kt\u00f3rzy zmierzali za \u015bwiat\u0142em gwiazdy do Betlejem, by odda\u0107 pok\u0142on nowo narodzonemu Kr\u00f3lowi \u017cydowskiemu. Pro\u015bmy w tym dniu, by Jezus Chrystus uzdolni\u0142 tak\u017ce nas, by\u015bmy [&hellip;]<\/p>\n","protected":false},"author":1,"featured_media":3240,"comment_status":"open","ping_status":"open","sticky":false,"template":"","format":"standard","meta":{"footnotes":""},"categories":[3],"tags":[],"class_list":["post-3239","post","type-post","status-publish","format-standard","has-post-thumbnail","hentry","category-informacje"],"_links":{"self":[{"href":"http:\/\/parafiaswjadwigi.pl\/index.php\/wp-json\/wp\/v2\/posts\/3239","targetHints":{"allow":["GET"]}}],"collection":[{"href":"http:\/\/parafiaswjadwigi.pl\/index.php\/wp-json\/wp\/v2\/posts"}],"about":[{"href":"http:\/\/parafiaswjadwigi.pl\/index.php\/wp-json\/wp\/v2\/types\/post"}],"author":[{"embeddable":true,"href":"http:\/\/parafiaswjadwigi.pl\/index.php\/wp-json\/wp\/v2\/users\/1"}],"replies":[{"embeddable":true,"href":"http:\/\/parafiaswjadwigi.pl\/index.php\/wp-json\/wp\/v2\/comments?post=3239"}],"version-history":[{"count":1,"href":"http:\/\/parafiaswjadwigi.pl\/index.php\/wp-json\/wp\/v2\/posts\/3239\/revisions"}],"predecessor-version":[{"id":3241,"href":"http:\/\/parafiaswjadwigi.pl\/index.php\/wp-json\/wp\/v2\/posts\/3239\/revisions\/3241"}],"wp:featuredmedia":[{"embeddable":true,"href":"http:\/\/parafiaswjadwigi.pl\/index.php\/wp-json\/wp\/v2\/media\/3240"}],"wp:attachment":[{"href":"http:\/\/parafiaswjadwigi.pl\/index.php\/wp-json\/wp\/v2\/media?parent=3239"}],"wp:term":[{"taxonomy":"category","embeddable":true,"href":"http:\/\/parafiaswjadwigi.pl\/index.php\/wp-json\/wp\/v2\/categories?post=3239"},{"taxonomy":"post_tag","embeddable":true,"href":"http:\/\/parafiaswjadwigi.pl\/index.php\/wp-json\/wp\/v2\/tags?post=3239"}],"curies":[{"name":"wp","href":"https:\/\/api.w.org\/{rel}","templated":true}]}}