{"id":3009,"date":"2024-07-27T21:33:19","date_gmt":"2024-07-27T19:33:19","guid":{"rendered":"http:\/\/parafiaswjadwigi.pl\/?p=3009"},"modified":"2024-08-04T16:42:30","modified_gmt":"2024-08-04T14:42:30","slug":"ogloszenia-od-28-07-2024-do-04-08-2024","status":"publish","type":"post","link":"http:\/\/parafiaswjadwigi.pl\/index.php\/2024\/07\/27\/ogloszenia-od-28-07-2024-do-04-08-2024\/","title":{"rendered":"Og\u0142oszenia od 28.07.2024 do 04.08.2024"},"content":{"rendered":"\n<p style=\"text-align: center;\"><span style=\"font-size: 28px;\"><u><b>PARAFIA RZYMSKOKATOLICKA<\/b><\/u><\/span><\/p>\n<p style=\"text-align: center;\"><span style=\"font-size: 28px;\"><b> \u015aw. Jadwigi \u015al\u0105skiej PSZCZYNA \u2013 STARA WIE\u015a <\/b><\/span><\/p>\n<p style=\"text-align: center;\"><span style=\"color: #ff0000; font-size: 28px;\"> <i><b> XVII Niedziela Zwyk\u0142a od 28.07. do 04.08.2024 r.<\/b><\/i><\/span><\/p>\n<p align=\"LEFT\"><span style=\"color: #ff0000; font-size: 20px;\"><span style=\"font-family: Arial, serif;\"><b>NIEDZIELA \u2013 28.07.2024 \u2013 XVII NIEDZIELA ZWYK\u0141A<\/b><\/span><\/span><\/p>\n<p align=\"LEFT\"><span style=\"color: #ff0000; font-size: 20px;\"> <span style=\"font-family: Arial, serif;\"><i>7.30 &#8211; Za + Jadwig\u0119 Kraso\u0144 w XVII rocznic\u0119 \u015bmierci<\/i><\/span><\/span><\/p>\n<p><span style=\"color: #ff0000; font-size: 20px;\"> <span style=\"font-family: Arial, serif;\">9.30 &#8211; Za + Alojzego Janosz<\/span><\/span><\/p>\n<p><span style=\"color: #ff0000; font-size: 20px;\"><span style=\"font-family: Arial, serif;\">11.00 &#8211; Do Opatrzno\u015bci Bo\u017cej przez wstawiennictwo \u015aw. Joachima i Anny z podzi\u0119kowaniem za otrzymane \u0142aski, z pro\u015bb\u0105 o b\u0142ogos\u0142awie\u0144stwo Bo\u017ce i zdrowie w intencji Anny Boche\u0144skiej z okazji 40 rocznicy urodzin<\/span><\/span><\/p>\n<p align=\"JUSTIFY\"><span style=\"font-family: Arial, serif; font-size: 20px;\"><i><b>PONIEDZIA\u0141EK \u2013 29.07.2024 \u2013 Wsp. \u015aw. MARTY, MARII i \u0141AZARZA<\/b><\/i><\/span><\/p>\n<p align=\"JUSTIFY\"><span style=\"color: #000000; font-size: 20px;\"> <span style=\"font-family: Arial, serif;\"><i>7.00 &#8211; Za ++ Barbar\u0119 i Brunona Machnik<\/i><\/span><\/span><\/p>\n<p align=\"JUSTIFY\"><span style=\"font-family: Arial, serif; font-size: 20px;\"><i><span style=\"color: #000000;\"><b> Modlitwy za wstawiennictwem \u015aw. Jana Paw\u0142a II<\/b><\/span><\/i><\/span><\/p>\n<p align=\"JUSTIFY\"><span style=\"font-family: Arial, serif; font-size: 20px;\"><i><b><span style=\"color: #000000;\">WTOREK \u2013 30.07.2024<\/span> <\/b><\/i><\/span><\/p>\n<p align=\"JUSTIFY\"><span style=\"font-family: Arial, serif; font-size: 20px;\"><i>7.00 &#8211; Za + c\u00f3rk\u0119 Halin\u0119 Ziebura i ++ z rodzin Rozmus i Ziebura<\/i><\/span><\/p>\n<p align=\"JUSTIFY\"><span style=\"font-family: Arial, serif; font-size: 20px;\"><i> <span style=\"color: #000000;\"><b>Modlitwy za wstawiennictwem naszej Patronki \u015aw. Jadwigi \u015al\u0105skiej<\/b><\/span><\/i><\/span><\/p>\n<p align=\"JUSTIFY\"><span style=\"font-family: Arial, serif; font-size: 20px;\"><i>10.00 &#8211; Msza \u015aw. w intencji Wychowawc\u00f3w, Pracownik\u00f3w i Podopiecznych naszego O\u015brodka CARITAS Matka Bo\u017ca R\u00f3\u017ca\u0144cowa<\/i><\/span><\/p>\n<p align=\"JUSTIFY\"><span style=\"font-family: Arial, serif; font-size: 20px;\"><i><b>\u015aRODA \u2013 31.07.2024 \u2013 Wsp. \u015aw. IGNACEGO z LOYOLI, prezbitera <\/b><\/i><\/span><\/p>\n<p align=\"JUSTIFY\"><span style=\"font-family: Arial, serif; font-size: 20px;\"><i><span style=\"color: #000000;\">6.30 &#8211; <\/span><span style=\"color: #000000;\"><b>Nowenna do Matki Bo\u017cej Nieustaj\u0105cej Pomocy &#8211; godzinki<\/b><\/span> <\/i><\/span><\/p>\n<p><span style=\"color: #ff0000; font-size: 20px;\"><span style=\"color: #000000;\"> <span style=\"font-family: Arial, serif;\">7.00 &#8211; <span style=\"color: #00000a;\"><b>ZA PARAFIAN<\/b><\/span><\/span><\/span><\/span><\/p>\n<p align=\"LEFT\"><span style=\"color: #ff0000; font-size: 20px;\"><span style=\"font-family: Arial, serif;\"><b><span style=\"color: #00000a;\">CZWARTEK \u2013 01.08.2024 <\/span><span style=\"color: #00000a;\">\u2013 Wsp. \u015aw. ALFONSA MARII LIGUORIEGO, bpa i dK<\/span> <span style=\"color: #00000a;\">\u2013 I czwartek<\/span><\/b><\/span><\/span><\/p>\n<p><span style=\"color: #ff0000; font-size: 20px;\"><span style=\"font-family: Arial, serif;\"><span style=\"color: #00000a;\">18.00 &#8211; Za + m\u0119\u017ca Henryka P\u0142aweckiego<\/span><\/span><\/span><\/p>\n<p align=\"JUSTIFY\"><span style=\"font-family: Arial, serif; font-size: 20px;\"><i><b>PI\u0104TEK \u2013 02.08.2024 Odpust Porcjunkuli <span style=\"color: #000000;\">\u2013 I pi\u0105tek<\/span><\/b><\/i><\/span><\/p>\n<p><span style=\"color: #ff0000; font-size: 20px;\"><span style=\"color: #00000a;\"> <span style=\"font-family: Arial, serif;\">7.00 &#8211; <b>ZA PARAFIAN<\/b><\/span><\/span><\/span><\/p>\n<p><span style=\"color: #ff0000; font-size: 20px;\"><span style=\"font-family: Arial, serif;\"><span style=\"color: #00000a;\">18.00 &#8211; Za + tat\u0119 Augustyna Kozik \u2013 od c\u00f3rek z rodzinami<\/span><\/span><\/span><\/p>\n<p align=\"JUSTIFY\"><span style=\"font-family: Arial, serif; font-size: 20px;\"><i><b><span style=\"color: #000000;\">SOBOTA \u2013 03.08.2024<\/span> <span style=\"color: #000000;\">\u2013 I sobota<\/span><\/b><\/i><\/span><\/p>\n<p align=\"JUSTIFY\"><span style=\"font-family: Arial, serif; font-size: 20px;\"><i>8<b>.<\/b>00 &#8211; <span style=\"color: #000000;\">Za dusze w czy\u015b\u0107cu cierpi\u0105ce i naszych bliskich zmar\u0142ych zw\u0142aszcza tych, kt\u00f3rzy zako\u0144czyli \u017cycie ziemskie w ci\u0105gu ostatnich dziesi\u0119ciu lat.<\/span><\/i><\/span><\/p>\n<p><span style=\"color: #ff0000; font-size: 20px;\"><span style=\"font-family: Arial, serif;\"><b>16.00<\/b> &#8211; <b>Msza \u015aw. z wigilii XVIII NIEDZIELI ZWYK\u0141EJ. <\/b><span style=\"color: #00000a;\">Za + Bronis\u0142aw\u0119 Gruba we wspomnienie urodzin, + m\u0119\u017ca Paw\u0142a i zi\u0119cia Henryka<\/span><\/span><\/span><\/p>\n<p align=\"LEFT\"><span style=\"color: #ff0000; font-size: 20px;\"><span style=\"font-family: Arial, serif;\"><b>NIEDZIELA \u2013 04.08.2024 \u2013 XVIII NIEDZIELA ZWYK\u0141A<\/b><\/span><\/span><\/p>\n<p align=\"LEFT\"><span style=\"color: #ff0000; font-size: 20px;\"> <span style=\"font-family: Arial, serif;\"><i>7.30 &#8211; Za + Feliksa Spyra, + \u017con\u0119 Bronis\u0142aw\u0119, + Reinholda Lazar, ++ z rodzin: Spyra i Kumor<\/i><\/span><\/span><\/p>\n<p align=\"LEFT\"><span style=\"color: #ff0000; font-size: 20px;\"> <span style=\"font-family: Arial, serif;\"><i>9.30 &#8211; Za + Emila Botor we wspomnienie urodzin i + \u017con\u0119 Weronik\u0119<\/i><\/span><\/span><\/p>\n<p align=\"LEFT\"><span style=\"font-family: Arial, serif; font-size: 20px;\"><i><span style=\"color: #ff0000;\">11.00 &#8211; Za + m\u0119\u017ca Tadeusza P\u0142aweckiego w VIII rocznic\u0119 \u015bmierci<\/span><\/i><\/span><\/p>\n<p><span style=\"color: #ff0000; font-size: 20px;\"><span style=\"font-family: Arial, serif;\">12.30 &#8211;<b> Chrzest dziecka:<\/b> Olga Anna Kapica<\/span><\/span><\/p>\n<p style=\"text-align: center;\"><span style=\"font-size: 24px;\"><u><b>PARAFIA RZYMSKOKATOLICKA<\/b><\/u><\/span><\/p>\n<p style=\"text-align: center;\"><span style=\"font-size: 24px;\"><b>\u015aw. Jadwigi<\/b> <b>\u015al. <\/b><i><b> <\/b><\/i><b>PSZCZYNA- STARA WIE\u015a<\/b><i><b> <\/b><\/i><b> <\/b><\/span><\/p>\n<p style=\"text-align: center;\"><span style=\"font-size: 24px;\"><b>Strona Internetowa Parafii: <\/b><span style=\"color: #ff0000;\"><b>www.parafiaswjadwigi.pl<\/b><\/span><b> <\/b><\/span><\/p>\n<p style=\"text-align: center;\"><span style=\"font-size: 24px;\"><span style=\"color: #000000;\"><i><u><b>Konto Parafii:<\/b><\/u><\/i><\/span> <span style=\"color: #000000;\"><b>z dopiskiem na cele kultu religijnego<\/b><\/span><\/span><\/p>\n<p style=\"text-align: center;\"><span style=\"font-size: 24px;\"><b>Bank Pekao S.A. 79 1240 1330 1111 0010 9381 2556<\/b><\/span><\/p>\n<p style=\"text-align: center;\" align=\"CENTER\"><span style=\"color: #ff0000; font-size: 24px;\"><span style=\"font-family: Arial, serif;\">OG\u0141OSZENIA DUSZPASTERSKIE<\/span><\/span><\/p>\n<p style=\"text-align: center;\" align=\"CENTER\"><span style=\"color: #ff0000; font-size: 24px;\"><span style=\"font-family: Arial, serif;\"><b>XVII NIEDZIELA ZWYK\u0141A \u2013 28.07.2024 <\/b><\/span><\/span><\/p>\n<p align=\"CENTER\"><span style=\"color: #008000; font-size: 20px;\"> \u201e<span style=\"font-family: Arial, serif;\"><i><b>ZBIERZCIE POZOSTA\u0141E U\u0141OMKI, ABY NIC NIE ZGIN\u0118\u0141O\u201d \u2026<\/b><\/i><\/span><\/span><\/p>\n<p align=\"JUSTIFY\"><span style=\"color: #008000; font-size: 20px;\"><span style=\"font-family: Arial, serif;\"><i><b>B\u00f3g troszczy si\u0119 o ka\u017cdy szczeg\u00f3\u0142 naszego \u017cycia i nie lekcewa\u017cy naszych zwyk\u0142ych ziemskich potrzeb. Jezus nauczaj\u0105c i uzdrawiaj\u0105c nie zapomina, \u017ce ci, kt\u00f3rzy za Nim id\u0105, potrzebuj\u0105 si\u0119 posili\u0107 \u2013 i czyni dla nich cud rozmno\u017cenia chleba. To wa\u017cny komunikat, gdy troszczymy si\u0119 o sprawy Bo\u017ce, B\u00f3g troszczy si\u0119 o nasze sprawy. My tak\u017ce przyszli\u015bmy tu za Jezusem, \u017ceby s\u0142ucha\u0107 Jego s\u0142\u00f3w. Ufajmy: Zbawiciel wie, czego potrzebujemy \u2013 otrzymamy od Niego wi\u0119cej ni\u017c si\u0119 spodziewamy.<\/b><\/i><\/span><\/span><\/p>\n<p align=\"JUSTIFY\"><span style=\"color: #000000; font-size: 20px;\"><span style=\"font-family: Arial, serif;\">Dzisiejsza kolekta przeznaczona jest na zap\u0142acenie rachunk\u00f3w za energi\u0119 elektryczn\u0105. Przed ko\u015bcio\u0142em b\u0119d\u0105 zbierane ofiary na kwiaty i sprz\u0105tanie naszej \u015bwi\u0105tyni. B\u00f3g zap\u0142a\u0107 za wszelkie ofiary.<\/span><\/span><\/p>\n<p align=\"JUSTIFY\"><span style=\"color: #000000; font-size: 20px;\"><span style=\"font-family: Arial, serif;\">W poniedzia\u0142ek obchodzimy wspomnienie \u015aw. Marty, Marii i \u0141azarza.<\/span><\/span><\/p>\n<p align=\"JUSTIFY\"><span style=\"color: #000000; font-size: 20px;\"><span style=\"font-family: Arial, serif;\">W \u015brod\u0119 wspominamy \u015aw. Ignacego z Loyoli, prezbitera.<\/span><\/span><\/p>\n<p align=\"JUSTIFY\"><span style=\"font-family: Arial, serif; font-size: 20px;\">W tym tygodniu przypadaj\u0105: I czwartek, I pi\u0105tek i I sobota miesi\u0105ca. Okazja do Spowiedzi \u015bwi\u0119tej dla dzieci, m\u0142odzie\u017cy i doros\u0142ych przed ka\u017cd\u0105 Msz\u0105 \u015awi\u0119t\u0105.<\/span><\/p>\n<p align=\"JUSTIFY\"><span style=\"color: #000000; font-size: 20px;\"><span style=\"font-family: Arial, serif;\">W I czwartek wspominamy \u015aw. Alfonsa Mari\u0119 Liguoriego, biskupa i doktora Ko\u015bcio\u0142a. Rozpoczynamy miesi\u0105c sierpie\u0144. Ko\u015bci\u00f3\u0142 wzywa nas do trze\u017awo\u015bci i abstynencji. <b>Podj\u0119te postanowienia i wyrzeczenia mo\u017cna wpisywa\u0107 do Parafialnej Ksi\u0119gi Trze\u017awo\u015bci wy\u0142o\u017conej w przedsionku ko\u015bcio\u0142a. <\/b>Nie b\u0119dzie porannej Mszy \u015bw.<\/span><\/span><\/p>\n<p align=\"JUSTIFY\"><span style=\"color: #000000; font-size: 20px;\"><span style=\"font-family: Arial, serif;\">W I pi\u0105tek przypada odpust Porcjunkuli. Wierni mog\u0105 uzyska\u0107 odpust zupe\u0142ny, gdy nawiedz\u0105 ko\u015bci\u00f3\u0142 parafialny, odm\u00f3wi\u0105 Wierz\u0119 w Boga, Ojcze nasz i Zdrowa\u015b Maryjo oraz spe\u0142ni\u0105 zwyk\u0142e warunki odpustu. Od godziny 9.00 odb\u0119d\u0105 si\u0119 odwiedziny chorych i starszych parafian. Zapisy w zakrystii. O 17.00 Adoracja Naj\u015bwi\u0119tszego Sakramentu i okazja do Spowied\u017a \u015bw., o 18.00 Msza \u015aw. <\/span><\/span><\/p>\n<p align=\"JUSTIFY\"><span style=\"color: #000000; font-size: 20px;\"><span style=\"font-family: Arial, serif;\">W I sobot\u0119 miesi\u0105ca o godzinie 8.00 zapraszam na Msz\u0119 \u015aw. za dusze w czy\u015b\u0107cu cierpi\u0105ce i naszych bliskich zmar\u0142ych, zw\u0142aszcza tych, kt\u00f3rzy odeszli do wieczno\u015bci w minionym dziesi\u0119cioleciu. O 16.00 b\u0119dzie Msza \u015bw. z wigilii XVIII Niedzieli Zwyk\u0142ej. <\/span><\/span><\/p>\n<p align=\"JUSTIFY\"><span style=\"color: #000000; font-size: 20px;\"><span style=\"font-family: Arial, serif;\">W przysz\u0142\u0105 niedziel\u0119 go\u015bci\u0107 b\u0119dziemy Ks. Proboszcza Janusza Malczyka budowniczego ko\u015bcio\u0142a w Miko\u0142owie \u2013 Kamionce.<b> <\/b>Kolekta b\u0119dzie patronack\u0105 na budow\u0119 tamtejszego ko\u015bcio\u0142a. Przed ko\u015bcio\u0142em zesp\u00f3\u0142 charytatywny przeprowadzi zbi\u00f3rk\u0119 na pomoc dla Syrii i Ukrainy.<\/span><\/span><\/p>\n<p><span style=\"font-size: 20px;\"><span style=\"font-family: Arial, serif;\">Zach\u0119cam do czytania prasy katolickiej, a zw\u0142aszcza Go\u015bcia Niedzielnego. Dzisiaj w \u201eGo\u015bciu Niedzielnym&#8221; omawiamy kolejn\u0105 rocznic\u0119 wybuchu Powstania Warszawskiego przez pryzmat postaci \u015bwi\u0119tych i b\u0142ogos\u0142awionych, kt\u00f3rzy brali w nim udzia\u0142. By\u0142o a\u017c siedem takich os\u00f3b, co dowodzi, \u017ce \u015bwi\u0119to\u015b\u0107 rodzi si\u0119 cz\u0119sto w nieludzkich czasach.<\/span><\/span><\/p>\n<p><span style=\"font-size: 20px;\"><span style=\"font-family: Arial, serif;\">Gor\u0105co dzi\u0119kujemy wszystkim uczestnikom naszego Pikniku Osiedlowo-Parafialnego, za udzia\u0142, za przyniesione ciasta, za pomoc przy organizacji oraz za wsparcie finansowe w kwocie : 9\u00a0344 z\u0142, zebrane w czasie Pikniku, kt\u00f3re przeznaczone zosta\u0142y na leczenie i rehabilitacj\u0119 Bartka Jakubiaka. Sk\u0142adamy gor\u0105ce \u201eB\u00f3g zap\u0142a\u0107\u201d za zrozumienie sprawy i hojno\u015b\u0107.<\/span><\/span><\/p>\n<p><span style=\"font-size: 20px;\"><span style=\"font-family: Arial, serif;\">Wszystkim wyje\u017cd\u017caj\u0105cym na wakacje i urlopy \u017cycz\u0119 dobrego wypoczynku i prze\u017cywania tego czasu w \u0142\u0105czno\u015bci z Bogiem, a wszystkich, kt\u00f3rzy ju\u017c powr\u00f3cili z wypoczynku i tych, kt\u00f3rzy pozostaj\u0105 w domach zapraszam do udzia\u0142u we Mszach \u015bw. i nabo\u017ce\u0144stwach.<\/span><\/span><\/p>\n<p><span style=\"font-size: 20px;\"><b>02 sierpnia br.<\/b> 5 etap wy\u015bcigu kolarskiego <b>80. Tour de Pologne<\/b> rozpocznie si\u0119 w Pszczynie. Ograniczenia w ruchu b\u0119d\u0105 w godzinach od 9.00 do 13.00. Wi\u0119cej informacji w gablotce i na stronie internetowej. <\/span><\/p>\n<p><span style=\"font-size: 20px;\"><b>07 sierpnia w \u015brod\u0119<\/b> uczestnicy Pieszej Pielgrzymki z Czechowic-Dziedzic na Jasn\u0105 G\u00f3r\u0119 b\u0119d\u0105 przechodzi\u0107 przez nasz\u0105 parafi\u0119 i zatrzymaj\u0105 si\u0119 na odpoczynek przy naszym ko\u015bciele oko\u0142o godziny 12.50. Chcemy ich powita\u0107 i godnie przyj\u0105\u0107. Wraz z Zarz\u0105dem Osiedla Stara Wie\u015b pocz\u0119stujemy ich kie\u0142bas\u0105 oraz kaw\u0105 i herbat\u0105.<\/span><\/p>\n<p><span style=\"font-size: 20px;\"><b>Do Parafialnej Ksi\u0119gi Trze\u017awo\u015bci: <\/b><\/span><\/p>\n<p><span style=\"font-size: 20px;\">&#8211; powinien wpisa\u0107 si\u0119 ka\u017cdy, kto podj\u0105\u0142 decyzj\u0119, \u017ce w swoim \u017cyciu nigdy <u>nie nadu\u017cyje alkoholu<\/u>, \u017ce si\u0119 nigdy nie upije. Dobrze b\u0119dzie, je\u017celi takie osoby podejm\u0105 r\u00f3wnie\u017c decyzj\u0119 codziennej modlitwy o trze\u017awo\u015b\u0107 Narodu.<\/span><\/p>\n<p><span style=\"font-size: 20px;\">&#8211; powinien wpisa\u0107 si\u0119 ka\u017cdy, kto <u>na jaki\u015b czas albo na ca\u0142e \u017cycie<\/u> got\u00f3w jest zrezygnowa\u0107 z u\u017cywania alkoholu i t\u0119 swoj\u0105 ofiar\u0119 sk\u0142ada Bogu w intencji ludzi, kt\u00f3rzy przez pija\u0144stwo przekre\u015blaj\u0105 swoj\u0105 godno\u015b\u0107 dziecka Bo\u017cego. <u><b>Powodem podj\u0119cia abstynencji mo\u017ce te\u017c by\u0107 gotowo\u015b\u0107 wyproszenia \u0142aski trze\u017awo\u015bci dla kogo\u015b z grona os\u00f3b najbli\u017cszych.<\/b><\/u><\/span><\/p>\n<p><br \/><br \/><\/p>\n","protected":false},"excerpt":{"rendered":"<p>PARAFIA RZYMSKOKATOLICKA \u015aw. Jadwigi \u015al\u0105skiej PSZCZYNA \u2013 STARA WIE\u015a XVII Niedziela Zwyk\u0142a od 28.07. do 04.08.2024 r. NIEDZIELA \u2013 28.07.2024 \u2013 XVII NIEDZIELA ZWYK\u0141A 7.30 &#8211; Za + Jadwig\u0119 Kraso\u0144 w XVII rocznic\u0119 \u015bmierci 9.30 &#8211; Za + Alojzego Janosz 11.00 &#8211; Do Opatrzno\u015bci Bo\u017cej przez wstawiennictwo \u015aw. Joachima i Anny z podzi\u0119kowaniem za otrzymane [&hellip;]<\/p>\n","protected":false},"author":1,"featured_media":2405,"comment_status":"open","ping_status":"open","sticky":false,"template":"","format":"standard","meta":{"footnotes":""},"categories":[6],"tags":[],"class_list":["post-3009","post","type-post","status-publish","format-standard","has-post-thumbnail","hentry","category-ogloszenia"],"_links":{"self":[{"href":"http:\/\/parafiaswjadwigi.pl\/index.php\/wp-json\/wp\/v2\/posts\/3009","targetHints":{"allow":["GET"]}}],"collection":[{"href":"http:\/\/parafiaswjadwigi.pl\/index.php\/wp-json\/wp\/v2\/posts"}],"about":[{"href":"http:\/\/parafiaswjadwigi.pl\/index.php\/wp-json\/wp\/v2\/types\/post"}],"author":[{"embeddable":true,"href":"http:\/\/parafiaswjadwigi.pl\/index.php\/wp-json\/wp\/v2\/users\/1"}],"replies":[{"embeddable":true,"href":"http:\/\/parafiaswjadwigi.pl\/index.php\/wp-json\/wp\/v2\/comments?post=3009"}],"version-history":[{"count":1,"href":"http:\/\/parafiaswjadwigi.pl\/index.php\/wp-json\/wp\/v2\/posts\/3009\/revisions"}],"predecessor-version":[{"id":3010,"href":"http:\/\/parafiaswjadwigi.pl\/index.php\/wp-json\/wp\/v2\/posts\/3009\/revisions\/3010"}],"wp:featuredmedia":[{"embeddable":true,"href":"http:\/\/parafiaswjadwigi.pl\/index.php\/wp-json\/wp\/v2\/media\/2405"}],"wp:attachment":[{"href":"http:\/\/parafiaswjadwigi.pl\/index.php\/wp-json\/wp\/v2\/media?parent=3009"}],"wp:term":[{"taxonomy":"category","embeddable":true,"href":"http:\/\/parafiaswjadwigi.pl\/index.php\/wp-json\/wp\/v2\/categories?post=3009"},{"taxonomy":"post_tag","embeddable":true,"href":"http:\/\/parafiaswjadwigi.pl\/index.php\/wp-json\/wp\/v2\/tags?post=3009"}],"curies":[{"name":"wp","href":"https:\/\/api.w.org\/{rel}","templated":true}]}}