{"id":296,"date":"2021-07-10T21:56:21","date_gmt":"2021-07-10T19:56:21","guid":{"rendered":"http:\/\/parafiaswjadwigi.pl\/?p=296"},"modified":"2021-07-17T17:58:53","modified_gmt":"2021-07-17T15:58:53","slug":"ogloszenia-od-11-07-2021-do-18-07-2021","status":"publish","type":"post","link":"http:\/\/parafiaswjadwigi.pl\/index.php\/2021\/07\/10\/ogloszenia-od-11-07-2021-do-18-07-2021\/","title":{"rendered":"Og\u0142oszenia od 11.07.2021 do 18.07.2021"},"content":{"rendered":"\n<p class=\"has-text-align-center\" style=\"font-size:30px\"><strong>PARAFIA RZYMSKOKATOLICKA<\/strong>&nbsp;&nbsp;&nbsp; &nbsp;&nbsp;&nbsp;<\/p>\n\n\n\n<p class=\"has-text-align-center\" style=\"font-size:30px\"><strong>\u015aw. Jadwigi&nbsp; \u015al\u0105skiej PSZCZYNA \u2013 STARA WIE\u015a<\/strong><\/p>\n\n\n\n<p class=\"has-text-align-center has-vivid-red-color has-text-color\" style=\"font-size:25px\"><strong><em>&nbsp;<\/em><\/strong><strong><em>XV Niedziela Zwyk\u0142a <\/em><\/strong><strong><em>&nbsp;<\/em><\/strong><strong><em>od 11.07. do 18.07.2021 r.<\/em><\/strong><\/p>\n\n\n\n<p class=\"has-vivid-red-color has-text-color\" style=\"font-size:25px\"><strong>NIEDZIELA&nbsp; \u2013 11.07.2021 \u2013&nbsp; XV NIEDZIELA ZWYK\u0141A<\/strong><\/p>\n\n\n\n<p class=\"has-vivid-red-color has-text-color has-medium-font-size\">&nbsp;&nbsp;7.30 &#8211;&nbsp;&nbsp;&nbsp; Za PARAFIAN<\/p>\n\n\n\n<p class=\"has-vivid-red-color has-text-color has-medium-font-size\">&nbsp;&nbsp;9.30 &#8211;&nbsp;&nbsp;&nbsp; Za + Mart\u0119 Mika<\/p>\n\n\n\n<p class=\"has-vivid-red-color has-text-color has-medium-font-size\">11.00 &#8211;&nbsp;&nbsp;Do Opatrzno\u015bci Bo\u017cej przez wstawiennictwo Anio\u0142\u00f3w Str\u00f3\u017c\u00f3w z podzi\u0119kowaniem za otrzymane \u0142aski, z pro\u015bb\u0105 o dalsze b\u0142ogos\u0142awie\u0144stwo Bo\u017ce i zdrowie dla rocznego dziecka: Ernesta Klimka jego&nbsp; rodzic\u00f3w i rodzic\u00f3w chrzestnych oraz dziadk\u00f3w&nbsp;&nbsp;&nbsp;<\/p>\n\n\n\n<p style=\"font-size:25px\"><strong>PONIEDZIA\u0141EK \u2013 12.07.2021 <\/strong><strong>\u2013 Wsp. \u015aw. BRUNONA BONIFACEGO z Kwerfurtu, bpa i m\u0119cz.<\/strong><\/p>\n\n\n\n<p class=\"has-medium-font-size\">&nbsp;&nbsp;7.00 &#8211;&nbsp;&nbsp;Za + Augustyna Chr\u00f3szcz \u2013 od kole\u017canek z podstaw\u00f3wki&nbsp;<\/p>\n\n\n\n<p style=\"font-size:25px\"><strong>WTOREK \u2013 13.07.2021 \u2013 <\/strong><strong>Wsp. \u015aw. Pustelnik\u00f3w Andrzeja \u015awierada i Benedykta \u2013 Dzie\u0144 Fatimski<\/strong><\/p>\n\n\n\n<p class=\"has-medium-font-size\">&nbsp;&nbsp;7.00 &#8211;&nbsp;&nbsp;Za ++ Hann\u0119 Miko\u0142ajun i Mateusza Machulec \u2013 od Zak\u0142adu Pogrzebowego \u201eMAMOK\u201d<\/p>\n\n\n\n<p class=\"has-medium-font-size\">&nbsp;&nbsp;9.00 &#8211;&nbsp;&nbsp;<strong>Pogrzeb: <\/strong>\u015ap. Jan Spyra<\/p>\n\n\n\n<p class=\"has-medium-font-size\">19.30 &#8211;&nbsp;&nbsp;Przez wstawiennictwo MB Fatimskiej za Parafian o zachowanie nas od zarazy koronawirusa<\/p>\n\n\n\n<p class=\"has-medium-font-size\">20.15 &#8211;&nbsp;&nbsp;&nbsp; <strong>NABO\u017bE\u0143STWO FATIMSKIE, R\u00d3\u017bANIEC i PROCESJA ZE \u015aWIECAMI<\/strong><\/p>\n\n\n\n<p style=\"font-size:25px\"><strong>\u015aRODA \u2013 14.07.2021&nbsp;<\/strong><\/p>\n\n\n\n<p class=\"has-medium-font-size\">&nbsp;&nbsp;6.30 &#8211;&nbsp;&nbsp;<strong>Nowenna do Matki Bo\u017cej Nieustaj\u0105cej Pomocy &#8211; godzinki<\/strong>&nbsp;<\/p>\n\n\n\n<p class=\"has-medium-font-size\">&nbsp;&nbsp;7.00 &#8211;&nbsp;&nbsp;Za + Ann\u0119 Gazda w 13 rocznic\u0119 \u015bmierci, ++ z rodzin: Gazda, Starek, \u017bem\u0142a, \u0141yko i dusze w czy\u015b\u0107cu cierpi\u0105ce<\/p>\n\n\n\n<p style=\"font-size:25px\"><strong>CZWARTEK \u2013 15.07.2021 \u2013 Wsp. \u015aw. BONAWENTURY, biskupa i doktora Ko\u015bcio\u0142a<\/strong><\/p>\n\n\n\n<p class=\"has-medium-font-size\">18.00 &#8211;&nbsp; Za ++ El\u017cbiet\u0119 i Stanis\u0142awa Kokot<\/p>\n\n\n\n<p style=\"font-size:25px\"><strong>PI\u0104TEK \u2013 16.07.2021 <\/strong><strong>\u2013 Wsp. NMP z G\u00f3ry Karmel<\/strong><\/p>\n\n\n\n<p class=\"has-medium-font-size\">18.00 &#8211;&nbsp;&nbsp;W intencji dusz w czy\u015b\u0107cu cierpi\u0105cych \u2013 od parafian<\/p>\n\n\n\n<p style=\"font-size:25px\"><strong>SOBOTA \u201317.07.2021<\/strong><\/p>\n\n\n\n<p class=\"has-medium-font-size\">15.00 &#8211;&nbsp;&nbsp;&nbsp; Przez wstawiennictwo \u015awi\u0119tego Stanis\u0142awa Kostki, patrona dzieci i m\u0142odzie\u017cy z pro\u015bb\u0105 o Bo\u017ce b\u0142ogos\u0142awie\u0144stwo dla Oliwii Grolik z okazji I Rocznicy Urodzin oraz o opiek\u0119 Matki Bo\u017cej dla ca\u0142ej rodziny&nbsp;<\/p>\n\n\n\n<p class=\"has-vivid-red-color has-text-color has-medium-font-size\"><strong>16.00<\/strong> &#8211;&nbsp;&nbsp;<strong>Msza \u015aw. z wigilii XVI NIEDZIELI ZWYK\u0141EJ. <\/strong>Za + szwagra Mariana Szweda \u2013 od rodzin: Szpek, Rzepecki i Duda<\/p>\n\n\n\n<p class=\"has-vivid-red-color has-text-color\" style=\"font-size:25px\"><strong>NIEDZIELA&nbsp; \u2013 18.07.2021 \u2013&nbsp; XVI NIEDZIELA ZWYK\u0141A<\/strong><\/p>\n\n\n\n<p class=\"has-vivid-red-color has-text-color has-medium-font-size\">&nbsp;&nbsp;7.30 &#8211;&nbsp;&nbsp;Za + Wies\u0142awa Poloczek w II rocznic\u0119 \u015bmierci i \u017con\u0119 Jadwig\u0119<\/p>\n\n\n\n<p class=\"has-vivid-red-color has-text-color has-medium-font-size\">&nbsp;&nbsp;9.30 &#8211;&nbsp;&nbsp;Za + Krzysztofa Skowron, ++ rodzic\u00f3w Mari\u0119 i Stefana Skowron, Jadwig\u0119 i Stanis\u0142awa Rozmus, ++ z rodziny&nbsp;&nbsp;&nbsp;<\/p>\n\n\n\n<p class=\"has-vivid-red-color has-text-color has-medium-font-size\">11.00 &#8211;&nbsp;&nbsp;Za + Paw\u0142a Gruszk\u0119 \u2013 od wnuka \u0141ukasza z rodzin\u0105<\/p>\n\n\n\n<p class=\"has-vivid-red-color has-text-color has-medium-font-size\">&nbsp;<strong>Chrzest dziecka:<\/strong> Natan Tomasz Lasek<\/p>\n\n\n\n<p class=\"has-text-align-center\" style=\"font-size:25px\"><strong>PARAFIA RZYMSKOKATOLICKA<\/strong><\/p>\n\n\n\n<p class=\"has-text-align-center\" style=\"font-size:25px\"><img loading=\"lazy\" decoding=\"async\" src=\"https:\/\/lh3.googleusercontent.com\/YTtCVDSU-NzWWrkCIRU8b6-cUwg7ErT1nO_EQOpclh9jUFlJ720ahE6oYimr7oup_LOs8qXseH7GZ7sfg3oYQz-mVtFh2PoR3KXH_8L-Ytqnm6cfPbl6wovoim-RFtuA04axB8s\" width=\"139\" height=\"179\"><\/p>\n\n\n\n<p class=\"has-text-align-center\" style=\"font-size:25px\"><strong>&nbsp;&nbsp;&nbsp;&nbsp;&nbsp;&nbsp;&nbsp;&nbsp;\u015aw. Jadwigi<\/strong> <strong>\u015al. <\/strong><strong><em>&nbsp;<\/em><\/strong><strong>PSZCZYNA- STARA WIE\u015a<\/strong><strong><em> <\/em><\/strong><strong>&nbsp;&nbsp;&nbsp;<\/strong><\/p>\n\n\n\n<p class=\"has-text-align-center\" style=\"font-size:25px\">&nbsp;&nbsp;&nbsp;&nbsp;&nbsp;&nbsp;&nbsp;&nbsp;&nbsp;&nbsp;&nbsp;&nbsp;&nbsp;&nbsp;<strong>Strona Internetowa Parafii: <\/strong><strong>&nbsp;&nbsp;&nbsp; <\/strong><strong>www.parafiaswjadwigi.pl<\/strong><strong>&nbsp;&nbsp;<\/strong><\/p>\n\n\n\n<p class=\"has-text-align-center\" style=\"font-size:25px\">&nbsp;&nbsp;&nbsp;&nbsp;&nbsp;&nbsp;&nbsp;&nbsp;&nbsp;&nbsp;&nbsp;&nbsp;&nbsp;<strong><em>Konto&nbsp; Parafii:<\/em><\/strong>&nbsp; <strong>z dopiskiem na cele kultu religijnego<\/strong><\/p>\n\n\n\n<p class=\"has-text-align-center\" style=\"font-size:25px\"><strong>Bank Pekao S.A.&nbsp; 79 1240 1330 1111 0010 9381 2556<\/strong><br><img loading=\"lazy\" decoding=\"async\" src=\"https:\/\/lh5.googleusercontent.com\/sbZe3mtX9rcsfDaExylUs1xW1xGz8zAKs3KEksMLmEIWmS2yRr-3E78auLo5p9TazzQPi4xsWMq1bZ8gnAt76GZZ5igrAbu5Wa1JDThst8XLRod2UdH-vRhyowK6Mu4YxjOuAOk\" width=\"132\" height=\"169\"><\/p>\n\n\n\n<p class=\"has-text-align-right\" style=\"font-size:25px\"><strong>OG\u0141OSZENIA DUSZPASTERSKIE<\/strong><\/p>\n\n\n\n<p class=\"has-text-align-right\" style=\"font-size:25px\"><strong>XV NIEDZIELA ZWYK\u0141A \u2013 11.07.2021<\/strong><\/p>\n\n\n\n<p class=\"has-text-align-right\" style=\"font-size:25px\"><strong><em>\u201eJEZUS PRZYWO\u0141A\u0141 DO SIEBIE DWUNASTU \u2026\u201d.<\/em><\/strong><\/p>\n\n\n\n<p class=\"has-vivid-cyan-blue-color has-text-color\" style=\"font-size:18px\"><strong><em>B\u00f3g wybra\u0142 nas przed za\u0142o\u017ceniem \u015bwiata. Nie jeste\u015bmy dzie\u0142em przypadku, ale Jego kochanymi dzie\u0107mi. Cho\u0107 wiele rzeczy si\u0119 zmienia w naszym \u017cyciu i na ca\u0142ym \u015bwiecie, jedna na pewno pozostaje niezmienna \u2013 Bo\u017ca mi\u0142o\u015b\u0107. Ona stale towarzyszy nam w realizacji naszego powo\u0142ania \u2013 na drodze do \u015bwi\u0119to\u015bci.<\/em><\/strong><\/p>\n\n\n\n<p style=\"font-size:18px\">Dzisiejsza kolekta specjalna kopertowa przeznaczona b\u0119dzie na dalsze o\u015bwietlenie naszego ko\u015bcio\u0142a \/ lampy pod ch\u00f3rem, na klatkach schodowych i w przedsionku ko\u015bcio\u0142a. B\u00f3g zap\u0142a\u0107 za wszelkie ofiary.<\/p>\n\n\n\n<p style=\"font-size:18px\">W poniedzia\u0142ek wspominamy \u015aw. Brunona Bonifacego z Kwerfurtu, biskupa i m\u0119czennika.<\/p>\n\n\n\n<p style=\"font-size:18px\">We wtorek przypada wspomnienie \u015aw. pustelnik\u00f3w Andrzeja \u015awierada i Benedykta. O godz. 9.00 odb\u0119dzie si\u0119 pogrzeb \u015ap Jana Spyry. Jest to tak\u017ce Dzie\u0144 Fatimski dlatego zapraszam wszystkich parafian o godzinie 19.30 na Msz\u0119 \u015bw., R\u00f3\u017caniec Fatimski i procesj\u0119 z figur\u0105 Matki Bo\u017cej i ze \u015bwiecami wok\u00f3\u0142 ko\u015bcio\u0142a.<\/p>\n\n\n\n<p style=\"font-size:18px\">W czwartek wspominamy \u015bw. Bonawentur\u0119, biskupa i doktora Ko\u015bcio\u0142a.&nbsp;<\/p>\n\n\n\n<p style=\"font-size:18px\">W pi\u0105tek obchodzimy wspomnienie NMP z G\u00f3ry Karmel \u2013 Matki Bo\u017cej Szkaplerznej. Wszystkich, kt\u00f3rzy czcz\u0105 Matk\u0119 Bo\u017c\u0105 i nosz\u0105 szkaplerz zapraszam do udzia\u0142u w tym dniu we Mszy \u015aw. o godzinie 18.00.<\/p>\n\n\n\n<p style=\"font-size:18px\">W sobot\u0119 o godzinie 16.00 b\u0119dzie Msza \u015bw. z wigilii XVI Niedzieli Zwyk\u0142ej.<\/p>\n\n\n\n<p style=\"font-size:18px\">W przysz\u0142\u0105 niedziel\u0119 kolekta przeznaczona b\u0119dzie na odnowienie budynku gospodarczego na naszym cmentarzu.<\/p>\n\n\n\n<p style=\"font-size:18px\">W zwi\u0105zku ze zbli\u017caj\u0105cym si\u0119 wspomnieniem \u015aw. Krzysztofa, patrona kierowc\u00f3w w przysz\u0142\u0105 sobot\u0119 i niedziel\u0119 tj 17 i 18 lipca po ka\u017cdej Mszy \u015bw. b\u0119dzie b\u0142ogos\u0142awie\u0144stwo kierowc\u00f3w oraz samochod\u00f3w i pojazd\u00f3w mechanicznych.<\/p>\n\n\n\n<p style=\"font-size:18px\">W trwaj\u0105cym okresie wakacji i urlop\u00f3w zach\u0119cam wiernych do po\u015bwi\u0119cenia wi\u0119cej czasu na modlitw\u0119, czytanie Pisma \u015awi\u0119tego, ksi\u0105\u017cek i czasopism religijnych.&nbsp;<\/p>\n\n\n\n<p style=\"font-size:18px\"><strong>W najnowszym \u201eGo\u015bciu Niedzielnym\u201d m.in.:<\/strong> warto zwr\u00f3ci\u0107 uwag\u0119 na teksty po\u015bwi\u0119cone relacjom pomi\u0119dzy Izraelem a Polsk\u0105 w kontek\u015bcie ostatniej nowelizacji Kodeksu post\u0119powania administracyjnego. Temu tematowi po\u015bwi\u0119cona jest r\u00f3wnie\u017c rozmowa z izraelskim dziennikarzem i pisarzem Yossim Kleinem Halevim.<\/p>\n\n\n\n<p style=\"font-size:18px\">Uczestnik\u00f3w zapisanych na pielgrzymk\u0119 do W\u0142och prosz\u0119 o wp\u0142acenie pozosta\u0142ej kwoty do przysz\u0142ej niedzieli w\u0142\u0105cznie.<\/p>\n\n\n\n<p style=\"font-size:18px\"><strong>MILCZENIE (OWMR 45)<\/strong><br>Nale\u017cy r\u00f3wnie\u017c zachowa\u0107 w odpowiednim czasie pe\u0142ne czci milczenie. Jego natura zale\u017cy od czasu, w jakim jest przewidziane w poszczeg\u00f3lnych obrz\u0119dach:<br>&nbsp;&nbsp;&nbsp;&nbsp;\u2013 w akcie pokuty i po wezwaniu do modlitwy wierni skupiaj\u0105 si\u0119 w sobie;<br>&nbsp;&nbsp;&nbsp;&nbsp;\u2013 po czytaniu lub homilii kr\u00f3tko rozwa\u017caj\u0105 to, co us\u0142yszeli;<br>&nbsp;&nbsp;&nbsp;&nbsp;\u2013 po Komunii \u015bwi\u0119tej za\u015b wychwalaj\u0105 Boga w sercu i modl\u0105 si\u0119 do Niego. W Mszach dla grup specjalnych milczenie to mo\u017cna przed\u0142u\u017cy\u0107. Godne pochwa\u0142y jest zachowanie milczenia w ko\u015bciele, w zakrystii i w przylegaj\u0105cych do niej pomieszczeniach ju\u017c przed rozpocz\u0119ciem celebracji, aby wszyscy pobo\u017cnie i godnie przygotowali si\u0119 do sprawowania \u015bwi\u0119tych czynno\u015bci.<\/p>\n","protected":false},"excerpt":{"rendered":"<p>PARAFIA RZYMSKOKATOLICKA&nbsp;&nbsp;&nbsp; &nbsp;&nbsp;&nbsp; \u015aw. Jadwigi&nbsp; \u015al\u0105skiej PSZCZYNA \u2013 STARA WIE\u015a &nbsp;XV Niedziela Zwyk\u0142a &nbsp;od 11.07. do 18.07.2021 r. NIEDZIELA&nbsp; \u2013 11.07.2021 \u2013&nbsp; XV NIEDZIELA ZWYK\u0141A &nbsp;&nbsp;7.30 &#8211;&nbsp;&nbsp;&nbsp; Za PARAFIAN &nbsp;&nbsp;9.30 &#8211;&nbsp;&nbsp;&nbsp; Za + Mart\u0119 Mika 11.00 &#8211;&nbsp;&nbsp;Do Opatrzno\u015bci Bo\u017cej przez wstawiennictwo Anio\u0142\u00f3w Str\u00f3\u017c\u00f3w z podzi\u0119kowaniem za otrzymane \u0142aski, z pro\u015bb\u0105 o dalsze b\u0142ogos\u0142awie\u0144stwo Bo\u017ce i [&hellip;]<\/p>\n","protected":false},"author":1,"featured_media":293,"comment_status":"open","ping_status":"open","sticky":false,"template":"","format":"standard","meta":{"footnotes":""},"categories":[6],"tags":[],"class_list":["post-296","post","type-post","status-publish","format-standard","has-post-thumbnail","hentry","category-ogloszenia"],"_links":{"self":[{"href":"http:\/\/parafiaswjadwigi.pl\/index.php\/wp-json\/wp\/v2\/posts\/296","targetHints":{"allow":["GET"]}}],"collection":[{"href":"http:\/\/parafiaswjadwigi.pl\/index.php\/wp-json\/wp\/v2\/posts"}],"about":[{"href":"http:\/\/parafiaswjadwigi.pl\/index.php\/wp-json\/wp\/v2\/types\/post"}],"author":[{"embeddable":true,"href":"http:\/\/parafiaswjadwigi.pl\/index.php\/wp-json\/wp\/v2\/users\/1"}],"replies":[{"embeddable":true,"href":"http:\/\/parafiaswjadwigi.pl\/index.php\/wp-json\/wp\/v2\/comments?post=296"}],"version-history":[{"count":2,"href":"http:\/\/parafiaswjadwigi.pl\/index.php\/wp-json\/wp\/v2\/posts\/296\/revisions"}],"predecessor-version":[{"id":298,"href":"http:\/\/parafiaswjadwigi.pl\/index.php\/wp-json\/wp\/v2\/posts\/296\/revisions\/298"}],"wp:featuredmedia":[{"embeddable":true,"href":"http:\/\/parafiaswjadwigi.pl\/index.php\/wp-json\/wp\/v2\/media\/293"}],"wp:attachment":[{"href":"http:\/\/parafiaswjadwigi.pl\/index.php\/wp-json\/wp\/v2\/media?parent=296"}],"wp:term":[{"taxonomy":"category","embeddable":true,"href":"http:\/\/parafiaswjadwigi.pl\/index.php\/wp-json\/wp\/v2\/categories?post=296"},{"taxonomy":"post_tag","embeddable":true,"href":"http:\/\/parafiaswjadwigi.pl\/index.php\/wp-json\/wp\/v2\/tags?post=296"}],"curies":[{"name":"wp","href":"https:\/\/api.w.org\/{rel}","templated":true}]}}