{"id":2755,"date":"2024-05-12T09:15:55","date_gmt":"2024-05-12T07:15:55","guid":{"rendered":"http:\/\/parafiaswjadwigi.pl\/?p=2755"},"modified":"2024-05-18T23:26:10","modified_gmt":"2024-05-18T21:26:10","slug":"ogloszenia-od-12-05-2024-do-19-05-2024","status":"publish","type":"post","link":"http:\/\/parafiaswjadwigi.pl\/index.php\/2024\/05\/12\/ogloszenia-od-12-05-2024-do-19-05-2024\/","title":{"rendered":"Og\u0142oszenia od 12.05.2024 do 19.05.2024"},"content":{"rendered":"\n\n\n<p style=\"text-align: center;\"><span style=\"font-size: 24px;\"><u><b>PARAFIA RZYMSKOKATOLICKA<\/b><\/u><\/span><\/p>\n<p style=\"text-align: center;\"><span style=\"font-size: 24px;\"><b> \u015aw. Jadwigi \u015al\u0105skiej PSZCZYNA \u2013 STARA WIE\u015a <\/b><\/span><\/p>\n<p style=\"text-align: center;\"><span style=\"color: #ff0000; font-size: 24px;\"> <i><b> VII Niedziela Zmartwychwstania Pa\u0144skiego od 12.05. do 19.05.2024 r.<\/b><\/i><\/span><\/p>\n<p align=\"LEFT\"><span style=\"color: #ff0000; font-size: 20px;\"><span style=\"font-family: Arial, serif;\"><b>VII NIEDZIELA WIELKANOCNA \u2013 12.05.2024 &#8211; Uroczysto\u015b\u0107 Wniebowst\u0105pienia Pa\u0144skiego<\/b><\/span><\/span><\/p>\n<p align=\"LEFT\"><span style=\"color: #ff0000; font-size: 20px;\"> <span style=\"font-family: Arial, serif;\"><i>7.30 &#8211; Za + R\u00f3\u017c\u0119 Chlebek w II rocznic\u0119 \u015bmierci<\/i><\/span><\/span><\/p>\n<p align=\"LEFT\"><span style=\"color: #ff0000; font-size: 20px;\"> <span style=\"font-family: Arial, serif;\"><i>9.30 &#8211; Za ++ Ludwika i Ann\u0119 Kokot i ++ z pokrewie\u0144stwa<\/i><\/span><\/span><\/p>\n<p align=\"JUSTIFY\"><span style=\"font-family: Arial, serif; font-size: 20px;\"><i><span style=\"color: #ff0000;\">11.00 &#8211; Do Opatrzno\u015bci Bo\u017cej przez wstawiennictwo Matki Bo\u017cej Fatimskiej w intencji Ksi\u0119dza Proboszcza Rafa\u0142a Pa\u017adziernioka i koleg\u00f3w rocznikowych jako podzi\u0119kowanie za dar kap\u0142a\u0144stwa w 35 rocznic\u0119 przyj\u0119cia \u015bwi\u0119ce\u0144 prezbiteratu<\/span><\/i><\/span><\/p>\n<p align=\"LEFT\"><span style=\"font-family: Arial, serif; font-size: 20px;\"><i><span style=\"color: #ff0000;\"><b>18.00 &#8211;<\/b><\/span> <span style=\"color: #0000ff;\"><b>NABO\u017bE\u0143STWO MAJOWE w plenerze przy kapliczce przy ulicy Sadowej \/ko\u0142o rozsad\/<\/b><\/span><\/i><\/span><\/p>\n<p align=\"JUSTIFY\"><span style=\"color: #ff0000; font-size: 20px;\"><span style=\"font-family: Arial, serif;\"><b><span style=\"color: #00000a;\">PONIEDZIA\u0141EK \u2013 13.05.2024 <\/span><span style=\"color: #0000ff;\"> DZIE\u0143 FATIMSKI<\/span><\/b><\/span><\/span><\/p>\n<p><span style=\"color: #ff0000; font-size: 20px;\"><span style=\"color: #00000a;\"> <span style=\"font-family: Arial, serif;\">7.00 &#8211; Za + m\u0119\u017ca Roberta Kli\u015b, ++ rodzic\u00f3w i te\u015bci\u00f3w<\/span><\/span><\/span><\/p>\n<p align=\"JUSTIFY\"><span style=\"font-family: Arial, serif; font-size: 20px;\"><i> <span style=\"color: #0000ff;\"><b>NABO\u017bE\u0143STWO MAJOWE,<\/b><\/span><span style=\"color: #0000ff;\"><b> R\u00d3\u017bANIEC FATIMSKI<\/b><\/span><span style=\"color: #0000ff;\"><b>\u2013 procesja wok\u00f3\u0142 ko\u015bcio\u0142a <\/b><\/span><\/i><\/span><\/p>\n<p align=\"JUSTIFY\"><span style=\"font-family: Arial, serif; font-size: 20px;\"><i><b><span style=\"color: #000000;\">WTOREK \u2013 14.05.2024 <\/span>\u2013 \u015awi\u0119to \u015aW. MACIEJA, APOSTO\u0141A<\/b><\/i><\/span><\/p>\n<p align=\"JUSTIFY\"><span style=\"color: #000000; font-size: 20px;\"> <span style=\"font-family: Arial, serif;\"><i>7.00 &#8211; W pewnej intencji<\/i><\/span><\/span><\/p>\n<p align=\"JUSTIFY\"><span style=\"font-family: Arial, serif; font-size: 20px;\"><i> <span style=\"color: #0000ff;\"><b>NABO\u017bE\u0143STWO MAJOWE<\/b><\/span><\/i><\/span><\/p>\n<p align=\"JUSTIFY\"><span style=\"font-family: Arial, serif; font-size: 20px;\"><i><b>\u015aRODA \u2013 15.05.2024 <\/b><\/i><\/span><\/p>\n<p align=\"JUSTIFY\"><span style=\"font-family: Arial, serif; font-size: 20px;\"><i><span style=\"color: #000000;\">6.30 &#8211; <\/span><span style=\"color: #000000;\"><b>Nowenna do Matki Bo\u017cej Nieustaj\u0105cej Pomocy &#8211; godzinki<\/b><\/span> <\/i><\/span><\/p>\n<p><span style=\"color: #ff0000; font-size: 20px;\"><span style=\"font-family: Arial, serif;\"><span style=\"color: #00000a;\">7.00 &#8211; Za ++ siostry: Otyli\u0119, Matyld\u0119, Anastazj\u0119 i Margot<\/span><\/span><\/span><\/p>\n<p><span style=\"color: #ff0000; font-size: 20px;\"><span style=\"font-family: Arial, serif;\"> <span style=\"color: #0000ff;\"><i><b>NABO\u017bE\u0143STWO MAJOWE <\/b><\/i><\/span><\/span><\/span><\/p>\n<p align=\"LEFT\"><span style=\"font-family: Arial, serif; font-size: 20px;\"><i><b>CZWARTEK \u2013 16.05.2024 \u2013 \u015awi\u0119to \u015aW. ANDRZEJA BOBOLI, prezbitera i m\u0119czennika<\/b><\/i><\/span><\/p>\n<p align=\"JUSTIFY\"><span style=\"font-family: Arial, serif; font-size: 20px;\"><i>18.00 &#8211; Za ++ rodzic\u00f3w Lidi\u0119 i Piotra Rozmus<\/i><\/span><\/p>\n<p align=\"JUSTIFY\"><span style=\"font-family: Arial, serif; font-size: 20px;\"><i> <span style=\"color: #0000ff;\"><b>NABO\u017bE\u0143STWO MAJOWE<\/b><\/span><\/i><\/span><\/p>\n<p align=\"JUSTIFY\"><span style=\"font-family: Arial, serif; font-size: 20px;\"><i><b>PI\u0104TEK \u2013 17.05.2024<\/b><\/i><\/span><\/p>\n<p align=\"JUSTIFY\"><span style=\"font-family: Arial, serif; font-size: 20px;\"><i>18.00 &#8211; <b>Msza \u015awi\u0119ta szkolna.<\/b> Za ++ Henryka Jucha, 2 \u017cony Bert\u0119 i Anastazj\u0119, zi\u0119cia Henryka Szromek, ++ 2 Zygmunt\u00f3w Kapica oraz ++ rodzic\u00f3w obu stron<\/i><\/span><\/p>\n<p align=\"JUSTIFY\"><span style=\"font-family: Arial, serif; font-size: 20px;\"><i> <span style=\"color: #0000ff;\"><b>NABO\u017bE\u0143STWO MAJOWE<\/b><\/span> <\/i><\/span><\/p>\n<p align=\"JUSTIFY\"><span style=\"font-family: Arial, serif; font-size: 20px;\"><i><b><span style=\"color: #000000;\">SOBOTA \u201318.05.2024 <\/span><\/b><\/i><\/span><\/p>\n<p align=\"JUSTIFY\"><span style=\"font-family: Arial, serif; font-size: 20px;\"><i><span style=\"color: #000000;\"><b>8.00 &#8211;<\/b><\/span> <span style=\"color: #000000;\"><b>W intencji Rodzin Ruchu Szensztackiego<\/b><\/span><\/i><\/span><\/p>\n<p align=\"JUSTIFY\"><span style=\"font-family: Arial, serif; font-size: 20px;\"><i><span style=\"color: #0000ff;\"><b> NABO\u017bE\u0143STWO MAJOWE<\/b><\/span><\/i><\/span><\/p>\n<p align=\"JUSTIFY\"><span style=\"font-family: Arial, serif; font-size: 20px;\"><i><span style=\"color: #ff0000;\"><b>15.00 &#8211; <\/b><\/span>Do Opatrzno\u015bci Bo\u017cej przez wstawiennictwo Matki Bo\u017cej i \u015aw. Jadwigi z podzi\u0119kowaniem za otrzymane \u0142aski, z pro\u015bb\u0105 o b\u0142ogos\u0142awie\u0144stwo Bo\u017ce i zdrowie w intencji Rafa\u0142a Celer z okazji 50 rocznicy urodzin<\/i><\/span><\/p>\n<p align=\"JUSTIFY\"><span style=\"font-family: Arial, serif; font-size: 20px;\"><i><span style=\"color: #ff0000;\"><b>16.<\/b><\/span><span style=\"color: #ff0000;\">00 &#8211; <\/span><span style=\"color: #ff0000;\"><b>Msza \u015aw. z wigilii Uroczysto\u015bci Zes\u0142ania Ducha \u015awi\u0119tego. <\/b><\/span>Za + Stanis\u0142awa Pyrtek<\/i><\/span><\/p>\n<p align=\"LEFT\"><span style=\"color: #ff0000; font-size: 20px;\"><span style=\"font-family: Arial, serif;\"><b>VIII NIEDZIELA WIELKANOCNA \u2013 19.05.2024 &#8211; Uroczysto\u015b\u0107 Zes\u0142ania Ducha \u015awi\u0119tego<\/b><\/span><\/span><\/p>\n<p align=\"LEFT\"><span style=\"color: #ff0000; font-size: 20px;\"> <span style=\"font-family: Arial, serif;\"><i>7.30 &#8211; Za ++ rodzic\u00f3w \u0141ucj\u0119 i Paw\u0142a Spyra w kolejn\u0105 rocznic\u0119 \u015bmierci, ++ m\u0119\u017ca Jana, syna Artura<\/i><\/span><\/span><\/p>\n<p align=\"LEFT\"><span style=\"color: #ff0000; font-size: 20px;\"> <span style=\"font-family: Arial, serif;\"><i>9.30 &#8211; Za + Stanis\u0142awa Larysz w XXX rocznic\u0119 \u015bmierci i + \u017con\u0119 Gertrud\u0119<\/i><\/span><\/span><\/p>\n<p align=\"LEFT\"><span style=\"font-family: Arial, serif; font-size: 20px;\"><i><span style=\"color: #ff0000;\">11.00 &#8211; <\/span><span style=\"color: #ff0000;\"><b>UROCZYSTO\u015a\u0106 I KOMUNII \u015aWI\u0118TEJ \u2013 <\/b><\/span><span style=\"color: #ff0000;\">w intencji dzieci przyst\u0119puj\u0105cych do I Komunii \u015awi\u0119tej ich rodzic\u00f3w i rodze\u0144stwa oraz rodzic\u00f3w chrzestnych<\/span><b> <\/b><\/i><\/span><\/p>\n<p align=\"LEFT\"><span style=\"font-family: Arial, serif; font-size: 20px;\"><i><span style=\"color: #ff0000;\"><b>15.30 &#8211;<\/b><\/span> <span style=\"color: #0000ff;\"><b>NABO\u017bE\u0143STWO MAJOWE w plenerze przy Grocie Matki Bo\u017cej z Lourdes<\/b><\/span><\/i><\/span><\/p>\n<p align=\"LEFT\"><span style=\"font-family: Arial, serif; font-size: 20px;\"><i><u><b>PARAFIA RZYMSKOKATOLICKA<\/b><\/u><\/i><\/span><\/p>\n<p><span style=\"font-size: 20px;\"><b>\u015aw. Jadwigi<\/b> <b>\u015al. <\/b><i><b> <\/b><\/i><b>PSZCZYNA- STARA WIE\u015a<\/b><i><b> <\/b><\/i><b> <\/b><\/span><\/p>\n<p><span style=\"font-size: 20px;\"><b> Strona Internetowa Parafii: <\/b><span style=\"color: #ff0000;\"><b>www.parafiaswjadwigi.pl<\/b><\/span><b> <\/b><\/span><\/p>\n<p><span style=\"font-size: 20px;\"><span style=\"color: #000000;\"><i><u><b>Konto Parafii:<\/b><\/u><\/i><\/span> <span style=\"color: #000000;\"><b>z dopiskiem na cele kultu religijnego<\/b><\/span><\/span><\/p>\n<p><span style=\"font-size: 20px;\"><b>Bank Pekao S.A. 79 1240 1330 1111 0010 9381 2556<\/b><\/span><\/p>\n<p align=\"CENTER\"><span style=\"color: #ff0000; font-size: 20px;\"><span style=\"font-family: Arial, serif;\"><b>OG\u0141OSZENIA DUSZPASTERSKIE<\/b><\/span><\/span><\/p>\n<p align=\"CENTER\"><span style=\"color: #ff0000; font-size: 20px;\"><span style=\"font-family: Arial, serif;\"><b>VII NIEDZIELA WIELKANOCNA \u2013 12.05.2024 UROCZYSTO\u015a\u0106 WNIEBOWST\u0104PIENIA PA\u0143SKIEGO<\/b><\/span><\/span><\/p>\n<p align=\"CENTER\"><span style=\"color: #00ff00; font-size: 20px;\"><span style=\"color: #ff0000;\">\u201e<span style=\"font-family: Arial, serif;\"><i><b>PAN JEZUS WNIEBOWSTEPUJE \u2026 \u201d<\/b><\/i><\/span><\/span><\/span><\/p>\n<p><span style=\"font-size: 20px;\"><span style=\"color: #ff0000;\"><span style=\"font-family: Arial, serif;\"><i><b>W\u00a0liturgii s\u0142owa us\u0142yszymy wezwanie Jezusa: \u201eId\u017acie na\u00a0ca\u0142y \u015bwiat i\u00a0g\u0142o\u015bcie Ewangeli\u0119 wszelkiemu stworzeniu!&#8221;. Ewangelizacja to\u00a0testament Chrystusa, dany nam przed\u00a0wst\u0105pieniem do\u00a0nieba. Niech nakaz misyjny, kt\u00f3ry\u00a0znamy tak dobrze, \u017ce\u00a0cz\u0119sto ju\u017c o\u00a0nim nie my\u015blimy, na\u00a0nowo zabrzmi dzi\u015b w\u00a0naszych sercach. Zbawiciel chce nas wyposa\u017ca\u0107 w\u00a0charyzmaty, kt\u00f3re\u00a0uwiarygodni\u0105 nasze g\u0142oszenie. Otw\u00f3rzmy si\u0119 podczas tej Eucharystii na\u00a0Jego \u0142ask\u0119, aby\u015bmy si\u0119 stali Jego \u015bwiadkami.<\/b><\/i><\/span><\/span><\/span><\/p>\n<p align=\"JUSTIFY\"><span style=\"color: #000000; font-size: 20px;\"><span style=\"font-family: Arial, serif;\">Dzisiejsza kolekta specjalna, kopertowa przeznaczona jest na materia\u0142 i wykonanie dalszej cz\u0119\u015bci schod\u00f3w przed naszym ko\u015bcio\u0142em. B\u00f3g zap\u0142a\u0107 za wszelkie ofiary.<\/span><\/span><\/p>\n<p align=\"JUSTIFY\"><span style=\"color: #000000; font-size: 20px;\"><span style=\"font-family: Arial, serif;\">W dzisiaj o godzinie 18.00 zapraszam na nabo\u017ce\u0144stwo majowe przy kapliczce, przy kapliczce przy ulicy Sadowej \/ ko\u0142o rozsad\/.<\/span><\/span><\/p>\n<p align=\"JUSTIFY\"><span style=\"font-family: Arial, serif; font-size: 20px;\"><i>W poniedzia\u0142ek w Dzie\u0144 Fatimski obchodzimy wspomnienie NMP z Fatimy. Po Mszy \u015awi\u0119tej rano zapraszam na r\u00f3\u017caniec fatimski, nabo\u017ce\u0144stwo majowe i procesj\u0119 wok\u00f3\u0142 ko\u015bcio\u0142a przy zapalonych \u015bwiecach z figur\u0105 Matki Bo\u017cej Fatimskiej. O godzinie 18.00 pr\u00f3ba przed Uroczysto\u015bci\u0105 I Komunii \u015aw.<\/i><\/span><\/p>\n<p align=\"JUSTIFY\"><span style=\"color: #000000; font-size: 20px;\"><span style=\"font-family: Arial, serif;\">We wtorek przypada \u015awi\u0119to \u015awi\u0119tego Macieja, Aposto\u0142a.<\/span><\/span><\/p>\n<p align=\"JUSTIFY\"><span style=\"color: #000000; font-size: 20px;\"><span style=\"font-family: Arial, serif;\">W czwartek obchodzimy \u015awi\u0119to \u015awi\u0119tego Andrzeja Boboli, prezbitera i m\u0119czennika, patrona Polski. O godzinie 15.00 zapraszam rodzic\u00f3w dzieci Pierwszokomunijnych do sprz\u0105tania obej\u015bcia ko\u015bcio\u0142a.<\/span><\/span><\/p>\n<p align=\"JUSTIFY\"><span style=\"color: #000000; font-size: 20px;\"><span style=\"font-family: Arial, serif;\">W pi\u0105tek o godzinie 17.00 Adoracja Naj\u015bwi\u0119tszego Sakramentu i okazja do Spowiedzi \u015awi\u0119tej. O 18.00 zapraszam dzieci na Msz\u0119 \u015bw. szkoln\u0105 i na nabo\u017ce\u0144stwo majowe. O 19.00 pr\u00f3ba przed Uroczysto\u015bci\u0105 I Komunii \u015aw., a dla doros\u0142ych tak\u017ce okazja do Spowiedzi \u015awi\u0119tej.<\/span><\/span><\/p>\n<p align=\"JUSTIFY\"><span style=\"color: #000000; font-size: 20px;\"><span style=\"font-family: Arial, serif;\">W sobot\u0119 o godzinie 8.00 zapraszam na Msz\u0119 \u015aw. w intencji Rodzin Ruchu Szensztackiego. Prosz\u0119 przynie\u015b\u0107 ze sob\u0105 kapliczki. O godzinie 10.00 Spowied\u017a \u015aw. przed I Komuni\u0105 \u015aw. dla dzieci, a p\u00f3\u017aniej tak\u017ce dla doros\u0142ych. O 16.00 b\u0119dzie Msza \u015aw. z wigilii Uroczysto\u015bci Zes\u0142ania Ducha \u015awi\u0119tego. <\/span><\/span><\/p>\n<p align=\"JUSTIFY\"><span style=\"color: #000000; font-size: 20px;\"><span style=\"font-family: Arial, serif;\">W przysz\u0142\u0105 niedziel\u0119 w Uroczysto\u015b\u0107 Zes\u0142ania Ducha \u015awi\u0119tego o godzinie 11.00 w naszej parafii odb\u0119dzie si\u0119 Uroczysto\u015b\u0107 Pierwszokomunijna. O godzinie 15.30 zapraszam na nabo\u017ce\u0144stwo majowe w plenerze przed grot\u0105 Matki Bo\u017cej z udzia\u0142em Dzieci Pierwszokomunijnych. Kolekta przysz\u0142ej niedzieli b\u0119dzie przeznaczona na nasz ko\u015bci\u00f3\u0142.<\/span><\/span><\/p>\n<p align=\"JUSTIFY\"><span style=\"font-family: Arial, serif; font-size: 20px;\"><i>W przysz\u0142\u0105 niedziel\u0119 w Katedrze o godzinie 14.00 Eucharystia z udzia\u0142em ma\u0142\u017conk\u00f3w \u015bwi\u0119tuj\u0105cych swoje jubileusze podczas inauguracji metropolitalnego \u015bwi\u0119ta rodzin. Ks. Arcybiskup Adrian serdecznie zaprasza. <\/i><\/span><\/p>\n<p align=\"JUSTIFY\"><span style=\"font-family: Arial, serif; font-size: 20px;\"><i>W niedziel\u0119 26 maja w Uroczysto\u015b\u0107 Tr\u00f3jcy Przenaj\u015bwi\u0119tszej m\u0119\u017cczy\u017ani i m\u0142odzie\u0144cy pielgrzymuj\u0105 do Matki Boskiej Piekarskiej. Istnieje mo\u017cliwo\u015b\u0107 by sobot\u0119 25 maja pod wiecz\u00f3r wyruszy\u0107 z parafii Bo\u017cego Mi\u0142osierdzia rowerami na piekarsk\u0105 pielgrzymk\u0119. Nocleg zarezerwowany w domu pielgrzyma \u201eNazaret\u201d (130 z\u0142 ze \u015bniadaniem\/os.). Je\u015bli kto\u015b by\u0142by zainteresowany tak\u0105 form\u0105 pielgrzymowania, to prosz\u0119 si\u0119 zg\u0142osi\u0107. Jest 25 miejsc.<\/i><\/span><\/p>\n<p align=\"JUSTIFY\"><span style=\"font-family: Arial, serif; font-size: 20px;\">Zach\u0119cam do czytania prasy katolickiej, a zw\u0142aszcza Go\u015bcia Niedzielnego. Dzisiaj w\u00a0\u201eGo\u015bciu Niedzielnym&#8221; artyku\u0142 demaskuj\u0105cy przek\u0142amania i\u00a0mity pojawiaj\u0105ce si\u0119 w\u00a0zwi\u0105zku z\u00a0objawieniami w\u00a0Fatimie.<\/span><\/p>\n","protected":false},"excerpt":{"rendered":"<p>PARAFIA RZYMSKOKATOLICKA \u015aw. Jadwigi \u015al\u0105skiej PSZCZYNA \u2013 STARA WIE\u015a VII Niedziela Zmartwychwstania Pa\u0144skiego od 12.05. do 19.05.2024 r. VII NIEDZIELA WIELKANOCNA \u2013 12.05.2024 &#8211; Uroczysto\u015b\u0107 Wniebowst\u0105pienia Pa\u0144skiego 7.30 &#8211; Za + R\u00f3\u017c\u0119 Chlebek w II rocznic\u0119 \u015bmierci 9.30 &#8211; Za ++ Ludwika i Ann\u0119 Kokot i ++ z pokrewie\u0144stwa 11.00 &#8211; Do Opatrzno\u015bci Bo\u017cej przez [&hellip;]<\/p>\n","protected":false},"author":1,"featured_media":2403,"comment_status":"open","ping_status":"open","sticky":false,"template":"","format":"standard","meta":{"footnotes":""},"categories":[6],"tags":[],"class_list":["post-2755","post","type-post","status-publish","format-standard","has-post-thumbnail","hentry","category-ogloszenia"],"_links":{"self":[{"href":"http:\/\/parafiaswjadwigi.pl\/index.php\/wp-json\/wp\/v2\/posts\/2755","targetHints":{"allow":["GET"]}}],"collection":[{"href":"http:\/\/parafiaswjadwigi.pl\/index.php\/wp-json\/wp\/v2\/posts"}],"about":[{"href":"http:\/\/parafiaswjadwigi.pl\/index.php\/wp-json\/wp\/v2\/types\/post"}],"author":[{"embeddable":true,"href":"http:\/\/parafiaswjadwigi.pl\/index.php\/wp-json\/wp\/v2\/users\/1"}],"replies":[{"embeddable":true,"href":"http:\/\/parafiaswjadwigi.pl\/index.php\/wp-json\/wp\/v2\/comments?post=2755"}],"version-history":[{"count":1,"href":"http:\/\/parafiaswjadwigi.pl\/index.php\/wp-json\/wp\/v2\/posts\/2755\/revisions"}],"predecessor-version":[{"id":2756,"href":"http:\/\/parafiaswjadwigi.pl\/index.php\/wp-json\/wp\/v2\/posts\/2755\/revisions\/2756"}],"wp:featuredmedia":[{"embeddable":true,"href":"http:\/\/parafiaswjadwigi.pl\/index.php\/wp-json\/wp\/v2\/media\/2403"}],"wp:attachment":[{"href":"http:\/\/parafiaswjadwigi.pl\/index.php\/wp-json\/wp\/v2\/media?parent=2755"}],"wp:term":[{"taxonomy":"category","embeddable":true,"href":"http:\/\/parafiaswjadwigi.pl\/index.php\/wp-json\/wp\/v2\/categories?post=2755"},{"taxonomy":"post_tag","embeddable":true,"href":"http:\/\/parafiaswjadwigi.pl\/index.php\/wp-json\/wp\/v2\/tags?post=2755"}],"curies":[{"name":"wp","href":"https:\/\/api.w.org\/{rel}","templated":true}]}}