{"id":2714,"date":"2024-04-06T23:11:45","date_gmt":"2024-04-06T21:11:45","guid":{"rendered":"http:\/\/parafiaswjadwigi.pl\/?p=2714"},"modified":"2024-04-20T20:28:52","modified_gmt":"2024-04-20T18:28:52","slug":"14-kwietnia-narodowy-marsz-dla-zycia","status":"publish","type":"post","link":"http:\/\/parafiaswjadwigi.pl\/index.php\/2024\/04\/06\/14-kwietnia-narodowy-marsz-dla-zycia\/","title":{"rendered":"14 kwietnia Narodowy Marsz dla \u017bycia"},"content":{"rendered":"\n<p style=\"text-align: center;\"><span style=\"font-family: 'Times New Roman', serif; font-size: 24px;\">14 kwietnia w Warszawie odb\u0119dzie si\u0119 Narodowy Marsz dla \u017bycia. Plac Zamkowy godz. 12.30. Serdecznie polecamy tak\u0105 form\u0119 opowiedzenia si\u0119 w obronie \u017cycia nienarodzonych. W najbli\u017cszym czasie b\u0119d\u0105 si\u0119 decydowa\u0142y losy wielu pocz\u0119tych a nienarodzonych dzieci w zwi\u0105zku z planowanymi zmianami prawa w w\/w kwestii. Zainteresowanych wyjazdem prosimy o kontakt pod numerem 690\u00a0352\u00a0102 <br \/>lub 32\/ 211 49 11 \u2013 Parafia NSPJ w Piasku<\/span><\/p>\n","protected":false},"excerpt":{"rendered":"<p>14 kwietnia w Warszawie odb\u0119dzie si\u0119 Narodowy Marsz dla \u017bycia. Plac Zamkowy godz. 12.30. Serdecznie polecamy tak\u0105 form\u0119 opowiedzenia si\u0119 w obronie \u017cycia nienarodzonych. W najbli\u017cszym czasie b\u0119d\u0105 si\u0119 decydowa\u0142y losy wielu pocz\u0119tych a nienarodzonych dzieci w zwi\u0105zku z planowanymi zmianami prawa w w\/w kwestii. Zainteresowanych wyjazdem prosimy o kontakt pod numerem 690\u00a0352\u00a0102 lub 32\/ [&hellip;]<\/p>\n","protected":false},"author":1,"featured_media":0,"comment_status":"open","ping_status":"open","sticky":false,"template":"","format":"standard","meta":{"footnotes":""},"categories":[],"tags":[],"class_list":["post-2714","post","type-post","status-publish","format-standard","hentry"],"_links":{"self":[{"href":"http:\/\/parafiaswjadwigi.pl\/index.php\/wp-json\/wp\/v2\/posts\/2714","targetHints":{"allow":["GET"]}}],"collection":[{"href":"http:\/\/parafiaswjadwigi.pl\/index.php\/wp-json\/wp\/v2\/posts"}],"about":[{"href":"http:\/\/parafiaswjadwigi.pl\/index.php\/wp-json\/wp\/v2\/types\/post"}],"author":[{"embeddable":true,"href":"http:\/\/parafiaswjadwigi.pl\/index.php\/wp-json\/wp\/v2\/users\/1"}],"replies":[{"embeddable":true,"href":"http:\/\/parafiaswjadwigi.pl\/index.php\/wp-json\/wp\/v2\/comments?post=2714"}],"version-history":[{"count":1,"href":"http:\/\/parafiaswjadwigi.pl\/index.php\/wp-json\/wp\/v2\/posts\/2714\/revisions"}],"predecessor-version":[{"id":2715,"href":"http:\/\/parafiaswjadwigi.pl\/index.php\/wp-json\/wp\/v2\/posts\/2714\/revisions\/2715"}],"wp:attachment":[{"href":"http:\/\/parafiaswjadwigi.pl\/index.php\/wp-json\/wp\/v2\/media?parent=2714"}],"wp:term":[{"taxonomy":"category","embeddable":true,"href":"http:\/\/parafiaswjadwigi.pl\/index.php\/wp-json\/wp\/v2\/categories?post=2714"},{"taxonomy":"post_tag","embeddable":true,"href":"http:\/\/parafiaswjadwigi.pl\/index.php\/wp-json\/wp\/v2\/tags?post=2714"}],"curies":[{"name":"wp","href":"https:\/\/api.w.org\/{rel}","templated":true}]}}