{"id":2411,"date":"2024-01-07T00:31:27","date_gmt":"2024-01-06T23:31:27","guid":{"rendered":"http:\/\/parafiaswjadwigi.pl\/?p=2411"},"modified":"2024-01-14T09:33:00","modified_gmt":"2024-01-14T08:33:00","slug":"ogloszenia-od-07-01-2024-do-14-01-2024","status":"publish","type":"post","link":"http:\/\/parafiaswjadwigi.pl\/index.php\/2024\/01\/07\/ogloszenia-od-07-01-2024-do-14-01-2024\/","title":{"rendered":"Og\u0142oszenia od 07.01.2024 do 14.01.2024"},"content":{"rendered":"\n<p style=\"text-align: center;\"><span style=\"font-size: 28px;\"><u><b>PARAFIA RZYMSKOKATOLICKA<\/b><\/u><\/span><\/p>\n<p style=\"text-align: center;\"><span style=\"font-size: 28px;\"><b> \u015aw. Jadwigi \u015al\u0105skiej PSZCZYNA \u2013 STARA WIE\u015a <\/b><\/span><\/p>\n<p style=\"text-align: center;\"><span style=\"color: #ff0000; font-size: 28px;\"> <i><b> Niedziela Chrztu Pa\u0144skiego od 07.01. do 14.01.2024 r.<\/b><\/i><\/span><\/p>\n<p align=\"JUSTIFY\"><span style=\"font-family: Arial, serif; font-size: 20px;\"><i><b><span style=\"color: #ff0000;\">NIEDZIELA \u2013 07.01.2024 \u2013 Niedziela Chrztu Pa\u0144skiego<\/span><\/b><\/i><\/span><\/p>\n<p><span style=\"color: #ff0000; font-size: 20px;\"> <span style=\"font-family: Arial, serif;\">7.30 &#8211; Za + Boles\u0142awa Kasza we wspomnienie urodzin<\/span><\/span><\/p>\n<p><span style=\"color: #ff0000; font-size: 20px;\"> <span style=\"font-family: Arial, serif;\">9.30 &#8211; Za + Antoniego Nowak \u2013 od rodzin: Dobija, Jochemczyk i P\u0142awecki<\/span><\/span><\/p>\n<p><span style=\"color: #ff0000; font-size: 20px;\"><span style=\"font-family: Arial, serif;\">11.00 &#8211; Za + m\u0119\u017ca Leszka Bieleckiego w V rocznic\u0119 \u015bmierci<\/span><\/span><\/p>\n<p align=\"JUSTIFY\"><span style=\"font-family: Arial, serif; font-size: 20px;\"><i><b><span style=\"color: #000000;\">PONIEDZIA\u0141EK \u2013 08.01.2024<\/span><\/b><\/i><\/span><\/p>\n<p><span style=\"font-size: 20px;\"><span style=\"color: #000000;\"> <span style=\"font-family: Arial, serif;\">7.00 &#8211; <\/span><\/span><span style=\"font-family: Arial, serif;\"><b>ZA PARAFIAN<\/b><\/span><\/span><\/p>\n<p align=\"JUSTIFY\"><span style=\"font-family: Arial, serif; font-size: 20px;\"><i> <span style=\"color: #000000;\"><b>Modlitwy za wstawiennictwem \u015aw. Jana Paw\u0142a II<\/b><\/span> <\/i><\/span><\/p>\n<p align=\"JUSTIFY\"><span style=\"font-family: Arial, serif; font-size: 20px;\"><i><b><span style=\"color: #000000;\">WTOREK \u2013 09.01.2024<\/span><\/b><\/i><\/span><\/p>\n<p><span style=\"font-size: 20px;\"><span style=\"color: #000000;\"> <span style=\"font-family: Arial, serif;\">7.00 &#8211; <\/span><\/span><span style=\"font-family: Arial, serif;\"><b>ZA PARAFIAN<\/b><\/span><\/span><\/p>\n<p align=\"JUSTIFY\"><span style=\"font-family: Arial, serif; font-size: 20px;\"><i><b><span style=\"color: #000000;\">\u015aRODA \u2013 10.01.2024 <\/span><\/b><\/i><\/span><\/p>\n<p align=\"JUSTIFY\"><span style=\"color: #000000; font-size: 20px;\"> <span style=\"font-family: Arial, serif;\"><i>6.30 &#8211; <\/i><b>Nowenna do Matki Bo\u017cej Nieustaj\u0105cej Pomocy &#8211; godzinki<\/b> <\/span><\/span><\/p>\n<p align=\"JUSTIFY\"><span style=\"color: #000000; font-size: 20px;\"> <span style=\"font-family: Arial, serif;\"><i>7.00 &#8211; <\/i>Za + Stanis\u0142awa Leki w XXX rocznic\u0119 \u015bmierci, + \u017con\u0119 Dorot\u0119 Leki i ++ dziadk\u00f3w obu stron<\/span><\/span><\/p>\n<p align=\"JUSTIFY\"><span style=\"font-family: Arial, serif; font-size: 20px;\"><i><b>CZWARTEK \u2013 11.01.2024<\/b><\/i><\/span><\/p>\n<p><span style=\"color: #ff0000; font-size: 20px;\"><span style=\"font-family: Arial, serif;\"><span style=\"color: #00000a;\">18.00 &#8211; Za + m\u0119\u017ca Andrzeja Szpek o rado\u015b\u0107 \u017cycia wiecznego w IV rocznic\u0119 \u015bmierci<\/span><\/span><\/span><\/p>\n<p align=\"JUSTIFY\"><span style=\"font-family: Arial, serif; font-size: 20px;\"><i><b><span style=\"color: #000000;\">PI\u0104TEK \u2013 12.01.2024<\/span><\/b><\/i><\/span><\/p>\n<p align=\"JUSTIFY\"><span style=\"font-family: Arial, serif; font-size: 20px;\"><i><span style=\"color: #000000;\">18.00 &#8211; <\/span><span style=\"color: #000000;\"><b>Msza \u015aw. szkolna.<\/b><\/span><span style=\"color: #000000;\"> Za + Aleksandra Rozmus we wspomnienie urodzin i ++ rodzic\u00f3w obu stron<\/span><\/i><\/span><\/p>\n<p align=\"JUSTIFY\"><span style=\"font-family: Arial, serif; font-size: 20px;\"><i><b><span style=\"color: #000000;\">SOBOTA \u2013 13.01.2024<\/span><\/b><\/i><\/span><\/p>\n<p><span style=\"color: #ff0000; font-size: 20px;\"><span style=\"color: #000000;\"> <span style=\"font-family: Arial, serif;\">8.00 &#8211; <b>Przez wstawiennictwo NMP R\u00f3\u017ca\u0144cowej w intencji R\u00f3\u017c R\u00f3\u017ca\u0144cowych naszej parafii<\/b><\/span><\/span><\/span><\/p>\n<p align=\"JUSTIFY\"><span style=\"font-family: Arial, serif; font-size: 20px;\"><i><span style=\"color: #ff0000;\"><b>16.<\/b><\/span><span style=\"color: #ff0000;\">00 &#8211; <\/span><span style=\"color: #ff0000;\"><b>Msza \u015aw. z wigilii II Niedzieli Zwyk\u0142ej.<\/b><\/span><b> <\/b>Do Opatrzno\u015bci Bo\u017cej przez wstawiennictwo Matki Bo\u017cej i \u015bw. Jadwigi z podzi\u0119kowaniem za otrzymane \u0142aski, z pro\u015bb\u0105 o b\u0142ogos\u0142awie\u0144stwo Bo\u017ce, zdrowie w intencji El\u017cbiety i Mieczys\u0142awa Rzepecki z okazji 55 rocznicy \u015blubu oraz o b\u0142ogos\u0142awie\u0144stwo Bo\u017ce dla ca\u0142ej rodziny<\/i><\/span><\/p>\n<p align=\"JUSTIFY\"><span style=\"font-family: Arial, serif; font-size: 20px;\"><i><b><span style=\"color: #ff0000;\">NIEDZIELA \u2013 14.01.2024 \u2013 II Niedziela Zwyk\u0142a<\/span><\/b><\/i><\/span><\/p>\n<p><span style=\"color: #ff0000; font-size: 20px;\"> <span style=\"font-family: Arial, serif;\">7.30 &#8211; Za + Augustyna \u015awierkot \u2013 od rodziny Pistelok<\/span><\/span><\/p>\n<p><span style=\"color: #ff0000; font-size: 20px;\"> <span style=\"font-family: Arial, serif;\">9.30 &#8211; Za ++ rodzic\u00f3w Otyli\u0119 i Henryka B\u0142aut<\/span><\/span><\/p>\n<p><span style=\"color: #ff0000; font-size: 20px;\"><span style=\"font-family: Arial, serif;\">11.00 &#8211; Za + Kazimierza P\u0142achno w III rocznic\u0119 \u015bmierci, ++ z rodzin: P\u0142achno, Wyrobek i Krystian<\/span><\/span><\/p>\n<p style=\"text-align: center;\"><span style=\"font-size: 24px;\"><u><b>PARAFIA RZYMSKOKATOLICKA<\/b><\/u><\/span><\/p>\n<p style=\"text-align: center;\"><span style=\"font-size: 24px;\"><b>\u015aw. Jadwigi<\/b> <b>\u015al. <\/b><i><b> <\/b><\/i><b>PSZCZYNA- STARA WIE\u015a<\/b><i><b> <\/b><\/i><b> <\/b><\/span><\/p>\n<p style=\"text-align: center;\"><span style=\"font-size: 24px;\"><b>Strona Internetowa Parafii: <\/b><span style=\"color: #ff0000;\"><b>www.parafiaswjadwigi.pl<\/b><\/span><b> <\/b><\/span><\/p>\n<p style=\"text-align: center;\"><span style=\"font-size: 24px;\"><span style=\"color: #000000;\"><i><u><b>Konto Parafii:<\/b><\/u><\/i><\/span> <span style=\"color: #000000;\"><b>z dopiskiem na cele kultu religijnego<\/b><\/span><\/span><\/p>\n<p style=\"text-align: center;\"><span style=\"font-size: 24px;\"><b>Bank Pekao S.A. 79 1240 1330 1111 0010 9381 2556<\/b><\/span><\/p>\n<p align=\"CENTER\"><span style=\"color: #ff0000; font-size: 24px;\"><span style=\"font-family: Arial, serif;\"><b>OG\u0141OSZENIA DUSZPASTERSKIE<\/b><\/span><\/span><\/p>\n<p style=\"text-align: center;\" align=\"LEFT\"><span style=\"color: #ff0000; font-size: 20px;\"><span style=\"font-family: Arial, serif;\"><b>NIEDZIELA CHRZTU PA\u0143SKIEGO\u201307.01.2024<\/b><\/span><\/span><\/p>\n<p align=\"CENTER\"><span style=\"color: #00ff00; font-size: 20px;\"><span style=\"color: #ff0000;\">\u201e\u2026<span style=\"font-family: Arial, serif;\"><i><b>TAK GODZI SI\u0118 WYPE\u0141NI\u0106 WSZYSTKO\u2026\u201d<\/b><\/i><\/span><\/span><\/span><\/p>\n<p><span style=\"font-size: 20px;\"><span style=\"color: #ff0000;\"><span style=\"font-family: Arial, serif;\"><i><b>\u015awi\u0119to Chrztu Pa\u0144skiego, kt\u00f3re\u00a0dzi\u015b prze\u017cywamy, zamyka okres Bo\u017cego Narodzenia. Ewangelia stawia przed\u00a0nami Jezusa wychodz\u0105cego z\u00a0Jordanu, kt\u00f3ry\u00a0widzi otwieraj\u0105ce si\u0119 niebo i\u00a0Ducha \u015awi\u0119tego zst\u0119puj\u0105cego w\u00a0postaci go\u0142\u0119bicy. S\u0142yszy tak\u017ce g\u0142os Ojca: \u201eTy jeste\u015b moim Synem umi\u0142owanym, w\u00a0Tobie mam upodobanie&#8221;. Nowy etap w\u00a0historii zbawienia w\u0142a\u015bnie si\u0119\u00a0rozpoczyna. U\u00a0progu tej Eucharystii pomy\u015blmy o\u00a0tym, \u017ce\u00a0na\u00a0ka\u017cdego z\u00a0nas zst\u0105pi\u0142 Duch przybrania za\u00a0syn\u00f3w, kt\u00f3ry\u00a0odnawia w\u00a0nas Bo\u017cy obraz i\u00a0Bo\u017ce podobie\u0144stwo.<\/b><\/i><\/span><\/span><\/span><\/p>\n<p align=\"JUSTIFY\"><span style=\"color: #000000; font-size: 20px;\"><span style=\"font-family: Arial, serif;\">Kolekta dzisiejszej niedzieli przeznaczona jest na archidiecezj\u0119. Przed ko\u015bcio\u0142em zesp\u00f3\u0142 charytatywny przeprowadzi zbi\u00f3rk\u0119 na pomoc Syrii i Ukrainie. B\u00f3g zap\u0142a\u0107 za wszelkie ofiary.<\/span><\/span><\/p>\n<p align=\"JUSTIFY\"><span style=\"color: #000000; font-size: 20px;\"><span style=\"font-family: Arial, serif;\">Od poniedzia\u0142ku rozpoczyna si\u0119 Okres Zwyk\u0142y roku liturgicznego, kt\u00f3ry trwa do wtorku przed \u015arod\u0105 Popielcow\u0105.<\/span><\/span><\/p>\n<p align=\"JUSTIFY\"><span style=\"color: #000000; font-size: 20px;\"><span style=\"font-family: Arial, serif;\">W pi\u0105tek o godzinie 17.00 Adoracja Naj\u015bwi\u0119tszego Sakramentu i o 18.00 zapraszam dzieci na Msz\u0119 \u015bw. szkoln\u0105. <\/span><\/span><\/p>\n<p align=\"JUSTIFY\"><span style=\"font-family: Arial, serif; font-size: 20px;\"><i><span style=\"color: #000000;\">W sobot\u0119 zapraszam na Msz\u0119 \u015bw. o godzinie 8.00 ofiarowan\u0105 w intencji R\u00f3\u017c R\u00f3\u017ca\u0144cowych naszej parafii. Serdecznie zapraszam do podj\u0119cia decyzji z nowym rokiem wst\u0105pienia i utworzenia nowych r\u00f3\u017c r\u00f3\u017ca\u0144cowych. Wystarczy codziennie odm\u00f3wi\u0107 dziesi\u0105tk\u0119 r\u00f3\u017ca\u0144ca, a w drug\u0105 sobot\u0119 miesi\u0105ca spotka\u0107 si\u0119 na Mszy \u015aw. i we wsp\u00f3lnocie w salce parafialnej. O godzinie 16.00 b\u0119dzie Msza \u015aw. z wigilii II Niedzieli Zwyk\u0142ej. <\/span><\/i><\/span><\/p>\n<p align=\"JUSTIFY\"><span style=\"font-family: Arial, serif; font-size: 20px;\"><i>W przysz\u0142\u0105 niedziel\u0119 kolekta <span style=\"color: #000000;\">przeznaczona b\u0119dzie na nowe figury w stajence.<\/span><\/i><\/span><\/p>\n<p align=\"JUSTIFY\"><span style=\"font-size: 20px;\"><span style=\"font-family: Arial, serif;\">Zach\u0119cam do czytania prasy katolickiej, a zw\u0142aszcza Go\u015bcia Niedzielnego. Dzisiaj w\u00a0\u201eGo\u015bciu Niedzielnym&#8221; o\u00a0tym, \u017ce\u00a0nowy rz\u0105d zapowiada ograniczenie liczby lekcji religii w\u00a0szko\u0142ach. W\u00a0zwi\u0105zku z\u00a0tym piszemy o\u00a0znaczeniu szkolnej katechezy i\u00a0zastanawiamy si\u0119 nad\u00a0jej przysz\u0142o\u015bci\u0105.<\/span><\/span><\/p>\n","protected":false},"excerpt":{"rendered":"<p>PARAFIA RZYMSKOKATOLICKA \u015aw. Jadwigi \u015al\u0105skiej PSZCZYNA \u2013 STARA WIE\u015a Niedziela Chrztu Pa\u0144skiego od 07.01. do 14.01.2024 r. NIEDZIELA \u2013 07.01.2024 \u2013 Niedziela Chrztu Pa\u0144skiego 7.30 &#8211; Za + Boles\u0142awa Kasza we wspomnienie urodzin 9.30 &#8211; Za + Antoniego Nowak \u2013 od rodzin: Dobija, Jochemczyk i P\u0142awecki 11.00 &#8211; Za + m\u0119\u017ca Leszka Bieleckiego w V [&hellip;]<\/p>\n","protected":false},"author":1,"featured_media":2403,"comment_status":"open","ping_status":"open","sticky":false,"template":"","format":"standard","meta":{"footnotes":""},"categories":[6],"tags":[],"class_list":["post-2411","post","type-post","status-publish","format-standard","has-post-thumbnail","hentry","category-ogloszenia"],"_links":{"self":[{"href":"http:\/\/parafiaswjadwigi.pl\/index.php\/wp-json\/wp\/v2\/posts\/2411","targetHints":{"allow":["GET"]}}],"collection":[{"href":"http:\/\/parafiaswjadwigi.pl\/index.php\/wp-json\/wp\/v2\/posts"}],"about":[{"href":"http:\/\/parafiaswjadwigi.pl\/index.php\/wp-json\/wp\/v2\/types\/post"}],"author":[{"embeddable":true,"href":"http:\/\/parafiaswjadwigi.pl\/index.php\/wp-json\/wp\/v2\/users\/1"}],"replies":[{"embeddable":true,"href":"http:\/\/parafiaswjadwigi.pl\/index.php\/wp-json\/wp\/v2\/comments?post=2411"}],"version-history":[{"count":1,"href":"http:\/\/parafiaswjadwigi.pl\/index.php\/wp-json\/wp\/v2\/posts\/2411\/revisions"}],"predecessor-version":[{"id":2412,"href":"http:\/\/parafiaswjadwigi.pl\/index.php\/wp-json\/wp\/v2\/posts\/2411\/revisions\/2412"}],"wp:featuredmedia":[{"embeddable":true,"href":"http:\/\/parafiaswjadwigi.pl\/index.php\/wp-json\/wp\/v2\/media\/2403"}],"wp:attachment":[{"href":"http:\/\/parafiaswjadwigi.pl\/index.php\/wp-json\/wp\/v2\/media?parent=2411"}],"wp:term":[{"taxonomy":"category","embeddable":true,"href":"http:\/\/parafiaswjadwigi.pl\/index.php\/wp-json\/wp\/v2\/categories?post=2411"},{"taxonomy":"post_tag","embeddable":true,"href":"http:\/\/parafiaswjadwigi.pl\/index.php\/wp-json\/wp\/v2\/tags?post=2411"}],"curies":[{"name":"wp","href":"https:\/\/api.w.org\/{rel}","templated":true}]}}