{"id":228,"date":"2021-05-30T09:27:53","date_gmt":"2021-05-30T07:27:53","guid":{"rendered":"https:\/\/parafiaswjadwigi.pl\/?p=228"},"modified":"2021-05-30T09:29:43","modified_gmt":"2021-05-30T07:29:43","slug":"duchowa-adopcja-dziecka-poczetego-zagrozonego-zaglada","status":"publish","type":"post","link":"http:\/\/parafiaswjadwigi.pl\/index.php\/2021\/05\/30\/duchowa-adopcja-dziecka-poczetego-zagrozonego-zaglada\/","title":{"rendered":"Duchowa Adopcja Dziecka Pocz\u0119tego Zagro\u017conego Zag\u0142ad\u0105"},"content":{"rendered":"\n<p class=\"has-text-align-center has-black-color has-text-color\" style=\"font-size:25px\"><strong>Modlitwa codzienna<\/strong> + dziesi\u0105tka r\u00f3\u017ca\u0144ca \u015bw.<\/p>\n\n\n\n<p class=\"has-black-color has-text-color has-medium-font-size\" style=\"font-size:25px\">Panie Jezu, za wstawiennictwem Twojej Matki, Maryi, kt\u00f3ra urodzi\u0142a Ci\u0119 z&nbsp;mi\u0142o\u015bci\u0105, oraz za wstawiennictwem \u015bw. J\u00f3zefa, cz\u0142owieka zawierzenia, kt\u00f3ry opiekowa\u0142 si\u0119 Tob\u0105 po narodzeniu, prosz\u0119 Ci\u0119 w intencji tego nienarodzonego dziecka, kt\u00f3re duchowo adoptowa\u0142em, a&nbsp;kt\u00f3re znajduje si\u0119 w&nbsp;niebezpiecze\u0144stwie zag\u0142ady. Prosz\u0119, daj rodzicom mi\u0142o\u015b\u0107 i&nbsp;odwag\u0119, aby swoje dziecko pozostawili przy \u017cyciu, kt\u00f3re Ty sam mu przeznaczy\u0142e\u015b. <br>Amen.<\/p>\n\n\n\n<p>Dodatkowe informacje na stronach:<\/p>\n\n\n\n<p><a href=\"http:\/\/www.duchowaadopcja.info\/\" data-type=\"URL\" data-id=\"www.duchowaadopcja.info\/\">www.duchowaadopcja.info\/<\/a><\/p>\n\n\n\n<p><a href=\"https:\/\/www.duchowa-adopcja.pl\/\">https:\/\/www.duchowa-adopcja.pl\/<\/a><\/p>\n\n\n\n<p><a href=\"http:\/\/duchowaadopcja.pl\">duchowaadopcja.pl<\/a><\/p>\n\n\n\n<p><\/p>\n","protected":false},"excerpt":{"rendered":"<p>Modlitwa codzienna + dziesi\u0105tka r\u00f3\u017ca\u0144ca \u015bw. Panie Jezu, za wstawiennictwem Twojej Matki, Maryi, kt\u00f3ra urodzi\u0142a Ci\u0119 z&nbsp;mi\u0142o\u015bci\u0105, oraz za wstawiennictwem \u015bw. J\u00f3zefa, cz\u0142owieka zawierzenia, kt\u00f3ry opiekowa\u0142 si\u0119 Tob\u0105 po narodzeniu, prosz\u0119 Ci\u0119 w intencji tego nienarodzonego dziecka, kt\u00f3re duchowo adoptowa\u0142em, a&nbsp;kt\u00f3re znajduje si\u0119 w&nbsp;niebezpiecze\u0144stwie zag\u0142ady. Prosz\u0119, daj rodzicom mi\u0142o\u015b\u0107 i&nbsp;odwag\u0119, aby swoje dziecko pozostawili przy [&hellip;]<\/p>\n","protected":false},"author":1,"featured_media":229,"comment_status":"open","ping_status":"open","sticky":false,"template":"","format":"standard","meta":{"footnotes":""},"categories":[12],"tags":[],"class_list":["post-228","post","type-post","status-publish","format-standard","has-post-thumbnail","hentry","category-modlitwy"],"_links":{"self":[{"href":"http:\/\/parafiaswjadwigi.pl\/index.php\/wp-json\/wp\/v2\/posts\/228","targetHints":{"allow":["GET"]}}],"collection":[{"href":"http:\/\/parafiaswjadwigi.pl\/index.php\/wp-json\/wp\/v2\/posts"}],"about":[{"href":"http:\/\/parafiaswjadwigi.pl\/index.php\/wp-json\/wp\/v2\/types\/post"}],"author":[{"embeddable":true,"href":"http:\/\/parafiaswjadwigi.pl\/index.php\/wp-json\/wp\/v2\/users\/1"}],"replies":[{"embeddable":true,"href":"http:\/\/parafiaswjadwigi.pl\/index.php\/wp-json\/wp\/v2\/comments?post=228"}],"version-history":[{"count":3,"href":"http:\/\/parafiaswjadwigi.pl\/index.php\/wp-json\/wp\/v2\/posts\/228\/revisions"}],"predecessor-version":[{"id":233,"href":"http:\/\/parafiaswjadwigi.pl\/index.php\/wp-json\/wp\/v2\/posts\/228\/revisions\/233"}],"wp:featuredmedia":[{"embeddable":true,"href":"http:\/\/parafiaswjadwigi.pl\/index.php\/wp-json\/wp\/v2\/media\/229"}],"wp:attachment":[{"href":"http:\/\/parafiaswjadwigi.pl\/index.php\/wp-json\/wp\/v2\/media?parent=228"}],"wp:term":[{"taxonomy":"category","embeddable":true,"href":"http:\/\/parafiaswjadwigi.pl\/index.php\/wp-json\/wp\/v2\/categories?post=228"},{"taxonomy":"post_tag","embeddable":true,"href":"http:\/\/parafiaswjadwigi.pl\/index.php\/wp-json\/wp\/v2\/tags?post=228"}],"curies":[{"name":"wp","href":"https:\/\/api.w.org\/{rel}","templated":true}]}}