{"id":2213,"date":"2023-10-08T09:59:08","date_gmt":"2023-10-08T07:59:08","guid":{"rendered":"http:\/\/parafiaswjadwigi.pl\/?p=2213"},"modified":"2023-10-15T00:15:26","modified_gmt":"2023-10-14T22:15:26","slug":"ogloszenia-od-08-10-2023-do-15-10-2023","status":"publish","type":"post","link":"http:\/\/parafiaswjadwigi.pl\/index.php\/2023\/10\/08\/ogloszenia-od-08-10-2023-do-15-10-2023\/","title":{"rendered":"Og\u0142oszenia od 08.10.2023 do 15.10.2023"},"content":{"rendered":"\n<p style=\"text-align: center;\"><span style=\"font-size: 28px;\"><u><b>PARAFIA RZYMSKOKATOLICKA<\/b><\/u><\/span><\/p>\n<p style=\"text-align: center;\"><span style=\"font-size: 28px;\"><b> \u015aw. Jadwigi \u015al\u0105skiej PSZCZYNA \u2013 STARA WIE\u015a <\/b><\/span><\/p>\n<p style=\"text-align: center;\"><span style=\"color: #ff0000; font-size: 28px;\"> <i><b> XXVII Niedziela Zwyk\u0142a od 08.10. do 15.10.2023 r.<\/b><\/i><\/span><\/p>\n<p align=\"JUSTIFY\"><span style=\"font-family: Arial, serif; font-size: 20px;\"><i><b><span style=\"color: #ff0000;\">NIEDZIELA \u2013 08.10.2023 \u2013 XXVII NIEDZIELA ZWYK\u0141A <\/span><\/b><\/i><\/span><\/p>\n<p align=\"LEFT\"><span style=\"color: #ff0000; font-size: 20px;\"> <span style=\"font-family: Arial, serif;\"><i>7.30 &#8211; Za + Gra\u017cyn\u0119 Nied\u017awied\u017a we wspomnienie urodzin<\/i><\/span><\/span><\/p>\n<p align=\"LEFT\"><span style=\"color: #ff0000; font-size: 20px;\"> <span style=\"font-family: Arial, serif;\"><i>9.30 &#8211; Za + R\u00f3\u017c\u0119 Kurzyca, ++ rodzic\u00f3w obu stron i ++ z rodzin: Kurzyca, Kubis, Hlubek, Kaszok i Pomorski<\/i><\/span><\/span><\/p>\n<p align=\"JUSTIFY\"><span style=\"font-family: Arial, serif; font-size: 20px;\"><i><span style=\"color: #ff0000;\">11.00 &#8211; Za + m\u0119\u017ca Stanis\u0142awa Sakrajeckiego w I rocznic\u0119 \u015bmierci i ++ jego rodzic\u00f3w Stanis\u0142awa i Gertrud\u0119 Sakrajeckich<\/span><\/i><\/span><\/p>\n<p><span style=\"color: #ff0000; font-size: 20px;\"><span style=\"font-family: Arial, serif;\"><b>15.00 &#8211; KORONKA i <\/b><span style=\"color: #0000ff;\"><b>NABO\u017bE\u0143STWO R\u00d3\u017bA\u0143COWE <\/b><\/span><span style=\"color: #0000ff;\"><i><b>z udzia\u0142em czcicieli Bo\u017cego Mi\u0142osierdzia<\/b><\/i><\/span><\/span><\/span><\/p>\n<p align=\"JUSTIFY\"><span style=\"font-family: Arial, serif; font-size: 20px;\"><i><b>PONIEDZIA\u0141EK \u2013 09.10.2023<\/b><\/i><\/span><\/p>\n<p align=\"JUSTIFY\"><span style=\"font-family: Arial, serif; font-size: 20px;\"><i>7.00 &#8211; Za ++ rodzic\u00f3w Jana i Ann\u0119 \u0141uka, braci i siostry oraz ++ z rodziny Go\u0142ek<\/i><\/span><\/p>\n<p><span style=\"color: #ff0000; font-size: 20px;\"><span style=\"font-family: Arial, serif;\"><b> <\/b><span style=\"color: #0000ff;\"><b>NABO\u017bE\u0143STWO R\u00d3\u017bA\u0143COWE i modlitwy za wstawiennictwem <\/b><\/span><span style=\"color: #0000ff;\"><i><b>z udzia\u0142em Czcicieli \u015aw. Jana Paw\u0142a<\/b><\/i><\/span><\/span><\/span><\/p>\n<p align=\"JUSTIFY\"><span style=\"font-family: Arial, serif; font-size: 20px;\"><i><b><span style=\"color: #000000;\">WTOREK \u2013 10.10.2023<\/span><\/b><\/i><\/span><\/p>\n<p align=\"JUSTIFY\"><span style=\"font-family: Arial, serif; font-size: 20px;\"><i>7.00 &#8211; Za ++ Mart\u0119 i Paw\u0142a Krawieczek oraz + Roberta Kajstura <\/i><\/span><\/p>\n<p><span style=\"color: #ff0000; font-size: 20px;\"><span style=\"font-family: Arial, serif;\"><b> <\/b><span style=\"color: #0000ff;\"><b>NABO\u017bE\u0143STWO R\u00d3\u017bA\u0143COWE<\/b><\/span><b> <\/b><span style=\"color: #0000ff;\"><i><b>z udzia\u0142em m\u0142odzie\u017cy z Powiatowego Zespo\u0142u Szk\u00f3\u0142 Nr 2 \/Rolniczok\/<\/b><\/i><\/span><\/span><\/span><\/p>\n<p align=\"JUSTIFY\"><span style=\"font-family: Arial, serif; font-size: 20px;\"><i><b>\u015aRODA \u2013 11.10.2023 <\/b><\/i><\/span><\/p>\n<p align=\"JUSTIFY\"><span style=\"font-family: Arial, serif; font-size: 20px;\"><i><span style=\"color: #000000;\">6.30 &#8211; <\/span><span style=\"color: #000000;\"><b>Nowenna do Matki Bo\u017cej Nieustaj\u0105cej Pomocy &#8211; godzinki<\/b><\/span> <\/i><\/span><\/p>\n<p><span style=\"color: #ff0000; font-size: 20px;\"><span style=\"color: #00000a;\"> <span style=\"font-family: Arial, serif;\">7.00 &#8211; Za + m\u0119\u017ca Franciszka Kania<\/span><\/span><\/span><\/p>\n<p><span style=\"color: #ff0000; font-size: 20px;\"><span style=\"font-family: Arial, serif;\"><b> <\/b><span style=\"color: #0000ff;\"><b>NABO\u017bE\u0143STWO R\u00d3\u017bA\u0143COWE <\/b><\/span><span style=\"color: #0000ff;\"><i><b>z udzia\u0142em Czcicieli MBNP<\/b><\/i><\/span><\/span><\/span><\/p>\n<p><span style=\"color: #ff0000; font-size: 20px;\"><span style=\"font-family: Arial, serif;\"><span style=\"color: #00000a;\"><b>15.00 &#8211; <\/b><\/span><span style=\"color: #00000a;\">Do Opatrzno\u015bci Bo\u017cej przez wstawiennictwo \u015bw. Jadwigi \u015al\u0105skiej z podzi\u0119kowaniem za zdobyt\u0105 wiedz\u0119 dobrych nauczycieli i wychowawc\u00f3w w intencji absolwent\u00f3w z okazji 60 rocznicy uko\u0144czenia Szko\u0142y Podstawowej<\/span><\/span><\/span><\/p>\n<p align=\"LEFT\"><span style=\"color: #ff0000; font-size: 20px;\"><span style=\"font-family: Arial, serif;\"><b><span style=\"color: #00000a;\">CZWARTEK \u2013 12.10.2023 <\/span><\/b><\/span><\/span><\/p>\n<p align=\"JUSTIFY\"><span style=\"font-family: Arial, serif; font-size: 20px;\"><i><span style=\"color: #000000;\"><b>10.30 &#8211;<\/b><\/span> <span style=\"color: #000000;\"><b>Msza \u015aw. Odpustowa naszego O\u015brodka Caritas Matka Bo\u017ca R\u00f3\u017ca\u0144cowa. <\/b><\/span><span style=\"color: #000000;\">Do Opatrzno\u015bci Bo\u017cej przez wstawiennictwo Matki Bo\u017cej R\u00f3\u017ca\u0144cowej w intencji pracownik\u00f3w, podopiecznych i darczy\u0144c\u00f3w O\u015brodka Matki Bo\u017cej R\u00f3\u017ca\u0144cowej<\/span><\/i><\/span><\/p>\n<p><span style=\"color: #ff0000; font-size: 20px;\"><span style=\"font-family: Arial, serif;\"><span style=\"color: #00000a;\"><b>17.30 &#8211; <\/b><\/span><span style=\"color: #0000ff;\"><b>NABO\u017bE\u0143STWO R\u00d3\u017bA\u0143COWE <\/b><\/span><span style=\"color: #0000ff;\"><i><b>z udzia\u0142em mieszka\u0144c\u00f3w ulicy Staromiejskiej <\/b><\/i><\/span><\/span><\/span><\/p>\n<p><span style=\"color: #ff0000; font-size: 20px;\"><span style=\"font-family: Arial, serif;\"><span style=\"color: #00000a;\">18.00 &#8211; Za + Krystyn\u0119 Pyrtek<\/span><\/span><\/span><\/p>\n<p align=\"JUSTIFY\"><span style=\"font-family: Arial, serif; font-size: 20px;\"><i><b>PI\u0104TEK \u2013 13.10.2023 \u2013 wsp. B\u0141. HONORATA KO\u0179MI\u0143SKIEGO, prezbitera <span style=\"color: #0000ff;\">\u2013 DZIE\u0143 FATIMSKI<\/span><\/b><\/i><\/span><\/p>\n<p align=\"JUSTIFY\"><span style=\"font-family: Arial, serif; font-size: 20px;\"><i>8.00 &#8211; <b>Do Opatrzno\u015bci Bo\u017cej przez wstawiennictwo \u015aw. Jana Paw\u0142a II w intencji uczni\u00f3w, nauczycieli, wychowawc\u00f3w, katechet\u00f3w i pracownik\u00f3w naszej szko\u0142y z okazji Patronalnego \u015awi\u0119ta papie\u017ca Jana Paw\u0142a II<\/b><\/i><\/span><\/p>\n<p align=\"JUSTIFY\"><span style=\"font-family: Arial, serif; font-size: 20px;\"><i>18.00 &#8211; Za + Bogdana Gruszka<\/i><\/span><\/p>\n<p><span style=\"color: #ff0000; font-size: 20px;\"><span style=\"font-family: Arial, serif;\"><span style=\"color: #00000a;\"><b>18.45 &#8211; <\/b><\/span><span style=\"color: #0000ff;\"><b>R\u00d3\u017bANIEC FATIMSKI, procesja z figur\u0105 Matki Bo\u017cej i B\u0142ogos\u0142awie\u0144stwo Sakramentalne<\/b><\/span><\/span><\/span><\/p>\n<p align=\"JUSTIFY\"><span style=\"font-family: Arial, serif; font-size: 20px;\"><i><b>SOBOTA \u2013 14.10.2023<\/b><\/i><\/span><\/p>\n<p align=\"JUSTIFY\"><span style=\"font-family: Arial, serif; font-size: 20px;\"><i>8.00 &#8211; ZA PARAFIAN<\/i><\/span><\/p>\n<p align=\"JUSTIFY\"><span style=\"font-family: Arial, serif; font-size: 20px;\"><i> <span style=\"color: #0000ff;\"><b>NABO\u017bE\u0143STWO R\u00d3\u017bA\u0143COWE <\/b><\/span><span style=\"color: #0000ff;\"><b>z udzia\u0142em Parafian<\/b><\/span><\/i><\/span><\/p>\n<p align=\"JUSTIFY\"><span style=\"font-family: Arial, serif; font-size: 20px;\"><i><span style=\"color: #ff0000;\"><b>16.00<\/b><\/span><span style=\"color: #ff0000;\"> &#8211; <\/span><span style=\"color: #ff0000;\"><b>Msza \u015aw. z wigilii XXVIII NIEDZIELI ZWYK\u0141EJ.<\/b><\/span><b> <\/b>Za + Andrzeja Szpek we wspomnienie urodzin i + syna Dariusza<\/i><\/span><\/p>\n<p align=\"JUSTIFY\"><span style=\"font-family: Arial, serif; font-size: 20px;\"><i><b><span style=\"color: #ff0000;\">NIEDZIELA \u2013 15.10.2023 \u2013 XXVIII NIEDZIELA ZWYK\u0141A<\/span><\/b><\/i><\/span><\/p>\n<p align=\"LEFT\"><span style=\"color: #ff0000; font-size: 20px;\"> <span style=\"font-family: Arial, serif;\"><i>7.30 &#8211; Za ++ Krystyn\u0119 i Stefana \u017belazo<\/i><\/span><\/span><\/p>\n<p align=\"LEFT\"><span style=\"color: #ff0000; font-size: 20px;\"> <span style=\"font-family: Arial, serif;\"><i>9.30 &#8211; Za + Bogdana K\u0142\u00f3ska w I rocznic\u0119 \u015bmierci<\/i><\/span><\/span><\/p>\n<p align=\"JUSTIFY\"><span style=\"font-family: Arial, serif; font-size: 20px;\"><i><span style=\"color: #ff0000;\">11.00 &#8211; Do Opatrzno\u015bci Bo\u017cej przez wstawiennictwo Matki Bo\u017cej i \u015bw. Jadwigi z podzi\u0119kowaniem za otrzymane \u0142aski, z pro\u015bb\u0105 o b\u0142ogos\u0142awie\u0144stwo Bo\u017ce, zdrowie w intencji czterech rodzin: Jarczok, Stalmach i Barczy\u0144ski<\/span><\/i><\/span><\/p>\n<p><span style=\"color: #ff0000; font-size: 20px;\"><span style=\"font-family: Arial, serif;\"><b>15.00 &#8211; KORONKA i <\/b><span style=\"color: #0000ff;\"><b>NABO\u017bE\u0143STWO R\u00d3\u017bA\u0143COWE <\/b><\/span><span style=\"color: #0000ff;\"><i><b>z udzia\u0142em Parafian<\/b><\/i><\/span><\/span><\/span><\/p>\n<p style=\"text-align: center;\"><span style=\"font-size: 24px;\"><u><b>PARAFIA RZYMSKOKATOLICKA<\/b><\/u><\/span><\/p>\n<p style=\"text-align: center;\"><span style=\"font-size: 24px;\"><b>\u015aw. Jadwigi<\/b> <b>\u015al. <\/b><i><b> <\/b><\/i><b>PSZCZYNA- STARA WIE\u015a<\/b><i><b> <\/b><\/i><b> <\/b><\/span><\/p>\n<p style=\"text-align: center;\"><span style=\"font-size: 24px;\"><b>Strona Internetowa Parafii: <\/b><span style=\"color: #ff0000;\"><b>www.parafiaswjadwigi.pl<\/b><\/span><b> <\/b><\/span><\/p>\n<p style=\"text-align: center;\"><span style=\"font-size: 24px;\"><span style=\"color: #000000;\"><i><u><b>Konto Parafii:<\/b><\/u><\/i><\/span> <span style=\"color: #000000;\"><b>z dopiskiem na cele kultu religijnego<\/b><\/span><\/span><\/p>\n<p style=\"text-align: center;\"><span style=\"font-size: 24px;\"><b>Bank Pekao S.A. 79 1240 1330 1111 0010 9381 2556<\/b><\/span><\/p>\n<p align=\"CENTER\"><span style=\"color: #ff0000; font-size: 20px;\"><span style=\"font-family: Arial, serif;\"><b>OG\u0141OSZENIA DUSZPASTERSKIE<\/b><\/span><\/span><\/p>\n<p align=\"CENTER\"><span style=\"color: #ff0000; font-size: 20px;\"><span style=\"font-family: Arial, serif;\"><b>XXVII NIEDZIELA ZWYK\u0141A \u2013 08.10.2023 <\/b><\/span><\/span><\/p>\n<p align=\"CENTER\"><span style=\"color: #0000ff; font-size: 20px;\">\u201e\u2026 <span style=\"font-family: Arial, serif;\"><i><b>KR\u00d3LESTWO BO\u017bE B\u0118DZIE WAM ZABRANE, A DANE NARODOWI, KT\u00d3RY WYDA JEGO OWOCE \u2026\u201d.<\/b><\/i><\/span><\/span><\/p>\n<p align=\"JUSTIFY\"><span style=\"color: #0000ff; font-size: 20px;\"><span style=\"font-family: Arial, serif;\"><i><b>B\u00f3g nie godzi si\u0119, aby w Ko\u015bciele, kt\u00f3ry jest Jego winnic\u0105, zagnie\u017adzi\u0142o si\u0119 z\u0142o, lecz pragnie wsp\u00f3lnoty autentycznie \u017cyj\u0105cej or\u0119dziem Chrystusa. U progu tej Eucharystii pro\u015bmy o uzdrowienie naszych serc i relacji, aby nasza wsp\u00f3\u0142praca z Bogiem przynosi\u0142a b\u0142ogos\u0142awione owoce w \u017cyciu Ko\u015bcio\u0142a.<\/b><\/i><\/span><\/span><\/p>\n<p align=\"JUSTIFY\">\u00a0<\/p>\n<p align=\"JUSTIFY\"><span style=\"font-family: Arial, serif; font-size: 20px; color: #000000;\"><i>Dzisiejsza<b> <\/b>kolekta przeznaczona jest na potrzeby naszego ko\u015bcio\u0142a. Przed ko\u015bcio\u0142em zesp\u00f3\u0142 charytatywny przeprowadzi zbi\u00f3rk\u0119 na pomoc dla Syrii i Ukrainy. B\u00f3g zap\u0142a\u0107 za ka\u017cd\u0105 sk\u0142adan\u0105 ofiar\u0119.<\/i><\/span><\/p>\n<p align=\"JUSTIFY\"><span style=\"font-family: Arial, serif; font-size: 20px; color: #000000;\"><i>W pi\u0105tek wspominamy b\u0142. Honorata Ko\u017ami\u0144skiego, prezbitera. Jest to ostatni Dzie\u0144 Fatimski w tym roku. Wszystkich parafian zapraszam na Msz\u0119 \u015bwi\u0119t\u0105 o godzinie 18.00 i na R\u00f3\u017caniec, nabo\u017ce\u0144stwo fatimskie oraz procesj\u0119 z figur\u0105 Matki Bo\u017cej i \u015bwiecami o godzinie 18.45. <\/i><\/span><\/p>\n<p align=\"JUSTIFY\"><span style=\"color: #000000; font-size: 20px;\"><span style=\"font-family: Arial, serif;\">W sobot\u0119 o godzinie 8.00 b\u0119dzie Msza \u015aw. za Parafian, a po niej nabo\u017ce\u0144stwo r\u00f3\u017ca\u0144cowe. Jest to <b>Dzie\u0144 Edukacji<\/b> dlatego w modlitwie r\u00f3\u017ca\u0144cowej b\u0119dziemy pami\u0119ta\u0107 o nauczycielach i wychowawcach. O godzinie 16.00 b\u0119dzie Msza \u015aw. z wigilii XXVIII Niedzieli Zwyk\u0142ej. Po Mszy \u015aw. w naszej salce odb\u0119dzie si\u0119 zebranie Parafialnego Oddzia\u0142u Akcji Katolickiej oraz Parafialnej Rady Duszpasterskiej. <\/span><\/span><\/p>\n<p align=\"JUSTIFY\"><span style=\"color: #000000; font-size: 20px;\"><span style=\"font-family: Arial, serif;\">Tak\u017ce w sobot\u0119 14 pa\u017adziernika odb\u0119dzie si\u0119 Diecezjalny Dzie\u0144 Przymierza Ruchu Szensztackiego w parafii \u015aw. Marii Magdaleny w Radlinie II. Pocz\u0105tek o godzinie 11.00.<\/span><\/span><\/p>\n<p align=\"JUSTIFY\"><span style=\"color: #000000; font-size: 20px;\"><span style=\"font-family: Arial, serif;\">W przysz\u0142\u0105 niedziel\u0119 kolekta specjalna kopertowa przeznaczona b\u0119dzie na remont schod\u00f3w przed naszym ko\u015bcio\u0142em. Przed ko\u015bcio\u0142em zesp\u00f3\u0142 charytatywny zbierze ofiary na Fundacj\u0119 \u201eDzie\u0142o Nowego Tysi\u0105clecia\u201d. Jest to nasz dar w ho\u0142dzie \u015bwi\u0119temu Janowi Paw\u0142owi II.<\/span><\/span><\/p>\n<p align=\"JUSTIFY\"><span style=\"color: #000000; font-size: 20px;\"><span style=\"font-family: Arial, serif;\">Nasz\u0105 Uroczysto\u015b\u0107 Odpustow\u0105 b\u0119dziemy obchodzili w niedziel\u0119 22 pa\u017adziernika podczas Wizytacji Kanonicznej. Wizytacja Kanoniczna przeprowadzona przez Ks. Biskupa Adama Wodarczyka b\u0119dzie w pi\u0105tek 20 pa\u017adziernika i w niedziel\u0119 odpustow\u0105. Serdecznie zapraszam wszystkich Parafian do udzia\u0142u w tym wydarzeniu.<\/span><\/span><\/p>\n<p align=\"JUSTIFY\"><span style=\"color: #000000; font-size: 20px;\"><span style=\"font-family: Arial, serif;\">Zach\u0119cam do czytania prasy katolickiej, a zw\u0142aszcza Go\u015bcia Niedzielnego. Dzisiaj w \u201eGo\u015bciu Niedzielnym&#8221; cykl interesuj\u0105cych artyku\u0142\u00f3w na temat rzymskiego etapu Synodu o synodalno\u015bci, kt\u00f3ry w pa\u017adzierniku gromadzi biskup\u00f3w oraz zaproszonych \u015bwieckich, r\u00f3wnie\u017c z Polski. Znajdziemy tam odpowiedzi na wiele naszych pyta\u0144.<\/span><\/span><\/p>\n","protected":false},"excerpt":{"rendered":"<p>PARAFIA RZYMSKOKATOLICKA \u015aw. Jadwigi \u015al\u0105skiej PSZCZYNA \u2013 STARA WIE\u015a XXVII Niedziela Zwyk\u0142a od 08.10. do 15.10.2023 r. NIEDZIELA \u2013 08.10.2023 \u2013 XXVII NIEDZIELA ZWYK\u0141A 7.30 &#8211; Za + Gra\u017cyn\u0119 Nied\u017awied\u017a we wspomnienie urodzin 9.30 &#8211; Za + R\u00f3\u017c\u0119 Kurzyca, ++ rodzic\u00f3w obu stron i ++ z rodzin: Kurzyca, Kubis, Hlubek, Kaszok i Pomorski 11.00 &#8211; [&hellip;]<\/p>\n","protected":false},"author":1,"featured_media":1544,"comment_status":"open","ping_status":"open","sticky":false,"template":"","format":"standard","meta":{"footnotes":""},"categories":[6],"tags":[],"class_list":["post-2213","post","type-post","status-publish","format-standard","has-post-thumbnail","hentry","category-ogloszenia"],"_links":{"self":[{"href":"http:\/\/parafiaswjadwigi.pl\/index.php\/wp-json\/wp\/v2\/posts\/2213","targetHints":{"allow":["GET"]}}],"collection":[{"href":"http:\/\/parafiaswjadwigi.pl\/index.php\/wp-json\/wp\/v2\/posts"}],"about":[{"href":"http:\/\/parafiaswjadwigi.pl\/index.php\/wp-json\/wp\/v2\/types\/post"}],"author":[{"embeddable":true,"href":"http:\/\/parafiaswjadwigi.pl\/index.php\/wp-json\/wp\/v2\/users\/1"}],"replies":[{"embeddable":true,"href":"http:\/\/parafiaswjadwigi.pl\/index.php\/wp-json\/wp\/v2\/comments?post=2213"}],"version-history":[{"count":3,"href":"http:\/\/parafiaswjadwigi.pl\/index.php\/wp-json\/wp\/v2\/posts\/2213\/revisions"}],"predecessor-version":[{"id":2216,"href":"http:\/\/parafiaswjadwigi.pl\/index.php\/wp-json\/wp\/v2\/posts\/2213\/revisions\/2216"}],"wp:featuredmedia":[{"embeddable":true,"href":"http:\/\/parafiaswjadwigi.pl\/index.php\/wp-json\/wp\/v2\/media\/1544"}],"wp:attachment":[{"href":"http:\/\/parafiaswjadwigi.pl\/index.php\/wp-json\/wp\/v2\/media?parent=2213"}],"wp:term":[{"taxonomy":"category","embeddable":true,"href":"http:\/\/parafiaswjadwigi.pl\/index.php\/wp-json\/wp\/v2\/categories?post=2213"},{"taxonomy":"post_tag","embeddable":true,"href":"http:\/\/parafiaswjadwigi.pl\/index.php\/wp-json\/wp\/v2\/tags?post=2213"}],"curies":[{"name":"wp","href":"https:\/\/api.w.org\/{rel}","templated":true}]}}