{"id":1571,"date":"2023-02-05T01:24:48","date_gmt":"2023-02-05T00:24:48","guid":{"rendered":"http:\/\/parafiaswjadwigi.pl\/?p=1571"},"modified":"2023-02-11T23:33:31","modified_gmt":"2023-02-11T22:33:31","slug":"ogloszenia-od-05-02-2023-do-12-02-2023","status":"publish","type":"post","link":"http:\/\/parafiaswjadwigi.pl\/index.php\/2023\/02\/05\/ogloszenia-od-05-02-2023-do-12-02-2023\/","title":{"rendered":"Og\u0142oszenia od 05.02.2023 do 12.02.2023"},"content":{"rendered":"\n\n\n<p style=\"text-align: center;\"><span style=\"font-size: 28px;\"><u><b>PARAFIA RZYMSKOKATOLICKA<\/b><\/u><\/span><\/p>\n<p style=\"text-align: center;\"><span style=\"font-size: 28px;\"><b> \u015aw. Jadwigi \u015al\u0105skiej PSZCZYNA \u2013 STARA WIE\u015a <\/b><\/span><\/p>\n<p style=\"text-align: center;\"><span style=\"color: #008000; font-size: 28px;\"><i><b> V Niedziela Zwyk\u0142a od 05.02. do 12.02.2023 r.<\/b><\/i><\/span><\/p>\n<p align=\"JUSTIFY\"><span style=\"font-family: Arial, serif; font-size: 20px;\"><i><b><span style=\"color: #ff0000;\">NIEDZIELA \u2013 05.02.2023 \u2013 V Niedziela Zwyk\u0142a<\/span><\/b><\/i><\/span><\/p>\n<p><span style=\"color: #ff0000; font-size: 20px;\"> <span style=\"font-family: Arial, serif;\">7.30 &#8211; Za ++ ojca Franciszka Kania i Augustyna Ga\u017ca w kolejn\u0105 rocznic\u0119 \u015bmierci<\/span><\/span><\/p>\n<p><span style=\"color: #ff0000; font-size: 20px;\"> <span style=\"font-family: Arial, serif;\">9.30 &#8211; Za + J\u00f3zefa Wagstyl w III rocznic\u0119 \u015bmierci o dar \u017cycia wiecznego<\/span><\/span><\/p>\n<p><span style=\"color: #ff0000; font-size: 20px;\"><span style=\"font-family: Arial, serif;\">11.00 &#8211; Za + Ma\u0142gorzat\u0119 Kiermasz \u2013 od s\u0105siad\u00f3w<\/span><\/span><\/p>\n<p align=\"JUSTIFY\"><span style=\"font-family: Arial, serif; font-size: 20px;\"><i> <span style=\"color: #ff0000;\"><b>B\u0142ogos\u0142awie\u0144stwo rocznego dziecka: <\/b><\/span><span style=\"color: #ff0000;\">Fryderyk Wiera<\/span><\/i><\/span><\/p>\n<p align=\"JUSTIFY\"><span style=\"font-family: Arial, serif; font-size: 20px;\"><i><b><span style=\"color: #000000;\">PONIEDZIA\u0141EK \u2013 06.02.2023 \u2013 wsp. \u015aw. PAW\u0141A MIKI i TOWARZYSZY, m\u0119czennik\u00f3w<\/span><\/b><\/i><\/span><\/p>\n<p><span style=\"color: #ff0000; font-size: 20px;\"><span style=\"color: #000000;\"> <span style=\"font-family: Arial, serif;\">7.00 &#8211; Za ++ Juliann\u0119, Augustyna, Alojzego i Jadwig\u0119 Larysz<\/span><\/span><\/span><\/p>\n<p align=\"JUSTIFY\"><span style=\"font-family: Arial, serif; font-size: 20px;\"><i><b><span style=\"color: #000000;\">WTOREK \u2013 07.02.2023 <\/span><\/b><\/i><\/span><\/p>\n<p align=\"JUSTIFY\"><span style=\"color: #000000; font-size: 20px;\"> <span style=\"font-family: Arial, serif;\"><i>7.00 &#8211; Za ++ rodzic\u00f3w obu stron i ++ z rodzin: Liszka, Go\u0142ek i \u0141uka<\/i><\/span><\/span><\/p>\n<p align=\"JUSTIFY\"><span style=\"font-family: Arial, serif; font-size: 20px;\"><i><b><span style=\"color: #000000;\">\u015aRODA \u2013 08.02.2023 <\/span><\/b><\/i><\/span><\/p>\n<p align=\"JUSTIFY\"><span style=\"color: #000000; font-size: 20px;\"> <span style=\"font-family: Arial, serif;\"><i>6.30 &#8211; <\/i><b>Nowenna do Matki Bo\u017cej Nieustaj\u0105cej Pomocy &#8211; godzinki<\/b> <\/span><\/span><\/p>\n<p align=\"JUSTIFY\"><span style=\"color: #000000; font-size: 20px;\"> <span style=\"font-family: Arial, serif;\"><i>7.00 &#8211; Za + Jana Pistelok, ++ rodze\u0144stwo i rodzic\u00f3w<\/i><\/span><\/span><\/p>\n<p align=\"JUSTIFY\"><span style=\"font-family: Arial, serif; font-size: 20px;\"><i><b>CZWARTEK \u2013 09.02.2023 <\/b><\/i><\/span><\/p>\n<p><span style=\"color: #ff0000; font-size: 20px;\"><span style=\"font-family: Arial, serif;\"><span style=\"color: #000000;\">18.00 &#8211; Za + Ma\u0142gorzat\u0119 Kiermasz \u2013 od rodzin: Rozmus i \u017belazo<\/span><\/span><\/span><\/p>\n<p align=\"JUSTIFY\"><span style=\"font-family: Arial, serif; font-size: 20px;\"><i><b><span style=\"color: #000000;\">PI\u0104TEK \u2013 10.02.2023 \u2013 wsp. \u015aw. SCHOLASTYKI, dziewicy<\/span><\/b><\/i><\/span><\/p>\n<p align=\"JUSTIFY\"><span style=\"font-family: Arial, serif; font-size: 20px;\"><i><span style=\"color: #000000;\">18.00 &#8211; <\/span><span style=\"color: #000000;\"><b>Msza \u015aw. szkolna. <\/b><\/span>Za ++ rodzic\u00f3w Iren\u0119 i Mariana Sarna<\/i><\/span><\/p>\n<p align=\"JUSTIFY\"><span style=\"font-family: Arial, serif; font-size: 20px;\"><i><b><span style=\"color: #000000;\">SOBOTA \u2013 11.02.2023 \u2013 wsp. NMP z LOURDES<\/span><\/b><\/i><\/span><\/p>\n<p><span style=\"color: #ff0000; font-size: 20px;\"> <span style=\"font-family: Arial, serif;\"><span style=\"color: #000000;\"><b>9.00<\/b><\/span><span style=\"color: #000000;\"> &#8211; Za wstawiennictwem Matki Bo\u017cej z Lourdes \u2013 Uzdrowienia Chorych <\/span><span style=\"color: #000000;\"><b>w intencji wszystkich chorych i starszych Parafian, w intencji R\u00f3\u017c R\u00f3\u017ca\u0144cowych naszej parafii<\/b><\/span><span style=\"color: #000000;\"> z podzi\u0119kowaniem za otrzymane \u0142aski, zatrzymanie pandemii koronawirusa i z pro\u015bb\u0105 o dar zdrowia i zachowania od wszelkiej zarazy i trudno\u015bci \u017cyciowych<\/span><\/span><\/span><\/p>\n<p><span style=\"color: #ff0000; font-size: 20px;\"><span style=\"font-family: Arial, serif;\"> <span style=\"color: #000000;\"><b>Procesja i modlitwy przy Grocie Matki Bo\u017cej z Lourdes i spotkanie w salce<\/b><\/span><\/span><\/span><\/p>\n<p align=\"JUSTIFY\"><span style=\"font-family: Arial, serif; font-size: 20px;\"><i><span style=\"color: #ff0000;\"><b>16.<\/b><\/span><span style=\"color: #ff0000;\">00 &#8211; <\/span><span style=\"color: #ff0000;\"><b>Msza \u015aw. z wigilii VI Niedzieli Zwyk\u0142ej.<\/b><\/span> Do Opatrzno\u015bci Bo\u017cej za wstawiennictwem Matki Bo\u017cej i \u015aw. Jadwigi z podzi\u0119kowaniem za otrzymane \u0142aski, z pro\u015bb\u0105 o dalsze b\u0142ogos\u0142awie\u0144stwo Bo\u017ce i zdrowie dla <span style=\"color: #000000;\">Wincentego Nycz z okazji 80 rocznicy urodzin i w intencji zi\u0119cia Wojciecha i wnuka Paw\u0142a z okazji urodzin<\/span><\/i><\/span><\/p>\n<p align=\"JUSTIFY\"><span style=\"font-family: Arial, serif; font-size: 20px;\"><i><b><span style=\"color: #ff0000;\">NIEDZIELA \u2013 12.02.2023 \u2013 VI Niedziela Zwyk\u0142a<\/span><\/b><\/i><\/span><\/p>\n<p><span style=\"color: #ff0000; font-size: 20px;\"> <span style=\"font-family: Arial, serif;\">7.30 &#8211; Za + ojca i m\u0119\u017ca Aleksandra Rozmus w kolejn\u0105 rocznic\u0119 \u015bmierci i ++ rodzic\u00f3w obu stron<\/span><\/span><\/p>\n<p><span style=\"color: #ff0000; font-size: 20px;\"> <span style=\"font-family: Arial, serif;\">9.30 &#8211; Za ++ rodzic\u00f3w Krystyn\u0119 i Augustyna Duda<\/span><\/span><\/p>\n<p align=\"JUSTIFY\"><span style=\"font-family: Arial, serif; font-size: 20px;\"><i><span style=\"color: #ff0000;\">11.00 &#8211; Do Opatrzno\u015bci Bo\u017cej za wstawiennictwem Matki Bo\u017cej i \u015aw. Jadwigi z podzi\u0119kowaniem za otrzymane \u0142aski, z pro\u015bb\u0105 o dalsze b\u0142ogos\u0142awie\u0144stwo Bo\u017ce i zdrowie w intencji Henryka Jochemczyk z okazji 75 rocznicy urodzin<\/span><\/i><\/span><\/p>\n<p align=\"JUSTIFY\"><span style=\"font-family: Arial, serif; font-size: 20px;\"><i><span style=\"color: #ff0000;\"><b> Chrzest dziecka:<\/b><\/span><span style=\"color: #ff0000;\"> Aleksander Konrad Mika<\/span><\/i><\/span><\/p>\n<p style=\"text-align: center;\"><span style=\"font-size: 24px;\"><u><b>PARAFIA RZYMSKOKATOLICKA<\/b><\/u><\/span><\/p>\n<p style=\"text-align: center;\"><span style=\"font-size: 24px;\"><b>\u015aw. Jadwigi<\/b> <b>\u015al. <\/b><i><b> <\/b><\/i><b>PSZCZYNA- STARA WIE\u015a<\/b><i><b> <\/b><\/i><b> <\/b><\/span><\/p>\n<p style=\"text-align: center;\"><span style=\"font-size: 24px;\"><b>Strona Internetowa Parafii: <\/b><span style=\"color: #ff0000;\"><b>www.parafiaswjadwigi.pl<\/b><\/span><b> <\/b><\/span><\/p>\n<p style=\"text-align: center;\"><span style=\"font-size: 24px;\"><span style=\"color: #000000;\"><i><u><b>Konto Parafii:<\/b><\/u><\/i><\/span> <span style=\"color: #000000;\"><b>z dopiskiem na cele kultu religijnego<\/b><\/span><\/span><\/p>\n<p style=\"text-align: center;\"><span style=\"font-size: 24px;\"><b>Bank Pekao S.A. 79 1240 1330 1111 0010 9381 2556<\/b><\/span><\/p>\n<p align=\"CENTER\"><span style=\"color: #ff0000; font-size: 24px;\"><span style=\"font-family: Arial, serif;\"><b>OG\u0141OSZENIA DUSZPASTERSKIE<\/b><\/span><\/span><\/p>\n<p align=\"CENTER\"><span style=\"color: #ff0000; font-size: 24px;\"><span style=\"font-family: Arial, serif;\"><b>V NIEDZIELA ZWYK\u0141A \u2013 05.02.2023<\/b><\/span><\/span><\/p>\n<p style=\"text-align: right;\" align=\"CENTER\"><span style=\"color: #008000; font-size: 20px;\">\u201e<span style=\"font-family: Arial, serif;\"><i><b>WY JESTE\u015aCIE \u2026\u201d.<\/b><\/i><\/span><\/span><\/p>\n<p style=\"text-align: right;\" align=\"JUSTIFY\"><span style=\"color: #008000; font-size: 20px;\"> \u201e<span style=\"font-family: Arial, serif;\"><i><b>Wy jeste\u015bcie sol\u0105 ziemi\u2026 Wy jeste\u015bcie \u015bwiat\u0142em \u015bwiata\u201d. S\u0142owa z dzisiejszej Ewangelii to co\u015b wi\u0119cej ni\u017c wymagaj\u0105ce wezwanie. Pan Jezus chce pog\u0142\u0119bi\u0107 w nas ufno\u015b\u0107, \u017ce autentyczne \u017cycie wiary jest zaczynem przemieniaj\u0105cym nasz \u015bwiat. Pro\u015bmy w tej Eucharystii o dar wewn\u0119trznej przemiany, aby wszystkie nasze decyzje, zamiary i czyny przybli\u017ca\u0142y innych do Kr\u00f3lestwa Bo\u017cego.<\/b><\/i><\/span><\/span><\/p>\n<p align=\"LEFT\"><span style=\"color: #000000; font-size: 20px;\"><span style=\"font-family: Arial, serif;\">Dzisiejsza kolekta przeznaczona jest na potrzeby archidiecezji. Przed ko\u015bcio\u0142em zesp\u00f3\u0142 charytatywny przeprowadzi zbi\u00f3rk\u0119 na pomoc Syrii i Ukrainie. B\u00f3g zap\u0142a\u0107 za sk\u0142adane ofiary. <\/span><\/span><\/p>\n<p align=\"LEFT\"><span style=\"color: #000000; font-size: 20px;\"><span style=\"font-family: Arial, serif;\"><b>W poniedzia\u0142ek<\/b> obchodzimy wspomnienie \u015aw. Paw\u0142a Miki i towarzyszy, m\u0119czennik\u00f3w.<\/span><\/span><\/p>\n<p align=\"JUSTIFY\"><span style=\"color: #000000; font-size: 20px;\"><span style=\"font-family: Arial, serif;\"><b>W pi\u0105tek<\/b> wspominamy \u015aw. Scholastyk\u0119, dziewic\u0119. O godzinie 17.00 Adoracja Naj\u015bwi\u0119tszego Sakramentu i Spowied\u017a \u015aw. dla dzieci. O 18.00 Msza \u015aw. szkolna dla dzieci, szczeg\u00f3lnie uczni\u00f3w z klas V i VI.<\/span><\/span><\/p>\n<p align=\"JUSTIFY\"><span style=\"color: #000000; font-size: 20px;\"><span style=\"font-family: Arial, serif;\"><b>W sobot\u0119<\/b> obchodzimy wspomnienie Naj\u015bwi\u0119tszej Maryi Panny z Lourdes \u2013 Matki Bo\u017cej Uzdrowienia Chorych. Z tej okazji zapraszam na Msz\u0119 \u015aw. o godzinie 9.00 w intencji wszystkich chorych i starszych Parafian oraz w intencji R\u00f3\u017c R\u00f3\u017ca\u0144cowych naszej parafii. Po modlitwach zapraszam na spotkanie w salce parafialnej. O godzinie 16.00 b\u0119dzie Msza \u015aw. z wigilii VI Niedzieli Zwyk\u0142ej. Po Mszy \u015aw. \/o godzinie 17.00\/ odb\u0119dzie si\u0119 w salce parafialnej zebranie Parafialnego Oddzia\u0142u Akcji Katolickiej. Cz\u0142onk\u00f3w i sympatyk\u00f3w serdecznie zapraszamy.<\/span><\/span><\/p>\n<p align=\"JUSTIFY\"><span style=\"font-family: Arial, serif; font-size: 20px;\"><i>W przysz\u0142\u0105 niedziel\u0119 kolekta <span style=\"color: #000000;\">przeznaczona b\u0119dzie na gazowe ogrzewanie ko\u015bcio\u0142a i pozosta\u0142ych budynk\u00f3w parafialnych. Przed ko\u015bcio\u0142em zesp\u00f3\u0142 charytatywny przeprowadzi zbi\u00f3rk\u0119 na pomoc poszkodowanym w wybuchu gazu braciom Ewangelikom w Szopienicach.<\/span><\/i><\/span><\/p>\n<p align=\"JUSTIFY\"><span style=\"font-family: Arial, serif; font-size: 20px;\"><i><span style=\"color: #000000;\">Domy Rekolekcyjne naszej Archidiecezji prowadz\u0105 swoj\u0105 dzia\u0142alno\u015b\u0107. Informacje w gablotce i na stronie internetowej. Zach\u0119cam do korzystania z tych rekolekcji i spotka\u0144.<\/span><\/i><\/span><\/p>\n<p align=\"JUSTIFY\"><span style=\"font-family: Arial, serif; font-size: 20px;\"><i><span style=\"color: #000000;\">Burmistrz Pszczyny zaprasza mieszka\u0144c\u00f3w Osiedla Stara Wie\u015b na sprawozdawczo-wyborcze og\u00f3lne zebranie mieszka\u0144c\u00f3w, kt\u00f3re odb\u0119dzie si\u0119 w dniu 15.02.2023 o godzinie 17.00 w Szkole Podstawowej Nr 3 w Pszczynie, ul. Staromiejska 41. Pozosta\u0142e informacje znajdziemy na obwieszczeniu w gablotce.<\/span><\/i><\/span><\/p>\n<p align=\"JUSTIFY\"><span style=\"font-family: Arial, serif; font-size: 20px;\"><i><span style=\"color: #000000;\">Zbi\u00f3rka charytatywna \u201e Chc\u0119 zobaczy\u0107 \u015bwiat \u2013 GAJA potrzebuje twojej pomocy\u201d odb\u0119dzie si\u0119 11 lutego 2023 w godzinach od 7.00 do 15.00 przy kwiaciarni AGAWA. B\u0119dzie tam kiermasz ciast. Celem zbi\u00f3rki jest pomoc finansowa dla chorej Gai \u2013 dziewczynki, kt\u00f3rej grozi utrata wzroku. Dzi\u0119kujemy za wsparcie.<\/span><\/i><\/span><\/p>\n<p align=\"JUSTIFY\"><span style=\"font-family: Arial, serif; font-size: 20px;\"><i><span style=\"color: #000000;\">Podaruj 1,5% swojego podatku na rehabilitacj\u0119 dla naszej Emilki Leki. Nr KRS 0000037904. Szczeg\u00f3\u0142y na plakatach w gablotce. <\/span><\/i><\/span><\/p>\n<p align=\"JUSTIFY\"><span style=\"color: #000000; font-size: 20px;\"><span style=\"font-family: Arial, serif;\">Zach\u0119cam do czytania prasy katolickiej, a zw\u0142aszcza Go\u015bcia Niedzielnego. W dzisiejszym numerze \u201eGo\u015bcia Niedzielnego&#8221; szczeg\u00f3lnie polecamy artyku\u0142 o r\u00f3\u017cnych formach \u017cycia konsekrowanego.<\/span><\/span><\/p>\n","protected":false},"excerpt":{"rendered":"<p>PARAFIA RZYMSKOKATOLICKA \u015aw. Jadwigi \u015al\u0105skiej PSZCZYNA \u2013 STARA WIE\u015a V Niedziela Zwyk\u0142a od 05.02. do 12.02.2023 r. NIEDZIELA \u2013 05.02.2023 \u2013 V Niedziela Zwyk\u0142a 7.30 &#8211; Za ++ ojca Franciszka Kania i Augustyna Ga\u017ca w kolejn\u0105 rocznic\u0119 \u015bmierci 9.30 &#8211; Za + J\u00f3zefa Wagstyl w III rocznic\u0119 \u015bmierci o dar \u017cycia wiecznego 11.00 &#8211; Za [&hellip;]<\/p>\n","protected":false},"author":1,"featured_media":1543,"comment_status":"open","ping_status":"open","sticky":false,"template":"","format":"standard","meta":{"footnotes":""},"categories":[6],"tags":[],"class_list":["post-1571","post","type-post","status-publish","format-standard","has-post-thumbnail","hentry","category-ogloszenia"],"_links":{"self":[{"href":"http:\/\/parafiaswjadwigi.pl\/index.php\/wp-json\/wp\/v2\/posts\/1571","targetHints":{"allow":["GET"]}}],"collection":[{"href":"http:\/\/parafiaswjadwigi.pl\/index.php\/wp-json\/wp\/v2\/posts"}],"about":[{"href":"http:\/\/parafiaswjadwigi.pl\/index.php\/wp-json\/wp\/v2\/types\/post"}],"author":[{"embeddable":true,"href":"http:\/\/parafiaswjadwigi.pl\/index.php\/wp-json\/wp\/v2\/users\/1"}],"replies":[{"embeddable":true,"href":"http:\/\/parafiaswjadwigi.pl\/index.php\/wp-json\/wp\/v2\/comments?post=1571"}],"version-history":[{"count":2,"href":"http:\/\/parafiaswjadwigi.pl\/index.php\/wp-json\/wp\/v2\/posts\/1571\/revisions"}],"predecessor-version":[{"id":1578,"href":"http:\/\/parafiaswjadwigi.pl\/index.php\/wp-json\/wp\/v2\/posts\/1571\/revisions\/1578"}],"wp:featuredmedia":[{"embeddable":true,"href":"http:\/\/parafiaswjadwigi.pl\/index.php\/wp-json\/wp\/v2\/media\/1543"}],"wp:attachment":[{"href":"http:\/\/parafiaswjadwigi.pl\/index.php\/wp-json\/wp\/v2\/media?parent=1571"}],"wp:term":[{"taxonomy":"category","embeddable":true,"href":"http:\/\/parafiaswjadwigi.pl\/index.php\/wp-json\/wp\/v2\/categories?post=1571"},{"taxonomy":"post_tag","embeddable":true,"href":"http:\/\/parafiaswjadwigi.pl\/index.php\/wp-json\/wp\/v2\/tags?post=1571"}],"curies":[{"name":"wp","href":"https:\/\/api.w.org\/{rel}","templated":true}]}}