{"id":1335,"date":"2022-10-09T10:27:32","date_gmt":"2022-10-09T08:27:32","guid":{"rendered":"https:\/\/parafiaswjadwigi.pl\/?p=1335"},"modified":"2022-10-15T23:29:14","modified_gmt":"2022-10-15T21:29:14","slug":"ogloszenia-od-09-10-2022-do-16-10-2022","status":"publish","type":"post","link":"http:\/\/parafiaswjadwigi.pl\/index.php\/2022\/10\/09\/ogloszenia-od-09-10-2022-do-16-10-2022\/","title":{"rendered":"Og\u0142oszenia od 09.10.2022 do 16.10.2022"},"content":{"rendered":"\n<p style=\"text-align: center;\"><span style=\"font-size: 28px;\"><u><b>PARAFIA RZYMSKOKATOLICKA<\/b><\/u><\/span><\/p>\n<p style=\"text-align: center;\"><span style=\"font-size: 28px;\"><b> \u015aw. Jadwigi \u015al\u0105skiej PSZCZYNA \u2013 STARA WIE\u015a <\/b><\/span><\/p>\n<p style=\"text-align: center;\"><span style=\"color: #ff0000; font-size: 28px;\"> <i><b> XXVIII Niedziela Zwyk\u0142a od 09.10. do 16.10.2022 r.<\/b><\/i><\/span><\/p>\n<p align=\"LEFT\"><span style=\"color: #ff0000; font-size: 20px;\"><span style=\"font-family: Arial, serif;\"><b> NIEDZIELA \u2013 09.10.2022 \u2013 XXVIII NIEDZIELA ZWYK\u0141A <\/b><\/span><\/span><\/p>\n<p align=\"LEFT\"><span style=\"color: #ff0000; font-size: 20px;\"> <span style=\"font-family: Arial, serif;\"><i>7.30 &#8211; Za + Jana Czerneckiego \u2013 od Zbigniewa i \u0141ucji Marsza\u0142ek<\/i><\/span><\/span><\/p>\n<p align=\"LEFT\"><span style=\"color: #ff0000; font-size: 20px;\"> <span style=\"font-family: Arial, serif;\"><i>9.30 &#8211; Do Opatrzno\u015bci Bo\u017cej przez wstawiennictwo Matki Bo\u017cej i \u015bw. Jadwigi z podzi\u0119kowaniem za otrzymane \u0142aski, z pro\u015bb\u0105 o b\u0142ogos\u0142awie\u0144stwo Bo\u017ce, zdrowie dla Jadwigi Waleczek oraz za + Ludwika Waleczek w rocznic\u0119 \u015blubu <\/i><\/span><\/span><\/p>\n<p align=\"LEFT\"><span style=\"font-family: Arial, serif; font-size: 20px;\"><i><span style=\"color: #ff0000;\">11.00 &#8211; Za + Katarzyn\u0119 Waleczek w X rocznic\u0119 \u015bmierci, ++ m\u0119\u017ca Alojzego, rodzic\u00f3w obu stron, zi\u0119cia Andrzeja i ++ z rodzin: Waleczek, Rygu\u0142a i Macho\u0144<\/span><\/i><\/span><\/p>\n<p align=\"LEFT\"><span style=\"font-family: Arial, serif; font-size: 20px;\"><i><span style=\"color: #ff0000;\"><b>15.00 &#8211; Koronka do Bo\u017cego Mi\u0142osierdzia i Nabo\u017ce\u0144stwo R\u00f3\u017ca\u0144cowe<\/b><\/span><\/i><\/span><\/p>\n<p align=\"JUSTIFY\"><span style=\"font-family: Arial, serif; font-size: 20px;\"><i><b>PONIEDZIA\u0141EK \u2013 10.10.2022<\/b><\/i><\/span><\/p>\n<p align=\"JUSTIFY\"><span style=\"font-family: Arial, serif; font-size: 20px;\"><i>7.00 &#8211; Za ++ z rodzin: Go\u0142ek, \u0141uka i Liszka<\/i><\/span><\/p>\n<p><span style=\"color: #ff0000; font-size: 20px;\"><span style=\"font-family: Arial, serif;\"><span style=\"color: #00000a;\"><b> Nabo\u017ce\u0144stwo R\u00f3\u017ca\u0144cowe <\/b><\/span><\/span><\/span><\/p>\n<p align=\"JUSTIFY\"><span style=\"font-family: Arial, serif; font-size: 20px;\"><i><b><span style=\"color: #000000;\">WTOREK \u2013 11.10.2022 <\/span><\/b><\/i><\/span><\/p>\n<p><span style=\"color: #ff0000; font-size: 20px;\"><span style=\"color: #00000a;\"> <span style=\"font-family: Arial, serif;\">7.00 &#8211; Za + Weronik\u0119 Botor w 30 dzie\u0144 po \u015bmierci<\/span><\/span><\/span><\/p>\n<p><span style=\"color: #ff0000; font-size: 20px;\"><span style=\"font-family: Arial, serif;\"><span style=\"color: #00000a;\"><b> Nabo\u017ce\u0144stwo R\u00f3\u017ca\u0144cowe<\/b><\/span><\/span><\/span><\/p>\n<p align=\"JUSTIFY\"><span style=\"font-family: Arial, serif; font-size: 20px;\"><i><b>\u015aRODA \u2013 12.10.2022 <\/b><\/i><\/span><\/p>\n<p align=\"JUSTIFY\"><span style=\"font-family: Arial, serif; font-size: 20px;\"><i><span style=\"color: #000000;\">6.30 &#8211; <\/span><span style=\"color: #000000;\"><b>Nowenna do Matki Bo\u017cej Nieustaj\u0105cej Pomocy &#8211; godzinki<\/b><\/span> <\/i><\/span><\/p>\n<p><span style=\"color: #ff0000; font-size: 20px;\"><span style=\"color: #00000a;\"> <span style=\"font-family: Arial, serif;\">7.00 &#8211; Za + Wilhelma Gellner z okazji zbli\u017caj\u0105cej si\u0119 I rocznicy \u015bmierci<\/span><\/span><\/span><\/p>\n<p><span style=\"color: #ff0000; font-size: 20px;\"><span style=\"font-family: Arial, serif;\"><span style=\"color: #00000a;\"><b> Nabo\u017ce\u0144stwo R\u00f3\u017ca\u0144cowe<\/b><\/span><\/span><\/span><\/p>\n<p><span style=\"color: #ff0000; font-size: 20px;\"><span style=\"font-family: Arial, serif;\"><span style=\"color: #00000a;\"><b>18.00 &#8211; <\/b><\/span><span style=\"color: #00000a;\">Za + Helen\u0119 Spyra w 30 dzie\u0144 po \u015bmierci<\/span><\/span><\/span><\/p>\n<p align=\"LEFT\"><span style=\"color: #ff0000; font-size: 20px;\"><span style=\"font-family: Arial, serif;\"><b><span style=\"color: #00000a;\">CZWARTEK \u2013 13.10.2022 \u2013 wsp. B\u0142. HONORATA KO\u0179MI\u0143SKIEGO &#8211; DZIE\u0143 FATIMSKI<\/span><\/b><\/span><\/span><\/p>\n<p><span style=\"color: #ff0000; font-size: 20px;\"><span style=\"font-family: Arial, serif;\"><span style=\"color: #00000a;\"><b>17.30 &#8211; Nabo\u017ce\u0144stwo R\u00f3\u017ca\u0144cowe <\/b><\/span><\/span><\/span><\/p>\n<p><span style=\"color: #ff0000; font-size: 20px;\"><span style=\"font-family: Arial, serif;\"><span style=\"color: #00000a;\">18.00 &#8211; Do Opatrzno\u015bci Bo\u017cej przez wstawiennictwo Matki Bo\u017cej i \u015bw. Jadwigi z podzi\u0119kowaniem za otrzymane \u0142aski, z pro\u015bb\u0105 o b\u0142ogos\u0142awie\u0144stwo Bo\u017ce, zdrowie dla w intencji Iwony i Mariusza Koska w 15 rocznic\u0119 \u015blubu<\/span><\/span><\/span><\/p>\n<p><span style=\"color: #ff0000; font-size: 20px;\"><span style=\"font-family: Arial, serif;\"><span style=\"color: #00000a;\"><b>18.45 &#8211; <\/b><\/span><span style=\"color: #0000ff;\"><b>NABO\u017bE\u0143STWO FATIMSKIE \u2013 R\u00d3\u017bANIEC \u2013 PROCESJA przy \u015bwiecach z figur\u0105 Matki Bo\u017cej <\/b><\/span><\/span><\/span><\/p>\n<p align=\"JUSTIFY\"><span style=\"font-family: Arial, serif; font-size: 20px;\"><i><b>PI\u0104TEK \u2013 14.10.2022 \u2013 DZIE\u0143 EDUKACJI NARODOWEJ \u2013 \u015awi\u0119to Nauczyciela<\/b><\/i><\/span><\/p>\n<p><span style=\"color: #ff0000; font-size: 20px;\"><span style=\"color: #00000a;\"> <span style=\"font-family: Arial, serif;\">8.00 &#8211; Przez wstawiennictwo \u015aw. Jana Paw\u0142a II w intencji nauczycieli i wychowawc\u00f3w w dniu ich \u015bwi\u0119ta oraz w intencji ca\u0142ej szko\u0142y z okazji Patronalnego \u015awi\u0119ta Jana Paw\u0142a II<\/span><\/span><\/span><\/p>\n<p><span style=\"color: #ff0000; font-size: 20px;\"><span style=\"font-family: Arial, serif;\"><span style=\"color: #00000a;\"><b>17.30 &#8211; Nabo\u017ce\u0144stwo R\u00f3\u017ca\u0144cowe <\/b><\/span><\/span><\/span><\/p>\n<p align=\"JUSTIFY\"><span style=\"font-family: Arial, serif; font-size: 20px;\"><i>18.00 &#8211; Za + Krystyn\u0119 Pyrtek<\/i><\/span><\/p>\n<p align=\"JUSTIFY\"><span style=\"font-family: Arial, serif; font-size: 20px;\"><i><b>19.00 &#8211; <\/b>Za + Bogdana Gruszka we wspomnienie 50 rocznicy urodzin \u2013 od rodziny Smago\u0144<\/i><\/span><\/p>\n<p align=\"JUSTIFY\"><span style=\"font-family: Arial, serif; font-size: 20px;\"><i><b>SOBOTA \u2013 15.10.2022 \u2013 wsp. \u015aW. TERESY od Jezusa, dziewicy i doktora Ko\u015bcio\u0142a<\/b><\/i><\/span><\/p>\n<p align=\"JUSTIFY\"><span style=\"font-family: Arial, serif; font-size: 20px;\"><i><b>15.00 &#8211; <\/b>Do Opatrzno\u015bci Bo\u017cej przez wstawiennictwo Matki Bo\u017cej i \u015bw. Jadwigi z podzi\u0119kowaniem za otrzymane \u0142aski, z pro\u015bb\u0105 o b\u0142ogos\u0142awie\u0144stwo Bo\u017ce, zdrowie w intencji Krystyny i Augustyna Ka\u0142us w 45 Rocznic\u0119 \u015alubu oraz w intencji ich dzieci z rodzinami<\/i><\/span><\/p>\n<p align=\"JUSTIFY\"><span style=\"font-family: Arial, serif; font-size: 20px;\"><i><b>15.30 &#8211; Modlitwa R\u00f3\u017ca\u0144cowa<\/b><\/i><\/span><\/p>\n<p align=\"JUSTIFY\"><span style=\"font-family: Arial, serif; font-size: 20px;\"><i><span style=\"color: #ff0000;\"><b>16.00<\/b><\/span><span style=\"color: #ff0000;\"> &#8211; <\/span><span style=\"color: #ff0000;\"><b>Msza \u015aw. z wigilii XXIX NIEDZIELI ZWYK\u0141EJ.<\/b><\/span><b> <\/b>Za + m\u0119\u017ca i tat\u0119 Andrzeja Szpek o rado\u015b\u0107 \u017cycia wiecznego we wspomnienie urodzin<\/i><\/span><\/p>\n<p align=\"JUSTIFY\"><span style=\"font-family: Arial, serif; font-size: 20px;\"><i><b> Roczek dziecka: <\/b>Liliana Kinastowska<\/i><\/span><\/p>\n<p align=\"JUSTIFY\"><span style=\"font-family: Arial, serif; font-size: 20px;\"><i><b><span style=\"color: #ff0000;\">NIEDZIELA \u2013 16.10.2022 \u2013 Uroczysto\u015b\u0107 \u015aw. JADWIGI \u015aL\u0104SKIEJ \u2013 naszej Patronki \u2013 ODPUST PARAFIALNY Dzie\u0144 Papieski<\/span><\/b><\/i><\/span><\/p>\n<p align=\"LEFT\"><span style=\"color: #ff0000; font-size: 20px;\"> <span style=\"font-family: Arial, serif;\"><i>7.30 &#8211; Za + mam\u0119 Jadwig\u0119 Poskier i ++ z rodziny<\/i><\/span><\/span><\/p>\n<p align=\"LEFT\"><span style=\"color: #ff0000; font-size: 20px;\"> <span style=\"font-family: Arial, serif;\"><i>9.30 &#8211; Do Opatrzno\u015bci Bo\u017cej przez wstawiennictwo Matki Bo\u017cej i \u015bw. Jadwigi z podzi\u0119kowaniem za otrzymane \u0142aski, z pro\u015bb\u0105 o b\u0142ogos\u0142awie\u0144stwo Bo\u017ce, zdrowie w intencji Gabrieli i Tadeusza Ru\u015bniok z okazji 35 Rocznicy \u015alubu i w intencji trzech rodzin dzieci <\/i><\/span><\/span><\/p>\n<p align=\"JUSTIFY\"><span style=\"font-family: Arial, serif; font-size: 20px;\"><i><span style=\"color: #ff0000;\"><b> Roczek dziecka: <\/b><\/span><span style=\"color: #ff0000;\">Julia Marsza\u0142ek<\/span><\/i><\/span><\/p>\n<p align=\"JUSTIFY\"><span style=\"font-family: Arial, serif; font-size: 20px;\"><i><span style=\"color: #ff0000;\"><b>11.00<\/b><\/span><span style=\"color: #ff0000;\"> &#8211; <\/span><span style=\"color: #ff0000;\"><b>SUMA ODPUSTOWA <\/b><\/span> <span style=\"color: #ff0000;\"><b>ZA PARAFIAN<\/b><\/span><\/i><\/span><\/p>\n<p><span style=\"color: #ff0000; font-size: 20px;\"><span style=\"font-family: Arial, serif;\">16.00 &#8211; <b>NIESZPORY ODPUSTOWE<\/b> z MODLITW\u0104 R\u00d3\u017bA\u0143COW\u0104<\/span><\/span><\/p>\n<p style=\"text-align: center;\"><span style=\"font-size: 28px;\"><u><b>PARAFIA RZYMSKOKATOLICKA<\/b><\/u><\/span><\/p>\n<p style=\"text-align: center;\"><span style=\"font-size: 28px;\"><b>\u015aw. Jadwigi<\/b> <b>\u015al. <\/b><i><b> <\/b><\/i><b>PSZCZYNA- STARA WIE\u015a<\/b><i><b> <\/b><\/i><b> <\/b><\/span><\/p>\n<p style=\"text-align: center;\"><span style=\"color: #000000; font-size: 24px;\"><i><u><b>Konto Parafii. Wp\u0142at mo\u017cna dokonywa\u0107 z dopiskiem: <\/b><\/u><\/i><\/span><\/p>\n<p style=\"text-align: center;\"><span style=\"color: #000000; font-size: 24px;\"><u> <i><b>na cele kultu religijnego <\/b><\/i><\/u><\/span><\/p>\n<p style=\"text-align: center;\"><span style=\"font-size: 28px;\"><b>Bank Pekao S.A. 79 1240 1330 1111 0010 9381 2556<\/b><\/span><\/p>\n<p style=\"text-align: right;\" align=\"CENTER\"><span style=\"color: #ff0000; font-size: 24px;\"><span style=\"font-family: Arial, serif;\"><b>OG\u0141OSZENIA DUSZPASTERSKIE<\/b><\/span><\/span><\/p>\n<p style=\"text-align: right;\" align=\"CENTER\"><span style=\"color: #ff0000; font-size: 20px;\"><span style=\"font-family: Arial, serif;\"><b><span style=\"font-size: 24px;\">XXVIII NIEDZIELA ZWYK\u0141A \u2013 09.10.2022<\/span> <\/b><\/span><\/span><\/p>\n<p style=\"text-align: right;\" align=\"CENTER\"><span style=\"color: #00ff00; font-size: 20px;\">\u201e<span style=\"font-family: Arial, serif;\"><i><b>JEZUSIE \u2026ULITUJ SI\u0118 NAD NAMI \u2026\u201d.<\/b><\/i><\/span><\/span><\/p>\n<p class=\"teksttytu\u0142-western\"><span style=\"font-size: 20px; color: #00ff00;\"><strong>Scena z dzisiejszej Ewangelii, w kt\u00f3rej Jezus oczyszcza dziesi\u0119ciu tr\u0119dowatych, pobudza nas do pro\u015bby o dar wewn\u0119trznego uzdrowienia i do wdzi\u0119czno\u015bci. Wiara i wdzi\u0119czno\u015b\u0107 cz\u0119sto id\u0105 w parze. Zgromadzeni na niedzielnej Eucharystii pro\u015bmy o serca otwarte i gotowe odpowiedzie\u0107 na hojne dary, kt\u00f3rych B\u00f3g pragnie nam udzieli\u0107.<\/strong> <\/span><\/p>\n<p align=\"JUSTIFY\">\u00a0<\/p>\n<p><span style=\"font-size: 20px;\"><span style=\"color: #000000;\"><span style=\"font-family: Arial, serif;\">W dzisiejsz\u0105 niedziel\u0119 w naszej parafii go\u015bcimy i serdecznie witamy Siostr\u0119 Daniel\u0119 ze Zgromadzenia Si\u00f3str S\u0142u\u017cebniczek z Panewnik. <\/span><\/span><span style=\"font-family: Arial, serif;\">Siostra Daniela obecnie przebywa w Polsce na urlopie. Na co dzie\u0144 pos\u0142uguje w Kamerunie, gdzie przedtem pos\u0142ugiwa\u0142a nasza parafianka Siostra Klaudia. Chcemy kontynuowa\u0107 dzie\u0142o wtedy rozpocz\u0119te, dlatego dzisiaj po ka\u017cdej Mszy \u015aw. b\u0119dziemy mogli wesprze\u0107 to misyjne dzie\u0142o nasz\u0105 pieni\u0119\u017cn\u0105 ofiar\u0105. <\/span><\/span><\/p>\n<p align=\"JUSTIFY\"><span style=\"color: #000000; font-size: 20px;\"><span style=\"font-family: Arial, serif;\">Dzisiejsza<b> <\/b>kolekta specjalna, kopertowa przeznaczona jest na zap\u0142acenie kolejnej raty za remont i odnowienie elewacji naszego ko\u015bcio\u0142a. B\u00f3g zap\u0142a\u0107 za wszelkie ofiary.<\/span><\/span><\/p>\n<p align=\"JUSTIFY\"><span style=\"font-family: Arial, serif; font-size: 20px;\"><i><b>W \u015brod\u0119 i czwartek o godzinie 16.00 zapraszam parafian wraz z panami ko\u015bcielnymi do sprz\u0105tania obej\u015bcia naszego ko\u015bcio\u0142a przed uroczysto\u015bci\u0105 odpustow\u0105. <\/b><\/i><\/span><\/p>\n<p align=\"JUSTIFY\"><span style=\"color: #000000; font-size: 20px;\"><span style=\"font-family: Arial, serif;\">W czwartek wspominamy b\u0142. Honorata Ko\u017ami\u0144skiego, prezbitera. Jest to ostatni Dzie\u0144 Fatimski w tym roku. Wszystkich parafian, ca\u0142e rodziny zapraszam na Msz\u0119 \u015aw. o godzinie 18.00 i na R\u00f3\u017caniec, nabo\u017ce\u0144stwo fatimskie oraz procesj\u0119 z figur\u0105 Matki Bo\u017cej i \u015bwiecami o 18.45. <\/span><\/span><\/p>\n<p align=\"JUSTIFY\"><span style=\"color: #000000; font-size: 20px;\"><span style=\"font-family: Arial, serif;\">W pi\u0105tek przypada<b> Dzie\u0144 Edukacji<\/b>. O godzinie 8.00 b\u0119dzie Msza \u015aw. z okazji Dnia Nauczyciela i Patronalnego \u015awi\u0119ta Naszej Szko\u0142y im. \u015aw. Jana Paw\u0142a II. O godzinie 17.15 b\u0119dzie adoracja Naj\u015bwi\u0119tszego Sakramentu, o 17.30 modlitwa r\u00f3\u017ca\u0144cowa w intencji nauczycieli i wychowawc\u00f3w i o 18.00 Msza \u015aw.<\/span><\/span><\/p>\n<p align=\"JUSTIFY\"><span style=\"color: #000000; font-size: 20px;\"><span style=\"font-family: Arial, serif;\">W sobot\u0119 wspominamy \u015aw. Teres\u0119 od Jezusa, dziewic\u0119 i doktora Ko\u015bcio\u0142a. O godzinie 15.30 zapraszam na modlitw\u0119 r\u00f3\u017ca\u0144cow\u0105, a o 16.00 b\u0119dzie Msza \u015aw. z wigilii Uroczysto\u015bci \u015aw. Jadwigi \u015al\u0105skiej.<\/span><\/span><\/p>\n<p align=\"JUSTIFY\"><span style=\"color: #000000; font-size: 20px;\"><span style=\"font-family: Arial, serif;\">W przysz\u0142\u0105 niedziel\u0119 obchodzimy Uroczysto\u015b\u0107 Odpustow\u0105 \u015awi\u0119tej Jadwigi \u015al\u0105skiej, Patronki Naszej Parafii, g\u0142\u00f3wnej patronki \u015al\u0105ska i patronki budowy ko\u015bcio\u0142\u00f3w. Msze \u015aw. b\u0119d\u0105 sprawowane jak w ka\u017cd\u0105 niedziel\u0119 o godzinie 7.30, 9.30, i Suma o 11.00. Na Sum\u0119 Odpustow\u0105 zapraszamy Poczty Sztandarowe dzieci komunijne, g\u00f3rnik\u00f3w w mundurach do baldachimu, Go\u015bci i Parafian. Nieszpory Odpustowe po\u0142\u0105czone z modlitw\u0105 r\u00f3\u017ca\u0144cow\u0105 b\u0119d\u0105 o godzinie 16.00. Kolekta przeznaczona b\u0119dzie na zap\u0142acenie kolejnej raty za remont i odnowienie elewacji naszego ko\u015bcio\u0142a. Przed ko\u015bcio\u0142em zesp\u00f3\u0142 charytatywny zbierze ofiary na Fundacj\u0119 \u201eDzie\u0142o Nowego Tysi\u0105clecia\u201d. Jest to nasz dar w ho\u0142dzie \u015bwi\u0119temu Janowi Paw\u0142owi II. <\/span><\/span><\/p>\n<p align=\"LEFT\"><span style=\"color: #000000; font-size: 20px;\"><span style=\"font-family: Arial, serif;\">Zach\u0119cam do czytania prasy katolickiej, a zw\u0142aszcza Go\u015bcia Niedzielnego, w kt\u00f3rym warto zwr\u00f3ci\u0107 szczeg\u00f3ln\u0105 uwag\u0119 na tekst b\u0119d\u0105cy odpowiedzi\u0105 na akcj\u0119, kt\u00f3rej celem jest przekonanie uczni\u00f3w i rodzic\u00f3w do rezygnowania z lekcji religii.<\/span><\/span><\/p>\n","protected":false},"excerpt":{"rendered":"<p>PARAFIA RZYMSKOKATOLICKA \u015aw. Jadwigi \u015al\u0105skiej PSZCZYNA \u2013 STARA WIE\u015a XXVIII Niedziela Zwyk\u0142a od 09.10. do 16.10.2022 r. NIEDZIELA \u2013 09.10.2022 \u2013 XXVIII NIEDZIELA ZWYK\u0141A 7.30 &#8211; Za + Jana Czerneckiego \u2013 od Zbigniewa i \u0141ucji Marsza\u0142ek 9.30 &#8211; Do Opatrzno\u015bci Bo\u017cej przez wstawiennictwo Matki Bo\u017cej i \u015bw. Jadwigi z podzi\u0119kowaniem za otrzymane \u0142aski, z pro\u015bb\u0105 [&hellip;]<\/p>\n","protected":false},"author":1,"featured_media":1333,"comment_status":"open","ping_status":"open","sticky":false,"template":"","format":"standard","meta":{"footnotes":""},"categories":[6],"tags":[],"class_list":["post-1335","post","type-post","status-publish","format-standard","has-post-thumbnail","hentry","category-ogloszenia"],"_links":{"self":[{"href":"http:\/\/parafiaswjadwigi.pl\/index.php\/wp-json\/wp\/v2\/posts\/1335","targetHints":{"allow":["GET"]}}],"collection":[{"href":"http:\/\/parafiaswjadwigi.pl\/index.php\/wp-json\/wp\/v2\/posts"}],"about":[{"href":"http:\/\/parafiaswjadwigi.pl\/index.php\/wp-json\/wp\/v2\/types\/post"}],"author":[{"embeddable":true,"href":"http:\/\/parafiaswjadwigi.pl\/index.php\/wp-json\/wp\/v2\/users\/1"}],"replies":[{"embeddable":true,"href":"http:\/\/parafiaswjadwigi.pl\/index.php\/wp-json\/wp\/v2\/comments?post=1335"}],"version-history":[{"count":1,"href":"http:\/\/parafiaswjadwigi.pl\/index.php\/wp-json\/wp\/v2\/posts\/1335\/revisions"}],"predecessor-version":[{"id":1336,"href":"http:\/\/parafiaswjadwigi.pl\/index.php\/wp-json\/wp\/v2\/posts\/1335\/revisions\/1336"}],"wp:featuredmedia":[{"embeddable":true,"href":"http:\/\/parafiaswjadwigi.pl\/index.php\/wp-json\/wp\/v2\/media\/1333"}],"wp:attachment":[{"href":"http:\/\/parafiaswjadwigi.pl\/index.php\/wp-json\/wp\/v2\/media?parent=1335"}],"wp:term":[{"taxonomy":"category","embeddable":true,"href":"http:\/\/parafiaswjadwigi.pl\/index.php\/wp-json\/wp\/v2\/categories?post=1335"},{"taxonomy":"post_tag","embeddable":true,"href":"http:\/\/parafiaswjadwigi.pl\/index.php\/wp-json\/wp\/v2\/tags?post=1335"}],"curies":[{"name":"wp","href":"https:\/\/api.w.org\/{rel}","templated":true}]}}