{"id":1236,"date":"2022-08-20T23:11:49","date_gmt":"2022-08-20T21:11:49","guid":{"rendered":"http:\/\/parafiaswjadwigi.pl\/?p=1236"},"modified":"2022-09-03T20:27:46","modified_gmt":"2022-09-03T18:27:46","slug":"powakacyjna-pielgrzymka-ministrantow-do-katedry","status":"publish","type":"post","link":"http:\/\/parafiaswjadwigi.pl\/index.php\/2022\/08\/20\/powakacyjna-pielgrzymka-ministrantow-do-katedry\/","title":{"rendered":"Powakacyjna pielgrzymka ministrant\u00f3w do katedry"},"content":{"rendered":"\n<p><span style=\"font-family: Times New Roman, serif; font-size: 20px;\"><span style=\"color: #2c363a;\"><span style=\"font-family: Calibri, serif;\">Zapraszamy na powakacyjn\u0105 pielgrzymk\u0119 ministrant\u00f3w, kt\u00f3ra odb\u0119dzie si\u0119 31 sierpnia(\u015broda) od godz. 10.00 w katedrze Chrystusa Kr\u00f3la w Katowicach. Na Msz\u0119 \u015bwi\u0119t\u0105 o godz. 12.00 sprawowan\u0105 przez abpa Wiktora Skworca zapraszamy ministrant\u00f3w w swoich strojach liturgicznych wraz ze sztandarami. Zach\u0119camy ministrant\u00f3w do udzia\u0142u w konkursach organizowanych przy wsp\u00f3\u0142pracy Ma\u0142ego Go\u015bcia Niedzielnego, Ksi\u0119garni \u015bw. Jacka i Wydzia\u0142u Duszpasterstwa. Ministrant\u00f3w z odleglejszych cz\u0119\u015bci diecezji zapraszamy do bezp\u0142atnego zwiedzania Panteonu G\u00f3rno\u015bl\u0105skiego wraz z tarasem widokowym na dachu katedry (Ze wzgl\u0119du na limity zwiedzaj\u0105cych,&nbsp; ministrant\u00f3w z bli\u017cszych rejon\u00f3w Katowic zapraszamy do odwiedzin w p\u00f3\u017aniejszym terminie, powo\u0142uj\u0105c si\u0119 na has\u0142o: Pielgrzymka ministrant\u00f3w).<\/span><\/span><\/span><\/p>\n<p><span style=\"font-family: Times New Roman, serif; font-size: 20px;\"><span style=\"color: #2c363a;\"><span style=\"font-family: Calibri, serif;\">Ksi\u0119\u017cy opiekun\u00f3w s\u0142u\u017cby liturgicznej, kt\u00f3rzy zmieniaj\u0105 parafie prosimy, aby udali si\u0119 na pielgrzymk\u0119 z ministrantami z dotychczasowych parafii. Wi\u0119cej szczeg\u00f3\u0142\u00f3w na stronie <a href=\"https:\/\/www.dmak.info\/\">dmak.info.<\/a><\/span><\/span><\/span><\/p>\n<p><span style=\"color: #2c363a; font-size: 20px;\">&nbsp;<\/span><\/p>\n<p><span style=\"font-family: Times New Roman, serif; font-size: 20px;\"><span style=\"color: #2c363a;\"><span style=\"font-family: Calibri, serif;\">ks. Cezariusz Wala<\/span><\/span><\/span><\/p>\n","protected":false},"excerpt":{"rendered":"<p>Zapraszamy na powakacyjn\u0105 pielgrzymk\u0119 ministrant\u00f3w, kt\u00f3ra odb\u0119dzie si\u0119 31 sierpnia(\u015broda) od godz. 10.00 w katedrze Chrystusa Kr\u00f3la w Katowicach. Na Msz\u0119 \u015bwi\u0119t\u0105 o godz. 12.00 sprawowan\u0105 przez abpa Wiktora Skworca zapraszamy ministrant\u00f3w w swoich strojach liturgicznych wraz ze sztandarami. Zach\u0119camy ministrant\u00f3w do udzia\u0142u w konkursach organizowanych przy wsp\u00f3\u0142pracy Ma\u0142ego Go\u015bcia Niedzielnego, Ksi\u0119garni \u015bw. Jacka i [&hellip;]<\/p>\n","protected":false},"author":1,"featured_media":0,"comment_status":"open","ping_status":"open","sticky":false,"template":"","format":"standard","meta":{"footnotes":""},"categories":[1],"tags":[],"class_list":["post-1236","post","type-post","status-publish","format-standard","hentry","category-bez-kategorii"],"_links":{"self":[{"href":"http:\/\/parafiaswjadwigi.pl\/index.php\/wp-json\/wp\/v2\/posts\/1236","targetHints":{"allow":["GET"]}}],"collection":[{"href":"http:\/\/parafiaswjadwigi.pl\/index.php\/wp-json\/wp\/v2\/posts"}],"about":[{"href":"http:\/\/parafiaswjadwigi.pl\/index.php\/wp-json\/wp\/v2\/types\/post"}],"author":[{"embeddable":true,"href":"http:\/\/parafiaswjadwigi.pl\/index.php\/wp-json\/wp\/v2\/users\/1"}],"replies":[{"embeddable":true,"href":"http:\/\/parafiaswjadwigi.pl\/index.php\/wp-json\/wp\/v2\/comments?post=1236"}],"version-history":[{"count":2,"href":"http:\/\/parafiaswjadwigi.pl\/index.php\/wp-json\/wp\/v2\/posts\/1236\/revisions"}],"predecessor-version":[{"id":1259,"href":"http:\/\/parafiaswjadwigi.pl\/index.php\/wp-json\/wp\/v2\/posts\/1236\/revisions\/1259"}],"wp:attachment":[{"href":"http:\/\/parafiaswjadwigi.pl\/index.php\/wp-json\/wp\/v2\/media?parent=1236"}],"wp:term":[{"taxonomy":"category","embeddable":true,"href":"http:\/\/parafiaswjadwigi.pl\/index.php\/wp-json\/wp\/v2\/categories?post=1236"},{"taxonomy":"post_tag","embeddable":true,"href":"http:\/\/parafiaswjadwigi.pl\/index.php\/wp-json\/wp\/v2\/tags?post=1236"}],"curies":[{"name":"wp","href":"https:\/\/api.w.org\/{rel}","templated":true}]}}