{"id":1209,"date":"2022-08-06T21:17:16","date_gmt":"2022-08-06T19:17:16","guid":{"rendered":"http:\/\/parafiaswjadwigi.pl\/?p=1209"},"modified":"2022-08-13T22:24:02","modified_gmt":"2022-08-13T20:24:02","slug":"ogloszenia-od-07-08-2022-do-15-08-2022","status":"publish","type":"post","link":"http:\/\/parafiaswjadwigi.pl\/index.php\/2022\/08\/06\/ogloszenia-od-07-08-2022-do-15-08-2022\/","title":{"rendered":"Og\u0142oszenia od 07.08.2022 do 15.08.2022"},"content":{"rendered":"<p style=\"text-align: center;\"><span style=\"font-size: 28px;\"><u><b>PARAFIA RZYMSKOKATOLICKA<\/b><\/u><\/span><\/p>\n<p style=\"text-align: center;\"><span style=\"font-size: 28px;\"><b> \u015aw. Jadwigi \u015al\u0105skiej PSZCZYNA \u2013 STARA WIE\u015a <\/b><\/span><\/p>\n<p style=\"text-align: center;\"><span style=\"color: #ff0000; font-size: 28px;\"> <i><b> XIX Niedziela Zwyk\u0142a od 07.08. do 15.08.2022 r.<\/b><\/i><\/span><\/p>\n<p align=\"LEFT\"><span style=\"color: #ff0000; font-size: 20px;\"><span style=\"font-family: Arial, serif;\"><b><span style=\"text-decoration: underline;\">NIEDZIELA \u2013 07.08.2022 \u2013 XIX NIEDZIELA ZWYK\u0141A<\/span> <\/b><\/span><\/span><\/p>\n<p align=\"LEFT\"><span style=\"color: #ff0000; font-size: 20px;\"> <span style=\"font-family: Arial, serif;\"><i>7.30 &#8211; Za + Stefana \u017belazo w kolejn\u0105 rocznic\u0119 \u015bmierci, + \u017con\u0119 Krystyn\u0119 i ++ rodzic\u00f3w obu stron<\/i><\/span><\/span><\/p>\n<p align=\"LEFT\"><span style=\"color: #ff0000; font-size: 20px;\"> <span style=\"font-family: Arial, serif;\"><i>9.30 &#8211; Za + Emila Botor i ++ rodzic\u00f3w obu stron<\/i><\/span><\/span><\/p>\n<p align=\"LEFT\"><span style=\"font-family: Arial, serif; font-size: 20px;\"><i><span style=\"color: #ff0000;\">11.00 &#8211; <\/span><span style=\"color: #ff0000;\"><b>ZA PARAFIAN<\/b><\/span><\/i><\/span><\/p>\n<p align=\"LEFT\"><span style=\"font-family: Arial, serif; font-size: 20px;\"><i><span style=\"color: #ff0000;\">13.00 &#8211; Do Opatrzno\u015bci Bo\u017cej przez wstawiennictwo \u015aw. Rodziny w podzi\u0119kowaniu za dar \u017cycia i trud wychowania dla rodzic\u00f3w M\u0142odej Pary Pauliny i Wojtka w ich 25 i 30 Rocznic\u0119 \u015alubu<\/span><\/i><\/span><\/p>\n<p align=\"JUSTIFY\"><span style=\"text-decoration: underline;\"><span style=\"font-family: Arial, serif; font-size: 20px;\"><i><b>PONIEDZIA\u0141EK \u2013 08.08.2022 \u2013 Wsp. \u015aw. DOMINIKA, prezbitera<\/b><\/i><\/span><\/span><\/p>\n<p align=\"JUSTIFY\"><span style=\"color: #000000; font-size: 20px;\"> <span style=\"font-family: Arial, serif;\"><i>7.00 &#8211; Za ++ rodzic\u00f3w Ann\u0119 i Henryka Pojda, brata Tadeusza<\/i><\/span><\/span><\/p>\n<p align=\"JUSTIFY\"><span style=\"text-decoration: underline;\"><span style=\"font-family: Arial, serif; font-size: 20px;\"><i><b><span style=\"color: #000000; text-decoration: underline;\">WTOREK \u2013 09.08.2022 <\/span>\u2013 \u015awi\u0119to \u015aw. TERESY Benedykty od Krzy\u017ca \/ Edyty Stein\/, dz. i m\u0119cz. Patronki Europy<\/b><\/i><\/span><\/span><\/p>\n<p align=\"JUSTIFY\"><span style=\"font-family: Arial, serif; font-size: 20px;\"><i>7.00 &#8211; Do Opatrzno\u015bci Bo\u017cej z podzi\u0119kowaniem za powr\u00f3t do zdrowia m\u0119\u017ca, z pro\u015bb\u0105 o szcz\u0119\u015bliwy przebieg ci\u0105\u017cy i szcz\u0119\u015bliwe urodzenie dziecka<\/i><\/span><\/p>\n<p align=\"JUSTIFY\"><span style=\"text-decoration: underline;\"><span style=\"font-family: Arial, serif; font-size: 20px;\"><i><b>\u015aRODA \u2013 10.08.2022 \u2013 \u015awi\u0119to \u015aw. WAWRZY\u0143CA, diakona i m\u0119czennika<\/b><\/i><\/span><\/span><\/p>\n<p align=\"JUSTIFY\"><span style=\"font-family: Arial, serif; font-size: 20px;\"><i><span style=\"color: #000000;\">6.30 &#8211; <\/span><span style=\"color: #000000;\"><b>Nowenna do Matki Bo\u017cej Nieustaj\u0105cej Pomocy &#8211; godzinki<\/b><\/span> <\/i><\/span><\/p>\n<p><span style=\"color: #ff0000; font-size: 20px;\"><span style=\"color: #000000;\"> <span style=\"font-family: Arial, serif;\">7.00 &#8211; Za + syna Kazimierza Gazd\u0119, + ojca Stefana i ++ z rodzin: Gazda i Kordo\u0144<\/span><\/span><\/span><\/p>\n<p align=\"LEFT\"><span style=\"color: #ff0000; font-size: 20px;\"><span style=\"font-family: Arial, serif;\"><b><span style=\"color: #00000a;\"><span style=\"text-decoration: underline;\">CZWARTEK \u2013 11.08.2022 \u2013 Wsp. \u015aw. KLARY<\/span> <\/span><\/b><\/span><\/span><\/p>\n<p><span style=\"color: #ff0000; font-size: 20px;\"><span style=\"font-family: Arial, serif;\"><span style=\"color: #00000a;\">18.00 &#8211; Za ++ Jana i J\u00f3zefa Spyra w I rocznic\u0119 \u015bmierci<\/span><\/span><\/span><\/p>\n<p align=\"JUSTIFY\"><span style=\"font-family: Arial, serif; font-size: 20px;\"><i><b><span style=\"text-decoration: underline;\">PI\u0104TEK \u2013 12.08.2022<\/span> <\/b><\/i><\/span><\/p>\n<p align=\"JUSTIFY\"><span style=\"font-family: Arial, serif; font-size: 20px;\"><i>18.00 &#8211; Za + Tadeusza P\u0142aweckiego w VI rocznic\u0119 \u015bmierci, ++ jego rodzic\u00f3w Franciszk\u0119 i Walentego P\u0142aweckich, ++ z rodzin: Skarbo\u0144 i P\u0142awecki<\/i><\/span><\/p>\n<p align=\"JUSTIFY\"><span style=\"text-decoration: underline;\"><span style=\"font-family: Arial, serif; font-size: 20px;\"><i><b>SOBOTA \u2013 13.08.2022 <span style=\"color: #0000ff; text-decoration: underline;\">\u2013 DZIE\u0143 FATIMSKI<\/span><\/b><\/i><\/span><\/span><\/p>\n<p align=\"JUSTIFY\"><span style=\"color: #000000; font-size: 20px;\"> <span style=\"font-family: Arial, serif;\"><i>8.00 &#8211; <\/i>Przez wstawiennictwo NMP R\u00f3\u017ca\u0144cowej w intencji R\u00f3\u017c R\u00f3\u017ca\u0144cowych naszej parafii<\/span><\/span><\/p>\n<p align=\"JUSTIFY\"><span style=\"font-family: Arial, serif; font-size: 20px;\"><i>14.<span style=\"color: #000000;\">00 &#8211; \u015alub konkordatowy: <\/span><span style=\"color: #000000;\"><b>Kamila Szkucik i Micha\u0142 Cofa\u0142a<\/b><\/span><\/i><\/span><\/p>\n<p align=\"JUSTIFY\"><span style=\"font-family: Arial, serif; font-size: 20px;\"><i>15.00 &#8211; <b>Chrzest dziecka:<\/b> <\/i><\/span><\/p>\n<p align=\"JUSTIFY\"><span style=\"font-family: Arial, serif; font-size: 20px;\"><i><span style=\"color: #ff0000;\"><b>16.00<\/b><\/span><span style=\"color: #ff0000;\"> &#8211; <\/span><span style=\"color: #ff0000;\"><b>Msza \u015aw. z wigilii XIX NIEDZIELI ZWYK\u0141EJ.<\/b><\/span><b> <\/b>Za + Romana Szwarc \u2013 od rodziny Pieles<\/i><\/span><\/p>\n<p><span style=\"color: #ff0000; font-size: 20px;\"><span style=\"font-family: Arial, serif;\"><span style=\"color: #00000a;\">17.00 &#8211; <\/span><span style=\"color: #0000ff;\"><b>R\u00d3\u017bANIEC FATIMSKI<\/b><\/span> <span style=\"color: #00000a;\">procesja z figur\u0105 Matki Bo\u017cej i B\u0142ogos\u0142awie\u0144stwo Sakramentalne<\/span><\/span><\/span><\/p>\n<p align=\"LEFT\"><span style=\"color: #ff0000; font-size: 20px;\"><span style=\"font-family: Arial, serif;\"><b><span style=\"text-decoration: underline;\">NIEDZIELA \u2013 14.08.2022 \u2013 XX NIEDZIELA ZWYK\u0141A<\/span> <\/b><\/span><\/span><\/p>\n<p align=\"LEFT\"><span style=\"color: #ff0000; font-size: 20px;\"> <span style=\"font-family: Arial, serif;\"><i>7.30 &#8211; Za + tragicznie zmar\u0142ych z rodziny G\u00f3rka w XXXV rocznic\u0119 \u015bmierci: Danut\u0119, Henryka, Celin\u0119 i Jaros\u0142awa<\/i><\/span><\/span><\/p>\n<p align=\"LEFT\"><span style=\"color: #ff0000; font-size: 20px;\"> <span style=\"font-family: Arial, serif;\"><i>9.30 &#8211; Za + mam\u0119 R\u00f3\u017c\u0119 Chlebek we wspomnienie urodzin, + m\u0119\u017ca J\u00f3zefa i zi\u0119cia Adama<\/i><\/span><\/span><\/p>\n<p align=\"LEFT\"><span style=\"font-family: Arial, serif; font-size: 20px;\"><i><span style=\"color: #ff0000;\">11.00 &#8211; Za + Joann\u0119 Hat \u2013 od s\u0105siad\u00f3w z ulic: Brzoskwiniowej i Morelowej <\/span><\/i><\/span><\/p>\n<p align=\"JUSTIFY\"><span style=\"text-decoration: underline;\"><span style=\"font-family: Arial, serif; font-size: 20px;\"><i><b><span style=\"color: #0000ff; text-decoration: underline;\">PONIEDZIA\u0141EK \u2013 15.08.2022 \u2013 UROCZYSTO\u015a\u0106 WNIEBOWZI\u0118CIA NMP<\/span><\/b><\/i><\/span><\/span><\/p>\n<p align=\"JUSTIFY\"><span style=\"color: #0000ff; font-size: 20px;\"> <span style=\"font-family: Arial, serif;\"><i>7.30 &#8211; Za + Mari\u0119 Kropid\u0142o<\/i><\/span><\/span><\/p>\n<p align=\"JUSTIFY\"><span style=\"color: #0000ff; font-size: 20px;\"> <span style=\"font-family: Arial, serif;\"><i>9.30 &#8211; Za + Ludwika Waleczek we wspomnienie urodzin<\/i><\/span><\/span><\/p>\n<p style=\"text-align: left;\" align=\"JUSTIFY\"><span style=\"font-family: Arial, serif; font-size: 20px;\"><i><span style=\"color: #0070c0;\"><span style=\"color: #0000ff;\">11.00 &#8211; Za + Agat\u0119 Braba\u0144sk\u0105 we wspomnienie urodzin i + ojca Alojzego Skapczyk<\/span> <\/span><\/i><\/span><\/p>\n<p style=\"text-align: center;\"><span style=\"font-size: 20px;\"><u><b><span style=\"font-size: 28px;\">PARAFIA RZYMSKOKATOLICKA<\/span><\/b><\/u><\/span><\/p>\n<p style=\"text-align: center;\"><span style=\"font-size: 28px;\"><b>\u015aw. Jadwigi<\/b> <b>\u015al. <\/b><i><b> <\/b><\/i><b>PSZCZYNA- STARA WIE\u015a<\/b><i><b> <\/b><\/i><b> <\/b><\/span><\/p>\n<p style=\"text-align: center;\"><span style=\"font-size: 28px;\"><b>Strona Internetowa Parafii: <\/b><span style=\"color: #ff0000;\"><b>www.parafiaswjadwigi.pl<\/b><\/span><b> <\/b><\/span><\/p>\n<p style=\"text-align: center;\"><span style=\"font-size: 28px;\"><span style=\"color: #000000;\"><i><u><b>Konto Parafii:<\/b><\/u><\/i><\/span> <span style=\"color: #000000;\"><b>z dopiskiem na cele kultu religijnego<\/b><\/span><\/span><\/p>\n<p style=\"text-align: center;\"><span style=\"font-size: 28px;\"><b>Bank Pekao S.A. 79 1240 1330 1111 0010 9381 2556<\/b><\/span><\/p>\n<p style=\"text-align: right;\" align=\"CENTER\"><span style=\"color: #ff0000; font-size: 28px;\"><span style=\"font-family: Arial, serif;\"><b>OG\u0141OSZENIA DUSZPASTERSKIE<\/b><\/span><\/span><\/p>\n<p style=\"text-align: right;\" align=\"CENTER\"><span style=\"color: #ff0000; font-size: 28px;\"><span style=\"font-family: Arial, serif;\"><b>XIX NIEDZIELA ZWYK\u0141A \u2013 07.08.2022 <\/b><\/span><\/span><\/p>\n<p style=\"text-align: right;\" align=\"CENTER\"><span style=\"color: #00ff00; font-size: 28px;\">\u201e<span style=\"font-family: Arial, serif;\"><i><b>NIE B\u00d3J SI\u0118 MA\u0141A TRZ\u00d3DKO \u2026\u201d<\/b><\/i><\/span><\/span><\/p>\n<p class=\"teksttytu\u0142-western\"><strong><span style=\"font-size: 20px; color: #00ff00;\">Liturgia S\u0142owa dzisiejszej niedzieli kieruje nasz\u0105 uwag\u0119 na temat wewn\u0119trznej wolno\u015bci i czujno\u015bci na przyj\u015bcie Pana. Jego s\u0142owo jest zawsze \u017cywe i skuteczne, zdolne wskaza\u0107 te obszary naszej codzienno\u015bci, w kt\u00f3rych panuje nieporz\u0105dek i chaos. Pro\u015bmy podczas tej Eucharystii o odwag\u0119 i si\u0142\u0119 do kszta\u0142towania naszego \u017cycia zgodnie z Ewangeli\u0105.<\/span><\/strong><\/p>\n<p align=\"JUSTIFY\"><span style=\"color: #000000; font-size: 20px;\"><span style=\"font-family: Arial, serif;\">Dzisiejsza kolekta przeznaczona jest na zap\u0142acenie raty za remont i odnowienie elewacji naszego ko\u015bcio\u0142a. Przed ko\u015bcio\u0142em zesp\u00f3\u0142 charytatywny przeprowadzi zbi\u00f3rk\u0119 na pomoc dla Ukrainy i Syrii. B\u00f3g zap\u0142a\u0107 za wszelkie ofiary.<\/span><\/span><\/p>\n<p align=\"JUSTIFY\"><span style=\"font-family: Arial, serif; font-size: 20px;\"><i>W poniedzia\u0142ek przypada wspomnienie \u015bw. Dominika, prezbitera<\/i><\/span><\/p>\n<p align=\"JUSTIFY\"><span style=\"font-family: Arial, serif; font-size: 20px;\"><i>We wtorek obchodzimy \u015bwi\u0119to \u015bwi\u0119tej Teresy Benedykty od Krzy\u017ca \/Edyty Stein\/, dziewicy i m\u0119czennicy.<\/i><\/span><\/p>\n<p align=\"JUSTIFY\"><span style=\"font-family: Arial, serif; font-size: 20px;\"><i>W \u015brod\u0119 obchodzimy \u015bwi\u0119to \u015bwi\u0119tego Wawrzy\u0144ca, diakona i m\u0119czennika.<\/i><\/span><\/p>\n<p align=\"JUSTIFY\"><span style=\"font-family: Arial, serif; font-size: 20px;\"><i>W czwartek przypada wspomnienie \u015bw. Klary, dziewicy.<\/i><\/span><\/p>\n<p align=\"JUSTIFY\"><span style=\"font-family: Arial, serif; font-size: 20px;\"><i>W II sobot\u0119 miesi\u0105ca o godzinie 8.00 zapraszam na Msz\u0119 \u015aw. w intencji R\u00f3\u017c R\u00f3\u017ca\u0144cowych. W tym dniu przypada Dzie\u0144 Fatimski dlatego zapraszam wszystkich parafian o godzinie 17.00 na R\u00f3\u017caniec Fatimski i procesj\u0119 z figur\u0105 Matki Bo\u017cej i ze \u015bwiecami wok\u00f3\u0142 ko\u015bcio\u0142a. Przedtem o godzinie 16.00 b\u0119dzie Msza \u015bw. z wigilii 20 Niedzieli Zwyk\u0142ej.<\/i><\/span><\/p>\n<p align=\"JUSTIFY\"><span style=\"font-family: Arial, serif; font-size: 20px;\"><i>W przysz\u0142a niedziel\u0119 kolekta specjalna przeznaczona b\u0119dzie na zap\u0142acenie raty za remont i odnowienie elewacji naszego ko\u015bcio\u0142a.<\/i><\/span><\/p>\n<p align=\"JUSTIFY\"><span style=\"color: #000000; font-size: 20px;\"><span style=\"font-family: Arial, serif;\">W przysz\u0142y poniedzia\u0142ek <b>15 sierpnia<\/b> obchodzi\u0107 b\u0119dziemy Uroczysto\u015b\u0107 Wniebowzi\u0119cia NMP, zwan\u0105 \u015bwi\u0119tem Matki Bo\u017cej Zielnej. Msze \u015bw. b\u0119d\u0105 o godzinie 7.30, 9.30 i 11.00. Zgodnie z tradycj\u0105 po ka\u017cdej Mszy \u015bw. b\u0119dzie b\u0142ogos\u0142awie\u0144stwo zi\u00f3\u0142 i kwiat\u00f3w. Kolekta przeznaczona b\u0119dzie na op\u0142aty za gaz i energi\u0119 elektryczn\u0105. <\/span><\/span><\/p>\n<p align=\"JUSTIFY\"><span style=\"color: #000000; font-size: 20px;\"><span style=\"font-family: Arial, serif;\">Panie, kt\u00f3re chc\u0105 uda\u0107 si\u0119 autokarem na pielgrzymk\u0119 do Matki Boskiej Piekarskiej zapisuj\u0105 si\u0119 w parafii Wszystkich \u015awi\u0119tych.<\/span><\/span><\/p>\n<p align=\"JUSTIFY\"><span style=\"color: #000000; font-size: 20px;\"><span style=\"font-family: Arial, serif;\">Zarz\u0105d Osiedla Stara Wie\u015b organizuje wyjazd integracyjny mieszka\u0144c\u00f3w osiedla w okolice Olkusza w dniu 30.08. br, W programie wyjazdu zwiedzanie Ko\u015bcio\u0142a Farnego w centrum Olkusza po\u0142\u0105czone z udzia\u0142em we Mszy \u015aw.. Zwiedzanie \u201eMuzeum Wydobycia Srebra i Produkcji Monet\u201d, zwiedzanie miasta i jego zabytk\u00f3w oraz podziwianie krajobrazu \u201ePustyni B\u0142\u0119dowskiej\u201d. W czasie wyjazdu nast\u0105pi pocz\u0119stunek, kaw\u0105, herbat\u0105 i ciastkiem, a na zako\u0144czenie w rejonie \u201ePustyni B\u0142\u0119dowskiej\u201d odb\u0119dzie si\u0119 spotkanie integracyjne przy grillu. Wyjazd nast\u0105pi z parkingu przed ko\u015bcio\u0142em o godzinie 8.15, a powr\u00f3t oko\u0142o 19.00. Odp\u0142atno\u015b\u0107 za udzia\u0142 w wyje\u017adzie wynosi 20 z\u0142, kt\u00f3re nale\u017cy ui\u015bci\u0107 przy zapisie. Zapisy prowadzi\u0107 b\u0119dzie Przewodnicz\u0105cy Zarz\u0105du Pan Marian Szwarc w naszym Osiedlowym Centrum Kultury w dniach 10-11.08. i 17-18.08. w godzinach od 15.30 do 16.30, Obowi\u0105zuje kolejno\u015b\u0107 zapis\u00f3w.<\/span><\/span><\/p>\n<p align=\"JUSTIFY\"><span style=\"color: #000000; font-size: 20px;\"><span style=\"font-family: Arial, serif;\">W czasie wakacji zach\u0119cam do lektury Pisma \u015awi\u0119tego i do czytania prasy katolickiej, a zw\u0142aszcza Go\u015bcia Niedzielnego, w kt\u00f3rym znajdziemy: odpowied\u017a na coraz cz\u0119stszy zarzut, \u017ce do niedawna Ko\u015bci\u00f3\u0142 zabrania\u0142 indywidualnego czytania Pisma \u015awi\u0119tego, a w wakacyjnym cyklu reporta\u017c o duchowych i kulinarnych smakach Podhala.<\/span><\/span><\/p>\n","protected":false},"excerpt":{"rendered":"<p>PARAFIA RZYMSKOKATOLICKA \u015aw. Jadwigi \u015al\u0105skiej PSZCZYNA \u2013 STARA WIE\u015a XIX Niedziela Zwyk\u0142a od 07.08. do 15.08.2022 r. NIEDZIELA \u2013 07.08.2022 \u2013 XIX NIEDZIELA ZWYK\u0141A 7.30 &#8211; Za + Stefana \u017belazo w kolejn\u0105 rocznic\u0119 \u015bmierci, + \u017con\u0119 Krystyn\u0119 i ++ rodzic\u00f3w obu stron 9.30 &#8211; Za + Emila Botor i ++ rodzic\u00f3w obu stron 11.00 &#8211; [&hellip;]<\/p>\n","protected":false},"author":1,"featured_media":1211,"comment_status":"open","ping_status":"open","sticky":false,"template":"","format":"standard","meta":{"footnotes":""},"categories":[6],"tags":[],"class_list":["post-1209","post","type-post","status-publish","format-standard","has-post-thumbnail","hentry","category-ogloszenia"],"_links":{"self":[{"href":"http:\/\/parafiaswjadwigi.pl\/index.php\/wp-json\/wp\/v2\/posts\/1209","targetHints":{"allow":["GET"]}}],"collection":[{"href":"http:\/\/parafiaswjadwigi.pl\/index.php\/wp-json\/wp\/v2\/posts"}],"about":[{"href":"http:\/\/parafiaswjadwigi.pl\/index.php\/wp-json\/wp\/v2\/types\/post"}],"author":[{"embeddable":true,"href":"http:\/\/parafiaswjadwigi.pl\/index.php\/wp-json\/wp\/v2\/users\/1"}],"replies":[{"embeddable":true,"href":"http:\/\/parafiaswjadwigi.pl\/index.php\/wp-json\/wp\/v2\/comments?post=1209"}],"version-history":[{"count":2,"href":"http:\/\/parafiaswjadwigi.pl\/index.php\/wp-json\/wp\/v2\/posts\/1209\/revisions"}],"predecessor-version":[{"id":1217,"href":"http:\/\/parafiaswjadwigi.pl\/index.php\/wp-json\/wp\/v2\/posts\/1209\/revisions\/1217"}],"wp:featuredmedia":[{"embeddable":true,"href":"http:\/\/parafiaswjadwigi.pl\/index.php\/wp-json\/wp\/v2\/media\/1211"}],"wp:attachment":[{"href":"http:\/\/parafiaswjadwigi.pl\/index.php\/wp-json\/wp\/v2\/media?parent=1209"}],"wp:term":[{"taxonomy":"category","embeddable":true,"href":"http:\/\/parafiaswjadwigi.pl\/index.php\/wp-json\/wp\/v2\/categories?post=1209"},{"taxonomy":"post_tag","embeddable":true,"href":"http:\/\/parafiaswjadwigi.pl\/index.php\/wp-json\/wp\/v2\/tags?post=1209"}],"curies":[{"name":"wp","href":"https:\/\/api.w.org\/{rel}","templated":true}]}}