{"id":1150,"date":"2022-06-12T00:41:25","date_gmt":"2022-06-11T22:41:25","guid":{"rendered":"https:\/\/parafiaswjadwigi.pl\/?p=1150"},"modified":"2022-06-12T00:44:09","modified_gmt":"2022-06-11T22:44:09","slug":"komunikat-metropolity-katowickiego-przed-bozym-cialem","status":"publish","type":"post","link":"http:\/\/parafiaswjadwigi.pl\/index.php\/2022\/06\/12\/komunikat-metropolity-katowickiego-przed-bozym-cialem\/","title":{"rendered":"Komunikat &#8211; uroczysto\u015bci Bo\u017cego Cia\u0142a"},"content":{"rendered":"\n\n\n<div data-wp-interactive=\"core\/file\" class=\"wp-block-file\"><object data-wp-bind--hidden=\"!state.hasPdfPreview\" hidden class=\"wp-block-file__embed\" data=\"https:\/\/parafiaswjadwigi.pl\/wp-content\/uploads\/2022\/06\/Abp_Komunikat_Boze-Cialo_100_rocznica_powrotu_do_Polski_2022.pdf\" type=\"application\/pdf\" style=\"width:100%;height:909px\" aria-label=\"Osadzone z Osadzone z Abp_Komunikat_Boze-Cialo_100_rocznica_powrotu_do_Polski_2022..\"><\/object><a id=\"wp-block-file--media-aeeb4edd-58bf-4197-9357-c3e9aff261bc\" href=\"https:\/\/parafiaswjadwigi.pl\/wp-content\/uploads\/2022\/06\/Abp_Komunikat_Boze-Cialo_100_rocznica_powrotu_do_Polski_2022.pdf\">Abp_Komunikat_Boze-Cialo_100_rocznica_powrotu_do_Polski_2022<\/a><a href=\"https:\/\/parafiaswjadwigi.pl\/wp-content\/uploads\/2022\/06\/Abp_Komunikat_Boze-Cialo_100_rocznica_powrotu_do_Polski_2022.pdf\" class=\"wp-block-file__button\" download aria-describedby=\"wp-block-file--media-aeeb4edd-58bf-4197-9357-c3e9aff261bc\">Pobierz<\/a><\/div>\n","protected":false},"excerpt":{"rendered":"","protected":false},"author":1,"featured_media":75,"comment_status":"open","ping_status":"open","sticky":false,"template":"","format":"standard","meta":{"footnotes":""},"categories":[3],"tags":[],"class_list":["post-1150","post","type-post","status-publish","format-standard","has-post-thumbnail","hentry","category-informacje"],"_links":{"self":[{"href":"http:\/\/parafiaswjadwigi.pl\/index.php\/wp-json\/wp\/v2\/posts\/1150","targetHints":{"allow":["GET"]}}],"collection":[{"href":"http:\/\/parafiaswjadwigi.pl\/index.php\/wp-json\/wp\/v2\/posts"}],"about":[{"href":"http:\/\/parafiaswjadwigi.pl\/index.php\/wp-json\/wp\/v2\/types\/post"}],"author":[{"embeddable":true,"href":"http:\/\/parafiaswjadwigi.pl\/index.php\/wp-json\/wp\/v2\/users\/1"}],"replies":[{"embeddable":true,"href":"http:\/\/parafiaswjadwigi.pl\/index.php\/wp-json\/wp\/v2\/comments?post=1150"}],"version-history":[{"count":3,"href":"http:\/\/parafiaswjadwigi.pl\/index.php\/wp-json\/wp\/v2\/posts\/1150\/revisions"}],"predecessor-version":[{"id":1155,"href":"http:\/\/parafiaswjadwigi.pl\/index.php\/wp-json\/wp\/v2\/posts\/1150\/revisions\/1155"}],"wp:featuredmedia":[{"embeddable":true,"href":"http:\/\/parafiaswjadwigi.pl\/index.php\/wp-json\/wp\/v2\/media\/75"}],"wp:attachment":[{"href":"http:\/\/parafiaswjadwigi.pl\/index.php\/wp-json\/wp\/v2\/media?parent=1150"}],"wp:term":[{"taxonomy":"category","embeddable":true,"href":"http:\/\/parafiaswjadwigi.pl\/index.php\/wp-json\/wp\/v2\/categories?post=1150"},{"taxonomy":"post_tag","embeddable":true,"href":"http:\/\/parafiaswjadwigi.pl\/index.php\/wp-json\/wp\/v2\/tags?post=1150"}],"curies":[{"name":"wp","href":"https:\/\/api.w.org\/{rel}","templated":true}]}}