{"id":1116,"date":"2022-05-29T09:13:46","date_gmt":"2022-05-29T07:13:46","guid":{"rendered":"https:\/\/parafiaswjadwigi.pl\/?p=1116"},"modified":"2022-06-04T11:43:29","modified_gmt":"2022-06-04T09:43:29","slug":"majowa-pielgrzymka-do-sanktuarium-piekarskiego","status":"publish","type":"post","link":"http:\/\/parafiaswjadwigi.pl\/index.php\/2022\/05\/29\/majowa-pielgrzymka-do-sanktuarium-piekarskiego\/","title":{"rendered":"MAJOWA PIELGRZYMKA DO SANKTUARIUM PIEKARSKIEGO"},"content":{"rendered":"\n<p>&nbsp;<\/p>\n<p align=\"JUSTIFY\"><span style=\"color: #0070c0; font-size: 20px;\"><span style=\"font-family: Cambria, serif;\"><b>I. MAJOWA PIELGRZYMKA DO SANKTUARIUM PIEKARSKIEGO<\/b><\/span><\/span><\/p>\n<p align=\"JUSTIFY\"><span style=\"font-size: 20px;\"><span style=\"color: #000000;\"><span style=\"font-family: Cambria, serif;\">1.&nbsp;<\/span><\/span><span style=\"color: #000000;\"><span style=\"font-family: Cambria, serif;\"><b>Pielgrzymka m\u0119\u017cczyzn i m\u0142odzie\u0144c\u00f3w do Sanktuarium Matki Sprawiedliwo\u015bci i Mi\u0142o\u015bci Spo\u0142ecznej odb\u0119dzie si\u0119 29 maja<\/b><\/span><\/span><span style=\"color: #000000;\"><span style=\"font-family: Cambria, serif;\">&nbsp;pod has\u0142em: \u201ePos\u0142ani w pokoju Chrystusa\u201d.<\/span><\/span><\/span><\/p>\n<p align=\"JUSTIFY\"><span style=\"color: #000000; font-size: 20px;\"><span style=\"font-family: Cambria, serif;\"><b>Program pielgrzymki:&nbsp;<\/b><\/span><\/span><\/p>\n<p align=\"JUSTIFY\"><span style=\"color: #000000; font-size: 20px;\"><span style=\"font-family: Cambria, serif;\">8.00 \u2013 Godzinki o Niepokalanym Pocz\u0119ciu NMP;<\/span><\/span><\/p>\n<p align=\"JUSTIFY\"><span style=\"color: #000000; font-size: 20px;\"><span style=\"font-family: Cambria, serif;\">8.30 \u2013 Modlitwa r\u00f3\u017ca\u0144cowa. Litania za wstawiennictwem b\u0142. ks. Jana Machy;<\/span><\/span><\/p>\n<p align=\"JUSTIFY\"><span style=\"color: #000000; font-size: 20px;\"><span style=\"font-family: Cambria, serif;\">9.30 \u2013 Procesja z obrazem Matki Bo\u017cej Piekarskiej na Kalwari\u0119. Powitanie pielgrzym\u00f3w. S\u0142owo spo\u0142eczne abp. Wiktora Skworca, metropolity katowickiego;<\/span><\/span><\/p>\n<p align=\"JUSTIFY\"><span style=\"color: #000000; font-size: 20px;\"><span style=\"font-family: Cambria, serif;\">11.00 \u2013 Msza \u015bw. pod przewodnictwem i z homili\u0105 abp. Jana Romeo Paw\u0142owskiego z Watykanu;<\/span><\/span><\/p>\n<p align=\"JUSTIFY\"><span style=\"color: #000000; font-size: 20px;\"><span style=\"font-family: Cambria, serif;\">13.45 \u2013 Godzina ewangelizacyjna ze \u015bw. J\u00f3zefem i b\u0142. ks. Janem Mach\u0105;<\/span><\/span><\/p>\n<p align=\"JUSTIFY\"><span style=\"color: #000000; font-size: 20px;\"><span style=\"font-family: Cambria, serif;\">15.00 \u2013 Nabo\u017ce\u0144stwo majowe pod przewodnictwem abp. koadiutora Adriana Galbasa SAC.<\/span><\/span><\/p>\n<p align=\"JUSTIFY\"><span style=\"font-size: 20px;\"><span style=\"color: #000000;\"><span style=\"font-family: Cambria, serif;\">Polecajmy dzie\u0142o pielgrzymki Bo\u017cej Opatrzno\u015bci w parafiach i przygotujmy duchowo p\u0105tnik\u00f3w.&nbsp;<\/span><\/span><span style=\"color: #000000;\"><span style=\"font-family: Cambria, serif;\"><b>Ksi\u0119\u017cy bior\u0105cych udzia\u0142 w pielgrzymce prosimy o podj\u0119cie pos\u0142ugi w konfesjona\u0142ach<\/b><\/span><\/span><span style=\"color: #000000;\"><span style=\"font-family: Cambria, serif;\">&nbsp;na Rajskim Placu oraz na piekarskim wzg\u00f3rzu. Do pos\u0142ugi rozdzielania Komunii \u015bw. zapraszamy&nbsp;<\/span><\/span><span style=\"color: #000000;\"><span style=\"font-family: Cambria, serif;\"><b>nadzwyczajnych szafarzy Komunii \u015bw<\/b><\/span><\/span><span style=\"color: #000000;\"><span style=\"font-family: Cambria, serif;\">. Plakat w za\u0142\u0105czniku nr 1.<\/span><\/span><\/span><\/p>\n<p align=\"JUSTIFY\"><span style=\"color: #000000; font-size: 20px;\"><span style=\"font-family: Cambria, serif;\">Transmisja Mszy \u015bw. b\u0119dzie dost\u0119pna na TV Polonia, TVP 3, Radio Katowice i Radio eM.<\/span><\/span><\/p>\n<p align=\"JUSTIFY\"><span style=\"color: #000000; font-size: 20px;\"><span style=\"font-family: Cambria, serif;\"><b>Prosimy&nbsp;o parkowanie&nbsp;autokar\u00f3w&nbsp;przy kopalni (ul. Zi\u0119tka) oraz przy Kopcu Wyzwolenia.<\/b><\/span><\/span><\/p>\n<p align=\"JUSTIFY\"><span style=\"color: #000000; font-size: 20px;\">&nbsp;<\/span><\/p>\n<p align=\"JUSTIFY\"><span style=\"color: #0070c0; font-size: 20px;\"><span style=\"font-family: Cambria, serif;\"><b>II. PRZYJACIELE WY\u017bSZEGO \u015aL\u0104SKIEGO SEMINARIUM DUCHWNEGO<\/b><\/span><\/span><\/p>\n<p align=\"JUSTIFY\"><span style=\"font-size: 20px;\"><span style=\"color: #000000;\"><span style=\"font-family: Cambria, serif;\">2.&nbsp;<\/span><\/span><span style=\"color: #000000;\"><span style=\"font-family: Cambria, serif;\"><b>Dni skupienia dla cz\u0142onk\u00f3w Towarzystwa Przyjaci\u00f3\u0142 Seminarium<\/b><\/span><\/span><span style=\"color: #000000;\"><span style=\"font-family: Cambria, serif;\">&nbsp;odb\u0119d\u0105 si\u0119&nbsp;<\/span><\/span><span style=\"color: #000000;\"><span style=\"font-family: Cambria, serif;\"><u>4 i 5 czerwca w W\u015aSD w Katowicach<\/u><\/span><\/span><span style=\"color: #000000;\"><span style=\"font-family: Cambria, serif;\">&nbsp;(ul. Wita Stwosza 17a). Do udzia\u0142u zaproszeni s\u0105 wszyscy zrzeszeni w Towarzystwie oraz osoby zainteresowane do\u0142\u0105czeniem do tej wsp\u00f3lnoty. Rozpocz\u0119cie spotka\u0144 zar\u00f3wno w sobot\u0119 i niedziel\u0119 o godz. 10. W programie: konferencja, okazja do spowiedzi \u015bw., Eucharystia, a tak\u017ce posi\u0142ek i spotkanie z alumnami. Zako\u0144czenie oko\u0142o godziny 15.30. Zapis\u00f3w mo\u017cna dokonywa\u0107 telefonicznie pod numerem telefonu 519 546 150 (furta seminarium).<\/span><\/span><\/span><\/p>\n<p align=\"JUSTIFY\"><span style=\"color: #0070c0; font-size: 20px;\">&nbsp;<\/span><\/p>\n<p align=\"JUSTIFY\"><span style=\"color: #0070c0; font-size: 20px;\"><span style=\"font-family: Cambria, serif;\"><b>III. DUSZPASTERSTWO M\u0141ODZIE\u017bY<\/b><\/span><\/span><\/p>\n<p align=\"JUSTIFY\"><span style=\"font-size: 20px;\"><span style=\"color: #000000;\"><span style=\"font-family: Cambria, serif;\">3. Ksi\u0119\u017cy, kt\u00f3rzy organizuj\u0105 wyjazd do Lizbony na<\/span><\/span><span style=\"color: #000000;\"><span style=\"font-family: Cambria, serif;\"><b>&nbsp;\u015awiatowe Dni M\u0142odzie\u017cy,<\/b><\/span><\/span><span style=\"color: #000000;\"><span style=\"font-family: Cambria, serif;\">&nbsp;zapraszamy na spotkanie&nbsp;<\/span><\/span><span style=\"color: #000000;\"><span style=\"font-family: Cambria, serif;\"><u>w poniedzia\u0142ek 30 maja o godz. 16 do kurii.<\/u><\/span><\/span><\/span><\/p>\n<p align=\"JUSTIFY\"><span style=\"color: #2c363a; font-size: 20px;\">&nbsp;<\/span><\/p>\n<p align=\"JUSTIFY\"><span style=\"color: #0070c0; font-size: 20px;\"><span style=\"font-family: Cambria, serif;\"><b>IV. INFORMACJE WYDZIA\u0141U KATECHETYCZNEGO<\/b><\/span><\/span><\/p>\n<p align=\"JUSTIFY\"><span style=\"font-size: 20px;\"><span style=\"color: #000000;\"><span style=\"font-family: Cambria, serif;\">4.<\/span><\/span><span style=\"color: #000000;\"><span style=\"font-family: Cambria, serif;\"><b>&nbsp;<\/b><\/span><\/span><span style=\"color: #000000;\"><span style=\"font-family: Cambria, serif;\">Doroczna<\/span><\/span><span style=\"color: #000000;\"><span style=\"font-family: Cambria, serif;\"><b>&nbsp;pielgrzymka dzieci wczesno- i pierwszokomunijnych&nbsp;<\/b><\/span><\/span><span style=\"color: #000000;\"><span style=\"font-family: Cambria, serif;\">do katedry odb\u0119dzie si\u0119&nbsp;<\/span><\/span><span style=\"color: #000000;\"><span style=\"font-family: Cambria, serif;\"><u>w niedziel\u0119 12 czerwca<\/u><\/span><\/span><span style=\"color: #000000;\"><span style=\"font-family: Cambria, serif;\">&nbsp;pod has\u0142em:&nbsp;<\/span><\/span><span style=\"color: #000000;\"><span style=\"font-family: Cambria, serif;\"><i>\u015awi\u0119ty Michale Archaniele, czuwaj nade mn\u0105 w Ko\u015bciele<\/i><\/span><\/span><span style=\"color: #000000;\"><span style=\"font-family: Cambria, serif;\">. Pocz\u0105tek o godz. 13.30, zako\u0144czenie ok. 16.45. W celach organizacyjnych prosimy o zg\u0142oszenie grupy i podanie przybli\u017conej ilo\u015bci dzieci na adres:&nbsp;<\/span><\/span><a href=\"#NOP\"><span style=\"color: #000000;\"><span style=\"font-family: Cambria, serif;\"><u>katechetyczny@katowicka.pl<\/u><\/span><\/span><\/a><span style=\"color: #000000;\"><span style=\"font-family: Cambria, serif;\">&nbsp; do 3 czerwca. Szczeg\u00f3\u0142y na stronie Wydzia\u0142u Katechetycznego &#8211;&nbsp;<\/span><\/span><a href=\"http:\/\/www.wk.archidiecezjakatowicka.pl\/\"><span style=\"color: #000000;\"><span style=\"font-family: Cambria, serif;\"><u>www.wk.archidiecezjakatowicka.pl<\/u><\/span><\/span><\/a><span style=\"color: #000000;\"><span style=\"font-family: Cambria, serif;\">.<\/span><\/span><\/span><\/p>\n<p align=\"JUSTIFY\"><span style=\"color: #000000; font-size: 20px;\">&nbsp;<\/span><\/p>\n<p align=\"JUSTIFY\"><span style=\"color: #0070c0; font-size: 20px;\"><span style=\"font-family: Cambria, serif;\"><b>V. INFORMACJE DUSZPASTERSTWA RODZIN<\/b><\/span><\/span><\/p>\n<p align=\"JUSTIFY\"><span style=\"font-size: 20px;\"><span style=\"color: #000000;\"><span style=\"font-family: Cambria, serif;\">5. Trwa nab\u00f3r do<\/span><\/span><span style=\"color: #000000;\"><span style=\"font-family: Cambria, serif;\"><b>&nbsp;studium duszpasterstwa rodzin.&nbsp;<\/b><\/span><\/span><span style=\"color: #000000;\"><span style=\"font-family: Cambria, serif;\">Zaj\u0119cia b\u0119d\u0105 odbywa\u0107 si\u0119 od pa\u017adziernika 2022 do czerwca 2023 r. \u2013 10 zjazd\u00f3w pi\u0105tkowo-sobotnich. Szczeg\u00f3\u0142y na stronie:&nbsp;<\/span><\/span><a href=\"https:\/\/rodzina.archidiecezjakatowicka.pl\/wazne\/67-archidiecezjalne-studium-duszpasterstwa-rodzin\"><span style=\"color: #000000;\"><span style=\"font-family: Cambria, serif;\"><u>https:\/\/rodzina.archidiecezjakatowicka.pl\/wazne\/67-archidiecezjalne-studium-duszpasterstwa-rodzin<\/u><\/span><\/span><\/a><span style=\"color: #000000;\"><span style=\"font-family: Cambria, serif;\">.<\/span><\/span><\/span><\/p>\n<p align=\"JUSTIFY\"><span style=\"color: #2c363a; font-size: 20px;\">&nbsp;<\/span><\/p>\n<p align=\"JUSTIFY\"><span style=\"font-size: 20px;\"><span style=\"color: #000000;\">&nbsp;<\/span><span style=\"color: #0070c0;\"><span style=\"font-family: Cambria, serif;\"><b>VI. WYDZIA\u0141 TEOLOGICZNY<\/b><\/span><\/span><\/span><\/p>\n<p align=\"JUSTIFY\"><span style=\"font-size: 20px;\"><span style=\"color: #2c363a;\"><span style=\"font-family: Cambria, serif;\">6.&nbsp;<\/span><\/span><span style=\"color: #2c363a;\"><span style=\"font-family: Cambria, serif;\"><b>Rekrutacja os\u00f3b zainteresowanych studiami&nbsp;<\/b><\/span><\/span><span style=\"color: #2c363a;\"><span style=\"font-family: Cambria, serif;\">na Wydziale Teologicznym U\u015a rozpocznie si\u0119&nbsp;<\/span><\/span><span style=\"color: #2c363a;\"><span style=\"font-family: Cambria, serif;\"><u>1 czerwca<\/u><\/span><\/span><span style=\"color: #2c363a;\"><span style=\"font-family: Cambria, serif;\">. Studiuje tam obecnie ok. 300 student\u00f3w w wieku od 19\u201360 lat. Zapraszamy do zapoznania si\u0119 z ofert\u0105 studi\u00f3w. Rekrutacja odbywa si\u0119 przez stron\u0119 internetow\u0105 Wydzia\u0142u lub przez parafi\u0119. Wydzia\u0142 teologiczny oferuje nast\u0119puj\u0105ce kierunki:<\/span><\/span><\/span><\/p>\n<ul>\n<li>\n<p align=\"JUSTIFY\"><span style=\"color: #2c363a; font-size: 20px;\"><span style=\"font-family: Cambria, serif;\">TEOLOGIA (to przyszli ksi\u0119\u017ca, katecheci \u015bwieccy, dziennikarze, publicy\u015bci);<\/span><\/span><\/p>\n<\/li>\n<li>\n<p align=\"JUSTIFY\"><span style=\"color: #2c363a; font-size: 20px;\"><span style=\"font-family: Cambria, serif;\">NAUKI O RODZINIE (przyszli mediatorzy i asystenci rodzin, pracownicy socjalni, funkcjonariusze s\u0142u\u017cb mundurowych).<\/span><\/span><\/p>\n<\/li>\n<\/ul>\n<p align=\"JUSTIFY\"><span style=\"color: #2c363a; font-size: 20px;\"><span style=\"font-family: Cambria, serif;\">Szczeg\u00f3\u0142y na stronie Wydzia\u0142u Teologicznego U\u015a.<\/span><\/span><\/p>\n","protected":false},"excerpt":{"rendered":"<p>&nbsp; I. MAJOWA PIELGRZYMKA DO SANKTUARIUM PIEKARSKIEGO 1.&nbsp;Pielgrzymka m\u0119\u017cczyzn i m\u0142odzie\u0144c\u00f3w do Sanktuarium Matki Sprawiedliwo\u015bci i Mi\u0142o\u015bci Spo\u0142ecznej odb\u0119dzie si\u0119 29 maja&nbsp;pod has\u0142em: \u201ePos\u0142ani w pokoju Chrystusa\u201d. Program pielgrzymki:&nbsp; 8.00 \u2013 Godzinki o Niepokalanym Pocz\u0119ciu NMP; 8.30 \u2013 Modlitwa r\u00f3\u017ca\u0144cowa. Litania za wstawiennictwem b\u0142. ks. Jana Machy; 9.30 \u2013 Procesja z obrazem Matki Bo\u017cej Piekarskiej [&hellip;]<\/p>\n","protected":false},"author":1,"featured_media":0,"comment_status":"open","ping_status":"open","sticky":false,"template":"","format":"standard","meta":{"footnotes":""},"categories":[1],"tags":[],"class_list":["post-1116","post","type-post","status-publish","format-standard","hentry","category-bez-kategorii"],"_links":{"self":[{"href":"http:\/\/parafiaswjadwigi.pl\/index.php\/wp-json\/wp\/v2\/posts\/1116","targetHints":{"allow":["GET"]}}],"collection":[{"href":"http:\/\/parafiaswjadwigi.pl\/index.php\/wp-json\/wp\/v2\/posts"}],"about":[{"href":"http:\/\/parafiaswjadwigi.pl\/index.php\/wp-json\/wp\/v2\/types\/post"}],"author":[{"embeddable":true,"href":"http:\/\/parafiaswjadwigi.pl\/index.php\/wp-json\/wp\/v2\/users\/1"}],"replies":[{"embeddable":true,"href":"http:\/\/parafiaswjadwigi.pl\/index.php\/wp-json\/wp\/v2\/comments?post=1116"}],"version-history":[{"count":2,"href":"http:\/\/parafiaswjadwigi.pl\/index.php\/wp-json\/wp\/v2\/posts\/1116\/revisions"}],"predecessor-version":[{"id":1118,"href":"http:\/\/parafiaswjadwigi.pl\/index.php\/wp-json\/wp\/v2\/posts\/1116\/revisions\/1118"}],"wp:attachment":[{"href":"http:\/\/parafiaswjadwigi.pl\/index.php\/wp-json\/wp\/v2\/media?parent=1116"}],"wp:term":[{"taxonomy":"category","embeddable":true,"href":"http:\/\/parafiaswjadwigi.pl\/index.php\/wp-json\/wp\/v2\/categories?post=1116"},{"taxonomy":"post_tag","embeddable":true,"href":"http:\/\/parafiaswjadwigi.pl\/index.php\/wp-json\/wp\/v2\/tags?post=1116"}],"curies":[{"name":"wp","href":"https:\/\/api.w.org\/{rel}","templated":true}]}}