{"id":1050,"date":"2022-04-24T09:18:28","date_gmt":"2022-04-24T07:18:28","guid":{"rendered":"https:\/\/parafiaswjadwigi.pl\/?p=1050"},"modified":"2022-04-24T09:18:29","modified_gmt":"2022-04-24T07:18:29","slug":"zmiana-terminu-caritas-dzien-dobra-2022","status":"publish","type":"post","link":"http:\/\/parafiaswjadwigi.pl\/index.php\/2022\/04\/24\/zmiana-terminu-caritas-dzien-dobra-2022\/","title":{"rendered":"Zmiana terminu Caritas Dzie\u0144 Dobra 2022"},"content":{"rendered":"\n<p style=\"text-align: center;\"><span style=\"font-size: 20px; color: #000000;\">Drogi Ksi\u0119\u017ce\/Ojcze,<\/span><br \/><span style=\"font-size: 20px; color: #000000;\">informuj\u0119, \u017ce\u00a0<strong>w zwi\u0105zku z apelem wojewody \u015bl\u0105skiego\u00a0<\/strong>pana Jaros\u0142awa Wieczorka\u00a0<strong>do\u00a0<\/strong>wszystkich\u00a0<strong>organizator\u00f3w imprez\u00a0<\/strong>w wojew\u00f3dztwie<strong>\u00a0o powstrzymanie si\u0119 od ich organizacji w dniu 24 kwietnia<\/strong>,na znak \u017ca\u0142oby w zwi\u0105zku z tragicznym wypadkiem w kopalni w\u0119gla kamiennego &#8222;Pni\u00f3wek&#8221;,\u00a0<strong>przesy\u0142am\u00a0<\/strong><em><strong>Informacj\u0119<\/strong><\/em><em><strong>\u00a0dyrektora katowickiej CARITAS, ks. dra \u0141ukasza Stawarza<\/strong><\/em> <strong>o przesuni\u0119ciu terminu DNIA DOBRA na 08.05.2022 r.<\/strong><\/span><\/p>\n\n\n\n\n\n<div data-wp-interactive=\"core\/file\" class=\"wp-block-file\"><object data-wp-bind--hidden=\"!state.hasPdfPreview\" hidden class=\"wp-block-file__embed\" data=\"https:\/\/parafiaswjadwigi.pl\/wp-content\/uploads\/2022\/04\/Caritas_Dzien-Dobra-2022.pdf\" type=\"application\/pdf\" style=\"width:100%;height:600px\" aria-label=\"Osadzone z Osadzone z Caritas_Dzien-Dobra-2022..\"><\/object><a id=\"wp-block-file--media-b101625b-3344-4a0a-a19d-1925231c5c8f\" href=\"https:\/\/parafiaswjadwigi.pl\/wp-content\/uploads\/2022\/04\/Caritas_Dzien-Dobra-2022.pdf\">Caritas_Dzien-Dobra-2022<\/a><a href=\"https:\/\/parafiaswjadwigi.pl\/wp-content\/uploads\/2022\/04\/Caritas_Dzien-Dobra-2022.pdf\" class=\"wp-block-file__button\" download aria-describedby=\"wp-block-file--media-b101625b-3344-4a0a-a19d-1925231c5c8f\">Pobierz<\/a><\/div>\n","protected":false},"excerpt":{"rendered":"<p>Drogi Ksi\u0119\u017ce\/Ojcze,informuj\u0119, \u017ce\u00a0w zwi\u0105zku z apelem wojewody \u015bl\u0105skiego\u00a0pana Jaros\u0142awa Wieczorka\u00a0do\u00a0wszystkich\u00a0organizator\u00f3w imprez\u00a0w wojew\u00f3dztwie\u00a0o powstrzymanie si\u0119 od ich organizacji w dniu 24 kwietnia,na znak \u017ca\u0142oby w zwi\u0105zku z tragicznym wypadkiem w kopalni w\u0119gla kamiennego &#8222;Pni\u00f3wek&#8221;,\u00a0przesy\u0142am\u00a0Informacj\u0119\u00a0dyrektora katowickiej CARITAS, ks. dra \u0141ukasza Stawarza o przesuni\u0119ciu terminu DNIA DOBRA na 08.05.2022 r.<\/p>\n","protected":false},"author":1,"featured_media":992,"comment_status":"open","ping_status":"open","sticky":false,"template":"","format":"standard","meta":{"footnotes":""},"categories":[3],"tags":[],"class_list":["post-1050","post","type-post","status-publish","format-standard","has-post-thumbnail","hentry","category-informacje"],"_links":{"self":[{"href":"http:\/\/parafiaswjadwigi.pl\/index.php\/wp-json\/wp\/v2\/posts\/1050","targetHints":{"allow":["GET"]}}],"collection":[{"href":"http:\/\/parafiaswjadwigi.pl\/index.php\/wp-json\/wp\/v2\/posts"}],"about":[{"href":"http:\/\/parafiaswjadwigi.pl\/index.php\/wp-json\/wp\/v2\/types\/post"}],"author":[{"embeddable":true,"href":"http:\/\/parafiaswjadwigi.pl\/index.php\/wp-json\/wp\/v2\/users\/1"}],"replies":[{"embeddable":true,"href":"http:\/\/parafiaswjadwigi.pl\/index.php\/wp-json\/wp\/v2\/comments?post=1050"}],"version-history":[{"count":1,"href":"http:\/\/parafiaswjadwigi.pl\/index.php\/wp-json\/wp\/v2\/posts\/1050\/revisions"}],"predecessor-version":[{"id":1052,"href":"http:\/\/parafiaswjadwigi.pl\/index.php\/wp-json\/wp\/v2\/posts\/1050\/revisions\/1052"}],"wp:featuredmedia":[{"embeddable":true,"href":"http:\/\/parafiaswjadwigi.pl\/index.php\/wp-json\/wp\/v2\/media\/992"}],"wp:attachment":[{"href":"http:\/\/parafiaswjadwigi.pl\/index.php\/wp-json\/wp\/v2\/media?parent=1050"}],"wp:term":[{"taxonomy":"category","embeddable":true,"href":"http:\/\/parafiaswjadwigi.pl\/index.php\/wp-json\/wp\/v2\/categories?post=1050"},{"taxonomy":"post_tag","embeddable":true,"href":"http:\/\/parafiaswjadwigi.pl\/index.php\/wp-json\/wp\/v2\/tags?post=1050"}],"curies":[{"name":"wp","href":"https:\/\/api.w.org\/{rel}","templated":true}]}}