{"id":1036,"date":"2022-04-24T08:51:57","date_gmt":"2022-04-24T06:51:57","guid":{"rendered":"https:\/\/parafiaswjadwigi.pl\/?p=1036"},"modified":"2022-05-01T01:06:58","modified_gmt":"2022-04-30T23:06:58","slug":"ogloszenia-od-24-04-2022-do-01-05-2022","status":"publish","type":"post","link":"http:\/\/parafiaswjadwigi.pl\/index.php\/2022\/04\/24\/ogloszenia-od-24-04-2022-do-01-05-2022\/","title":{"rendered":"Og\u0142oszenia od 24.04.2022 do 01.05.2022"},"content":{"rendered":"\n<p style=\"text-align: center;\"><span style=\"font-size: 28px; color: #000000;\"><u><b>PARAFIA RZYMSKOKATOLICKA<\/b><\/u><\/span><\/p>\n<p style=\"text-align: center;\"><span style=\"font-size: 24px; color: #000000;\"><b><span style=\"font-size: 28px;\"> \u015aw. Jadwigi \u015al\u0105skiej PSZCZYNA \u2013 STARA WIE\u015a<\/span> <\/b><\/span><\/p>\n<p style=\"text-align: center;\"><span style=\"color: #ff0000; font-size: 24px;\"> <i><b> II Niedziela Zmartwychwstania Pa\u0144skiego od 24.04. do 01.05.2022 r.<\/b><\/i><\/span><\/p>\n<p align=\"LEFT\"><span style=\"color: #ff0000; font-size: 20px;\"><span style=\"font-family: Arial, serif;\"><b>II NIEDZIELA WIELKANOCNA MI\u0141OSIERDZIA BO\u017bEGO \u2013 24.04.2022<\/b><\/span><\/span><\/p>\n<p align=\"LEFT\"><span style=\"color: #ff0000; font-size: 20px;\"> <span style=\"font-family: Arial, serif;\"><i>7.30 &#8211; Za + Stefani\u0119 Mrzyk we wspomnienie urodzin <\/i><\/span><\/span><\/p>\n<p align=\"LEFT\"><span style=\"color: #ff0000; font-size: 20px;\"> <span style=\"font-family: Arial, serif;\"><i>9.30 &#8211; Za + Mari\u0119 Studzie\u0144sk\u0105 w I rocznic\u0119 \u015bmierci<\/i><\/span><\/span><\/p>\n<p align=\"LEFT\"><span style=\"font-family: Arial, serif; font-size: 20px;\"><i><span style=\"color: #ff0000;\">11.00 &#8211; Za + siostr\u0119 Halin\u0119 Ziebura o dar \u017cycia wiecznego \u2013 od brata z rodzin\u0105<\/span><\/i><\/span><\/p>\n<p align=\"LEFT\"><span style=\"font-family: Arial, serif; font-size: 20px;\"><i><span style=\"color: #ff0000;\"><b>15.00 &#8211; Koronka do Bo\u017cego Mi\u0142osierdzia <\/b><\/span><\/i><\/span><\/p>\n<p align=\"JUSTIFY\"><span style=\"color: #000000; font-size: 20px;\"><span style=\"font-family: Arial, serif;\"><b>PONIEDZIA\u0141EK \u2013 25.04.2022 \u2013 \u015aWI\u0118TO \u015aw. MARKA, Ewangelisty<\/b><\/span><\/span><\/p>\n<p><span style=\"color: #000000; font-size: 20px;\"> <span style=\"font-family: Arial, serif;\">7.00 &#8211; Za + \u0141ucj\u0119 Matysik w 30 dzie\u0144 po \u015bmierci<\/span><\/span><\/p>\n<p><span style=\"color: #000000; font-size: 20px;\"><span style=\"font-family: Arial, serif;\"> <b>Procesja do Krzy\u017ca Misyjnego<\/b><\/span><\/span><\/p>\n<p align=\"JUSTIFY\"><span style=\"font-family: Arial, serif; font-size: 20px; color: #000000;\"><i><b>WTOREK \u2013 26.04.2022 \u2013 Uroczysto\u015b\u0107 \u015aw. WOJCIECHA, bpa i m\u0119czennika, g\u0142. patrona Polski<\/b><\/i><\/span><\/p>\n<p><span style=\"color: #000000; font-size: 20px;\"> <span style=\"font-family: Arial, serif;\">7.00 &#8211; Za + Jerzego Rudol \u2013 od Magdaleny i Romana Brusik, Joanny i \u0141ukasza J\u00f3zefowicz z rodzinami<\/span><\/span><\/p>\n<p align=\"JUSTIFY\"><span style=\"font-family: Arial, serif; font-size: 20px; color: #000000;\"><i><b>\u015aRODA \u2013 27.04.2022<\/b><\/i><\/span><\/p>\n<p align=\"JUSTIFY\"><span style=\"font-family: Arial, serif; font-size: 20px; color: #000000;\"><i>6.30 &#8211; <b>Nowenna do Matki Bo\u017cej Nieustaj\u0105cej Pomocy &#8211; godzinki<\/b> <\/i><\/span><\/p>\n<p><span style=\"color: #000000; font-size: 20px;\"> <span style=\"font-family: Arial, serif;\">7.00 &#8211; Za ++ Mieczys\u0142aw\u0119 i Edmunda Nowakowskich i ++ z rodziny<\/span><\/span><\/p>\n<p align=\"JUSTIFY\"><span style=\"font-family: Arial, serif; font-size: 20px; color: #000000;\"><i>16.00 &#8211; <b>Msza \u015aw. z udzielaniem Sakramentu Bierzmowania przez Ks. Arcybiskupa Adriana Galbasa<\/b><\/i><\/span><\/p>\n<p align=\"JUSTIFY\"><span style=\"font-family: Arial, serif; font-size: 20px; color: #000000;\"><i> 1\/ O dary i moc Ducha \u015awi\u0119tego dla przyjmuj\u0105cych Sakrament Bierzmowania<\/i><\/span><\/p>\n<p align=\"JUSTIFY\"><span style=\"font-family: Arial, serif; font-size: 20px; color: #000000;\"><i> 2\/ ZA PARAFIAN w intencji rodzic\u00f3w, rodze\u0144stwa i \u015bwiadk\u00f3w m\u0142odzie\u017cy bierzmowanej <\/i><\/span><\/p>\n<p align=\"JUSTIFY\"><span style=\"font-family: Arial, serif; font-size: 20px; color: #000000;\"><i><b>CZWARTEK \u2013 28.04.2022 <\/b><\/i><\/span><\/p>\n<p align=\"JUSTIFY\"><span style=\"font-family: Arial, serif; font-size: 20px; color: #000000;\"><i>18.00 &#8211; Za + Floriana Ska\u017anik o dar \u017cycia wiecznego<\/i><\/span><\/p>\n<p align=\"JUSTIFY\"><span style=\"font-family: Arial, serif; font-size: 20px; color: #000000;\"><i><b>PI\u0104TEK \u2013 29.04.2022 \u2013 \u015aWI\u0118TO \u015aw. KATARZYNY SIENE\u0143SKIEJ, dz. i dK patronki Europy<\/b><\/i><\/span><\/p>\n<p align=\"JUSTIFY\"><span style=\"font-family: Arial, serif; font-size: 20px; color: #000000;\"><i>18.00 &#8211; <b>Msza \u015bw. szkolna. <\/b>Za ++ rodzic\u00f3w Helen\u0119 i Jana Mo\u0144, ++ z rodziny Mo\u0144 i Du\u017cy<\/i><\/span><\/p>\n<p align=\"JUSTIFY\"><span style=\"font-family: Arial, serif; font-size: 20px; color: #000000;\"><i><b>SOBOTA \u2013 30.04.2022<\/b><\/i><\/span><\/p>\n<p><span style=\"color: #000000; font-size: 20px;\"><span style=\"font-family: Arial, serif;\">15.00 &#8211; Do Opatrzno\u015bci Bo\u017cej przez wstawiennictwo \u015aw. Jadwigi z podzi\u0119kowaniem za otrzymane \u0142aski, z pro\u015bb\u0105 o dalsze b\u0142ogos\u0142awie\u0144stwo Bo\u017ce i zdrowie w intencji Jerzego Wejster z okazji urodzin<\/span><\/span><\/p>\n<p><span style=\"color: #ff0000; font-size: 20px;\"><span style=\"font-family: Arial, serif;\"><b>16.<\/b>00 &#8211; <b>Msza \u015aw. z wigilii III Niedzieli Wielkanocnej. <\/b><span style=\"color: #000000;\">Za + Maksymiliana Goszyca , ++ jego rodzic\u00f3w i rodze\u0144stwo<\/span><\/span><\/span><\/p>\n<p align=\"LEFT\"><span style=\"color: #ff0000; font-size: 20px;\"><span style=\"font-family: Arial, serif;\"><b>III NIEDZIELA WIELKANOCNA \u2013 01.05.2022<\/b><\/span><\/span><\/p>\n<p align=\"LEFT\"><span style=\"color: #ff0000; font-size: 20px;\"> <span style=\"font-family: Arial, serif;\"><i>7.30<\/i><b> <\/b>&#8211;<b> <\/b>Za + Paw\u0142a Gruszka \u2013 od przyjaci\u00f3\u0142 Tomasza i Henryka <span style=\"color: #0000ff;\"><b>NABO\u017bE\u0143STWO MAJOWE <\/b><\/span><\/span><\/span><\/p>\n<p align=\"LEFT\"><span style=\"font-family: Arial, serif; font-size: 20px;\"><i><b> <\/b><span style=\"color: #000000;\"><b>Modlitwy Franciszka\u0144skiego Zakonu \u015awieckich<\/b><\/span><\/i><\/span><\/p>\n<p align=\"LEFT\"><span style=\"color: #ff0000; font-size: 20px;\"> <span style=\"font-family: Arial, serif;\"><i>9.30 &#8211; Za + Patrycj\u0119 \u015awierkot, ++ Ma\u0142gorzat\u0119 i Roberta Biela, \u0141ucj\u0119 i Alojzego Ry\u015b <\/i><span style=\"color: #0000ff;\"><b>NABO\u017bE\u0143STWO MAJOWE<\/b><\/span><\/span><\/span><\/p>\n<p align=\"LEFT\"><span style=\"font-family: Arial, serif; font-size: 20px;\"><i><span style=\"color: #ff0000;\">11.00 &#8211; Za + Jana Dud\u0119 w 30 dzie\u0144 po \u015bmierci <\/span><span style=\"color: #0000ff;\"><b>NABO\u017bE\u0143STWO MAJOWE<\/b><\/span><\/i><\/span><\/p>\n<p style=\"text-align: center;\"><span style=\"font-size: 28px;\"><u><b>PARAFIA RZYMSKOKATOLICKA<\/b><\/u><\/span><\/p>\n<p style=\"text-align: center;\"><span style=\"font-size: 28px;\"><b>\u015aw. Jadwigi<\/b> <b>\u015al. <\/b><i><b> <\/b><\/i><b>PSZCZYNA- STARA WIE\u015a<\/b><i><b> <\/b><\/i><b> <\/b><\/span><\/p>\n<p style=\"text-align: center;\"><span style=\"font-size: 28px;\"><b>Strona Internetowa Parafii: <\/b><span style=\"color: #ff0000;\"><b>www.parafiaswjadwigi.pl<\/b><\/span><b> <\/b><\/span><\/p>\n<p style=\"text-align: center;\"><span style=\"font-size: 28px;\"><span style=\"color: #000000;\"><i><u><b>Konto Parafii:<\/b><\/u><\/i><\/span> <span style=\"color: #000000;\"><b>z dopiskiem na cele kultu religijnego<\/b><\/span><\/span><\/p>\n<p style=\"text-align: center;\"><span style=\"font-size: 28px;\"><b>Bank Pekao S.A. 79 1240 1330 1111 0010 9381 2556<\/b><\/span><\/p>\n<p align=\"CENTER\"><span style=\"color: #ff0000; font-size: 24px;\"><span style=\"font-family: Arial, serif;\"><b>OG\u0141OSZENIA DUSZPASTERSKIE<\/b><\/span><\/span><\/p>\n<p align=\"CENTER\"><span style=\"color: #ff0000; font-size: 24px;\"><span style=\"font-family: Arial, serif;\"><b>II NIEDZIELA WIELKANOCNA \u2013 24.04.2022 <\/b><\/span><\/span><\/p>\n<p align=\"CENTER\"><span style=\"color: #00ff00; font-size: 24px;\"><span style=\"color: #ff0000;\"> \u201e\u2026 <span style=\"font-family: Arial, serif;\"><i><b>B\u0104D\u0179CIE MI\u0141OSIERNI ! \u2026\u201d.<\/b><\/i><\/span><\/span><\/span><\/p>\n<p style=\"text-align: right;\"><span style=\"font-size: 20px;\"> <span style=\"color: #ff0000;\"><span style=\"font-family: Arial, serif;\"><i><b>\u201ePan m\u00f3j i B\u00f3g m\u00f3j!&#8221; \u2013 wyznajemy, patrz\u0105c na zmartwychwsta\u0142ego Chrystusa wraz z aposto\u0142em Tomaszem. Jezus przygarnia ka\u017cdego z nas z wyrozumia\u0142o\u015bci\u0105 pomimo brak\u00f3w naszej wiary. Z ufno\u015bci\u0105 przyst\u0119pujemy do Niego w dzisiejsz\u0105 Niedziel\u0119 Mi\u0142osierdzia, nie przestaj\u0105c powtarza\u0107 z ca\u0142ym \u015bwiatem: \u201eJezu, ufam Tobie&#8221;. A na pocz\u0105tku tej Eucharystii przepro\u015bmy mi\u0142osiernego Boga za ka\u017cdy nasz grzech.<\/b><\/i><\/span><\/span><\/span><\/p>\n<p align=\"JUSTIFY\"><span style=\"color: #000000; font-size: 20px;\"><span style=\"font-family: Arial, serif;\">Kolekta dzisiejszej niedzieli przeznaczona jest na Caritas Archidiecezji. Przed ko\u015bcio\u0142em b\u0119d\u0105 zbierane ofiary na kwiaty i sprz\u0105tanie naszej \u015bwi\u0105tyni. B\u00f3g zap\u0142a\u0107 za sk\u0142adane ofiary.<\/span><\/span><\/p>\n<p align=\"JUSTIFY\"><span style=\"color: #000000; font-size: 20px;\"><span style=\"font-family: Arial, serif;\">Dzi\u015b w II Niedziel\u0119 Wielkanocn\u0105 oddajemy cze\u015b\u0107 Mi\u0142osierdziu Bo\u017cemu. O godzinie 15.00 zapraszam na Koronk\u0119 do Bo\u017cego Mi\u0142osierdzia w I rocznic\u0119 po\u015bwi\u0119cenia nowego Obrazu Jezusa Mi\u0142osiernego. <\/span><\/span><\/p>\n<p align=\"JUSTIFY\"><span style=\"color: #000000; font-size: 20px;\"><span style=\"font-family: Arial, serif;\">W poniedzia\u0142ek przypada \u015awi\u0119to \u015aw. Marka, Ewangelisty. W tym dniu modlimy si\u0119 o urodzaje i b\u0142ogos\u0142awie\u0144stwo Bo\u017ce w pracy. Po Mszy \u015aw. udamy si\u0119 w procesji z modlitw\u0105 do Krzy\u017ca Misyjnego.<\/span><\/span><\/p>\n<p align=\"JUSTIFY\"><span style=\"color: #000000; font-size: 20px;\"><span style=\"font-family: Arial, serif;\">We wtorek obchodzimy przeniesion\u0105 Uroczysto\u015b\u0107 \u015aw. Wojciecha, biskupa i m\u0119czennika, g\u0142\u00f3wnego patrona Polski. O godzinie 15.00 na parkingu przed ko\u015bcio\u0142em Mobilne Centrum Bada\u0144 organizuje badania: mia\u017cd\u017cycy t\u0119tnic, osteoporozy ko\u015bci, wydolno\u015bci p\u0142uc i oskrzeli. Badania zalecane po przej\u015bciu COVID 19.<\/span><\/span><\/p>\n<p align=\"JUSTIFY\"><span style=\"color: #000000; font-size: 20px;\"><span style=\"font-family: Arial, serif;\"><b>W \u015brod\u0119 o godzinie 16.00 Ks. Arcybiskup Adrian Galbas b\u0119dzie przewodniczy\u0142 Mszy \u015aw. podczas kt\u00f3rej udzieli Sakramentu Bierzmowania m\u0142odzie\u017cy w naszej parafii.<\/b> W zwi\u0105zku z Sakramentem Bierzmowania b\u0119dzie okazja do Spowiedzi \u015aw. dla kandydat\u00f3w do Bierzmowania, dla ich \u015bwiadk\u00f3w oraz rodzic\u00f3w. W dzisiejsz\u0105 niedziel\u0119 o godzinie 16.00 oraz w poniedzia\u0142ek i wtorek o godzinie 19.00.<\/span><\/span><\/p>\n<p align=\"JUSTIFY\"><span style=\"color: #000000; font-size: 20px;\"><span style=\"font-family: Arial, serif;\">W sobot\u0119 o godzinie 16.00 b\u0119dzie Msza \u015aw. z wigilii III Niedzieli Wielkanocnej.<\/span><\/span><\/p>\n<p align=\"JUSTIFY\"><span style=\"color: #000000; font-size: 20px;\"><span style=\"font-family: Arial, serif;\">Przysz\u0142\u0105 niedziel\u0119 b\u0119dziemy obchodzi\u0107 jako Niedziel\u0119 Biblijn\u0105, kt\u00f3ra rozpoczyna Og\u00f3lnopolski Tydzie\u0144 Biblijny. W przysz\u0142\u0105 niedziel\u0119 kolekta przeznaczona b\u0119dzie na nowe lampy o\u015bwietleniowe naszego cmentarza. Przed ko\u015bcio\u0142em na zako\u0144czenie Tygodnia Mi\u0142osierdzia Zesp\u00f3\u0142 Charytatywny b\u0119dzie zbiera\u0142 ofiary na pomoc dla Syrii i Ukrainy.<\/span><\/span><\/p>\n<p><span style=\"font-size: 20px; color: #000000;\">Zach\u0119cam do czytania Pisma \u015awi\u0119tego oraz prasy katolickiej. <span style=\"font-family: Arial, serif;\">Dzisiaj w \u201eGo\u015bciu Niedzielnym&#8221; znajdziemy ulotk\u0119 z tekstem Koronki do Mi\u0142osierdzia Bo\u017cego po polsku, ukrai\u0144sku i po rosyjsku. Mo\u017cna j\u0105 podarowa\u0107 uchod\u017acom, kt\u00f3rych go\u015bcimy, i razem modli\u0107 si\u0119 o pok\u00f3j na Ukrainie. Polecamy te\u017c rozmow\u0119 z abp. Grzegorzem Rysiem o tym, czy Pan B\u00f3g jest bardziej sprawiedliwy, czy mi\u0142osierny.<\/span><\/span><\/p>\n","protected":false},"excerpt":{"rendered":"<p>PARAFIA RZYMSKOKATOLICKA \u015aw. Jadwigi \u015al\u0105skiej PSZCZYNA \u2013 STARA WIE\u015a II Niedziela Zmartwychwstania Pa\u0144skiego od 24.04. do 01.05.2022 r. II NIEDZIELA WIELKANOCNA MI\u0141OSIERDZIA BO\u017bEGO \u2013 24.04.2022 7.30 &#8211; Za + Stefani\u0119 Mrzyk we wspomnienie urodzin 9.30 &#8211; Za + Mari\u0119 Studzie\u0144sk\u0105 w I rocznic\u0119 \u015bmierci 11.00 &#8211; Za + siostr\u0119 Halin\u0119 Ziebura o dar \u017cycia wiecznego [&hellip;]<\/p>\n","protected":false},"author":1,"featured_media":1035,"comment_status":"open","ping_status":"open","sticky":false,"template":"","format":"standard","meta":{"footnotes":""},"categories":[6],"tags":[],"class_list":["post-1036","post","type-post","status-publish","format-standard","has-post-thumbnail","hentry","category-ogloszenia"],"_links":{"self":[{"href":"http:\/\/parafiaswjadwigi.pl\/index.php\/wp-json\/wp\/v2\/posts\/1036","targetHints":{"allow":["GET"]}}],"collection":[{"href":"http:\/\/parafiaswjadwigi.pl\/index.php\/wp-json\/wp\/v2\/posts"}],"about":[{"href":"http:\/\/parafiaswjadwigi.pl\/index.php\/wp-json\/wp\/v2\/types\/post"}],"author":[{"embeddable":true,"href":"http:\/\/parafiaswjadwigi.pl\/index.php\/wp-json\/wp\/v2\/users\/1"}],"replies":[{"embeddable":true,"href":"http:\/\/parafiaswjadwigi.pl\/index.php\/wp-json\/wp\/v2\/comments?post=1036"}],"version-history":[{"count":3,"href":"http:\/\/parafiaswjadwigi.pl\/index.php\/wp-json\/wp\/v2\/posts\/1036\/revisions"}],"predecessor-version":[{"id":1039,"href":"http:\/\/parafiaswjadwigi.pl\/index.php\/wp-json\/wp\/v2\/posts\/1036\/revisions\/1039"}],"wp:featuredmedia":[{"embeddable":true,"href":"http:\/\/parafiaswjadwigi.pl\/index.php\/wp-json\/wp\/v2\/media\/1035"}],"wp:attachment":[{"href":"http:\/\/parafiaswjadwigi.pl\/index.php\/wp-json\/wp\/v2\/media?parent=1036"}],"wp:term":[{"taxonomy":"category","embeddable":true,"href":"http:\/\/parafiaswjadwigi.pl\/index.php\/wp-json\/wp\/v2\/categories?post=1036"},{"taxonomy":"post_tag","embeddable":true,"href":"http:\/\/parafiaswjadwigi.pl\/index.php\/wp-json\/wp\/v2\/tags?post=1036"}],"curies":[{"name":"wp","href":"https:\/\/api.w.org\/{rel}","templated":true}]}}